{"id":87247,"date":"2014-10-21T11:37:17","date_gmt":"2014-10-21T14:37:17","guid":{"rendered":"http:\/\/www.r2cpress.com.br\/v1\/?p=87247"},"modified":"2014-10-21T11:37:17","modified_gmt":"2014-10-21T14:37:17","slug":"samu-de-ilheus-promove-i-seminario-de-capacitacao","status":"publish","type":"post","link":"https:\/\/www.r2cpress.com.br\/v1\/2014\/10\/21\/samu-de-ilheus-promove-i-seminario-de-capacitacao\/","title":{"rendered":"Samu de Ilh\u00e9us promove I Semin\u00e1rio de Capacita\u00e7\u00e3o"},"content":{"rendered":"<p><em>O evento tem a finalidade de oferecer treinamento especializado para os funcion\u00e1rios do SAMU de Ilh\u00e9us e das regionais.<\/em><\/p>\n<p>O Samu 192 Regional Ilh\u00e9us\/Valen\u00e7a estar\u00e1 realizando nos pr\u00f3ximos dias 1 e 2 de novembro, o I Semin\u00e1rio de Capacita\u00e7\u00e3o com o tema \u201cPromovendo Mudan\u00e7as de Atitude\u201d. O objetivo \u00e9 oferecer treinamento especializado n\u00e3o s\u00f3 para todos os funcion\u00e1rios ilheenses como tamb\u00e9m de todas as regionais. O evento ser\u00e1 realizado no audit\u00f3rio da Faculdade Madre Tha\u00eds, localizado no Gabriela Center, Avenida Itabuna, e a abertura oficial acontecer\u00e1 no dia 31 de outubro, a partir das 19 horas.<\/p>\n<p>De acordo com a enfermeira do N\u00facleo de Educa\u00e7\u00e3o Permanente (NEP), Maria Clara Castro Alves de Mello, os dois dias de treinamento acontecer\u00e3o nas depend\u00eancias do SESI, sendo que no primeiro dia, as aulas pr\u00e1ticas e te\u00f3ricas ser\u00e3o realizadas das 7h30 \u00e0s 19h30, e no segundo, das 7h30 ao meio-dia. Todo o treinamento ser\u00e1 oferecido pelos pr\u00f3prios funcion\u00e1rios do Samu\/Ilh\u00e9us, envolvendo enfermeiros, t\u00e9cnicos em enfermagem, condutores de ocorr\u00eancias, entre outros.<\/p>\n<p>&#8212;<\/p>\n<p><strong>Secretaria de Comunica\u00e7\u00e3o Social (Secom)<\/strong><\/p>\n","protected":false},"excerpt":{"rendered":"<p>O evento tem a finalidade de oferecer treinamento especializado para os funcion\u00e1rios do SAMU de Ilh\u00e9us e das regionais. O Samu 192 Regional Ilh\u00e9us\/Valen\u00e7a estar\u00e1 realizando nos pr\u00f3ximos dias 1 e 2 de novembro, o I Semin\u00e1rio de Capacita\u00e7\u00e3o com o tema \u201cPromovendo Mudan\u00e7as de Atitude\u201d. O objetivo \u00e9 oferecer treinamento especializado n\u00e3o s\u00f3 para [&hellip;]<\/p>\n","protected":false},"author":2,"featured_media":0,"comment_status":"open","ping_status":"open","sticky":false,"template":"","format":"standard","meta":{"_links_to":"","_links_to_target":""},"categories":[23],"tags":[],"_links":{"self":[{"href":"https:\/\/www.r2cpress.com.br\/v1\/wp-json\/wp\/v2\/posts\/87247"}],"collection":[{"href":"https:\/\/www.r2cpress.com.br\/v1\/wp-json\/wp\/v2\/posts"}],"about":[{"href":"https:\/\/www.r2cpress.com.br\/v1\/wp-json\/wp\/v2\/types\/post"}],"author":[{"embeddable":true,"href":"https:\/\/www.r2cpress.com.br\/v1\/wp-json\/wp\/v2\/users\/2"}],"replies":[{"embeddable":true,"href":"https:\/\/www.r2cpress.com.br\/v1\/wp-json\/wp\/v2\/comments?post=87247"}],"version-history":[{"count":1,"href":"https:\/\/www.r2cpress.com.br\/v1\/wp-json\/wp\/v2\/posts\/87247\/revisions"}],"predecessor-version":[{"id":87248,"href":"https:\/\/www.r2cpress.com.br\/v1\/wp-json\/wp\/v2\/posts\/87247\/revisions\/87248"}],"wp:attachment":[{"href":"https:\/\/www.r2cpress.com.br\/v1\/wp-json\/wp\/v2\/media?parent=87247"}],"wp:term":[{"taxonomy":"category","embeddable":true,"href":"https:\/\/www.r2cpress.com.br\/v1\/wp-json\/wp\/v2\/categories?post=87247"},{"taxonomy":"post_tag","embeddable":true,"href":"https:\/\/www.r2cpress.com.br\/v1\/wp-json\/wp\/v2\/tags?post=87247"}],"curies":[{"name":"wp","href":"https:\/\/api.w.org\/{rel}","templated":true}]}}