{"id":87349,"date":"2014-10-23T08:47:08","date_gmt":"2014-10-23T11:47:08","guid":{"rendered":"http:\/\/www.r2cpress.com.br\/v1\/?p=87349"},"modified":"2014-10-23T08:47:08","modified_gmt":"2014-10-23T11:47:08","slug":"manifestacoes-culturais-de-ilheus-sao-tema-do-proximo-encontro-da-tradicao-oral","status":"publish","type":"post","link":"https:\/\/www.r2cpress.com.br\/v1\/2014\/10\/23\/manifestacoes-culturais-de-ilheus-sao-tema-do-proximo-encontro-da-tradicao-oral\/","title":{"rendered":"Manifesta\u00e7\u00f5es culturais de Ilh\u00e9us s\u00e3o tema do pr\u00f3ximo Encontro da Tradi\u00e7\u00e3o Oral"},"content":{"rendered":"<div style=\"color: #000000;\">\n<div id=\"attachment_87350\" style=\"width: 560px\" class=\"wp-caption aligncenter\"><a href=\"http:\/\/www.r2cpress.com.br\/v1\/wp-content\/uploads\/2014\/10\/roda-1-foto-Flavio-Rebou\u00e7as.jpg\"><img aria-describedby=\"caption-attachment-87350\" loading=\"lazy\" class=\"size-full wp-image-87350\" src=\"http:\/\/www.r2cpress.com.br\/v1\/wp-content\/uploads\/2014\/10\/roda-1-foto-Flavio-Rebou\u00e7as.jpg\" alt=\" Foto by Fl\u00e1vio Rebou\u00e7as\" width=\"550\" height=\"367\" srcset=\"https:\/\/www.r2cpress.com.br\/v1\/wp-content\/uploads\/2014\/10\/roda-1-foto-Flavio-Rebou\u00e7as.jpg 550w, https:\/\/www.r2cpress.com.br\/v1\/wp-content\/uploads\/2014\/10\/roda-1-foto-Flavio-Rebou\u00e7as-300x200.jpg 300w\" sizes=\"(max-width: 550px) 100vw, 550px\" \/><\/a><p id=\"caption-attachment-87350\" class=\"wp-caption-text\">Foto by Fl\u00e1vio Rebou\u00e7as<\/p><\/div>\n<\/div>\n<div style=\"color: #000000;\">Os Encontros da Tradi\u00e7\u00e3o Oral no Candombl\u00e9 Angola-Congo, realizados no terreiro Matamba Tombenci Neto, chegam \u00e0 4 \u00aa rodada discutindo &#8220;A M\u00fasica e as Manifesta\u00e7\u00f5es Culturais de Matriz Africana: O sagrado e o profano&#8221;.\u00a0Nesta edi\u00e7\u00e3o do encontro, que acontecer\u00e1 no dia 24 de outubro (sexta-feira) \u00e0s 18 horas, M\u00e3e Ilza Mukal\u00ea convida M\u00e3e Laura Sadoi\u00e1, a ialorix\u00e1\u00a0do terreiro Il\u00ea Ax\u00e9 Guani\u00e1 de Oi\u00e1.<\/div>\n<div style=\"color: #000000;\"><\/div>\n<div style=\"color: #000000;\">Com o tema, as duas m\u00e3es de santo, os estudantes do Curso de Forma\u00e7\u00e3o e Qualifica\u00e7\u00e3o de Agentes Culturais do Projeto MIM II e o p\u00fablico presente, tratar\u00e3o dos aspectos hist\u00f3ricos, sociais e religiososque permeiam as manifesta\u00e7\u00f5es culturais protagonizadas pelas comunidades negras e de terreiros em Ilh\u00e9us.<\/div>\n<div style=\"color: #000000;\"><\/div>\n<div style=\"color: #000000;\">\n<div>M\u00e3e Laura Sandoi\u00e1 \u00e9 respons\u00e1velatualmente\u00a0pelo festejo para Iemanj\u00e1, que acontece na praia da Maramata no dia 02 de fevereiro de cada ano. Nos festejos para Iemanj\u00e1 concilia-se as manifesta\u00e7\u00f5es religiosas e profanas, a exemplo da entrega de oferendas \u00e0 rainha das \u00e1guas e o samba de roda em pra\u00e7a p\u00fablica.<span id=\"ecxyui_3_16_0_1_1413933781347_10636\">\u00a0<\/span><\/div>\n<div><\/div>\n<div><\/div>\n<div>Os Encontros da Tradi\u00e7\u00e3o Oral acontecem todas as sextas-feiras durante os meses de outubro e novembro no terreiro Matamba Tombenci Neto, sempre envolvendo rodas de conversas com a participa\u00e7\u00e3o de M\u00e3e Ilza e convidados. O encontros s\u00e3o abertos ao p\u00fablico e ocorrem a partir das 18 horas.<\/div>\n<div><\/div>\n<div>A a\u00e7\u00e3o &#8220;Encontros da Tradi\u00e7\u00e3o Oral&#8221;, assim como o Curso de Forma\u00e7\u00e3o e Qualifica\u00e7\u00e3o de Agentes Culturais, fazem parte do projeto M\u00e3e Ilza Mukal\u00ea II: M\u00fasica, Identidade e Mem\u00f3ria, que, por sua vez, s\u00e3o realizados pela Organiza\u00e7\u00e3o Gongombira. O projeto conta com o apoio da UESC, Teatro Popular de Ilh\u00e9us, UNIRIO, Bloco Afrocultural Dilazenze e o apoio financeiro da Secretaria de Cultura da Bahia.<\/div>\n<div><\/div>\n<div><span style=\"color: #222222;\">Site do projeto MIM II:\u00a0<\/span><a style=\"color: #1155cc;\" href=\"http:\/\/maeilzamukale.blogspot.com.br\/\" target=\"_blank\">http:\/\/maeilzamukale.blogspot.<wbr><\/wbr>com.br\/<\/a><\/div>\n<\/div>\n","protected":false},"excerpt":{"rendered":"<p>Os Encontros da Tradi\u00e7\u00e3o Oral no Candombl\u00e9 Angola-Congo, realizados no terreiro Matamba Tombenci Neto, chegam \u00e0 4 \u00aa rodada discutindo &#8220;A M\u00fasica e as Manifesta\u00e7\u00f5es Culturais de Matriz Africana: O sagrado e o profano&#8221;.\u00a0Nesta edi\u00e7\u00e3o do encontro, que acontecer\u00e1 no dia 24 de outubro (sexta-feira) \u00e0s 18 horas, M\u00e3e Ilza Mukal\u00ea convida M\u00e3e Laura Sadoi\u00e1, [&hellip;]<\/p>\n","protected":false},"author":2,"featured_media":0,"comment_status":"open","ping_status":"open","sticky":false,"template":"","format":"standard","meta":{"_links_to":"","_links_to_target":""},"categories":[5],"tags":[],"_links":{"self":[{"href":"https:\/\/www.r2cpress.com.br\/v1\/wp-json\/wp\/v2\/posts\/87349"}],"collection":[{"href":"https:\/\/www.r2cpress.com.br\/v1\/wp-json\/wp\/v2\/posts"}],"about":[{"href":"https:\/\/www.r2cpress.com.br\/v1\/wp-json\/wp\/v2\/types\/post"}],"author":[{"embeddable":true,"href":"https:\/\/www.r2cpress.com.br\/v1\/wp-json\/wp\/v2\/users\/2"}],"replies":[{"embeddable":true,"href":"https:\/\/www.r2cpress.com.br\/v1\/wp-json\/wp\/v2\/comments?post=87349"}],"version-history":[{"count":1,"href":"https:\/\/www.r2cpress.com.br\/v1\/wp-json\/wp\/v2\/posts\/87349\/revisions"}],"predecessor-version":[{"id":87351,"href":"https:\/\/www.r2cpress.com.br\/v1\/wp-json\/wp\/v2\/posts\/87349\/revisions\/87351"}],"wp:attachment":[{"href":"https:\/\/www.r2cpress.com.br\/v1\/wp-json\/wp\/v2\/media?parent=87349"}],"wp:term":[{"taxonomy":"category","embeddable":true,"href":"https:\/\/www.r2cpress.com.br\/v1\/wp-json\/wp\/v2\/categories?post=87349"},{"taxonomy":"post_tag","embeddable":true,"href":"https:\/\/www.r2cpress.com.br\/v1\/wp-json\/wp\/v2\/tags?post=87349"}],"curies":[{"name":"wp","href":"https:\/\/api.w.org\/{rel}","templated":true}]}}