{"id":87413,"date":"2014-10-23T18:25:41","date_gmt":"2014-10-23T21:25:41","guid":{"rendered":"http:\/\/www.r2cpress.com.br\/v1\/?p=87413"},"modified":"2014-10-23T18:29:15","modified_gmt":"2014-10-23T21:29:15","slug":"nota-de-falecimento-71","status":"publish","type":"post","link":"https:\/\/www.r2cpress.com.br\/v1\/2014\/10\/23\/nota-de-falecimento-71\/","title":{"rendered":"Nota de Falecimento"},"content":{"rendered":"<div id=\"attachment_87414\" style=\"width: 170px\" class=\"wp-caption alignright\"><a href=\"http:\/\/www.r2cpress.com.br\/v1\/wp-content\/uploads\/2014\/10\/pres_antonio_lino.jpg\"><img aria-describedby=\"caption-attachment-87414\" loading=\"lazy\" class=\" wp-image-87414\" src=\"http:\/\/www.r2cpress.com.br\/v1\/wp-content\/uploads\/2014\/10\/pres_antonio_lino.jpg\" alt=\"Antonio Lino.\" width=\"160\" height=\"200\" \/><\/a><p id=\"caption-attachment-87414\" class=\"wp-caption-text\">Antonio Lino.<\/p><\/div>\n<p>Informamos, com profundo pesar, o falecimento do amigo\/Irm\u00e3o Antonio Lino.<\/p>\n<p>Comerciante antigo na cidade de Ilh\u00e9us (A J\u00f3ia de Ilh\u00e9us), foi fundador da CDL, presidiu a entidade, dirigiu a Associa\u00e7\u00e3o Comercial de Ilh\u00e9us, vice-Consul de Portugal, enfim, uma figura antenada e\u00a0com destacada atua\u00e7\u00e3o na cidade de Ilh\u00e9us. Pai de fam\u00edlia exemplar.<\/p>\n<p><span style=\"text-decoration: underline;\"><strong>O vel\u00f3rio acontecer\u00e1 na Loja Ma\u00e7\u00f4nica Regenera\u00e7\u00e3o Sul Bahiana a partir das 23 horas.<\/strong><\/span><\/p>\n<p>Quando definido o\u00a0hor\u00e1rio do sepultamento estaremos informando.<\/p>\n<p>Lament\u00e1vel.<\/p>\n<p>Rabat.&#8217;.<\/p>\n","protected":false},"excerpt":{"rendered":"<p>Informamos, com profundo pesar, o falecimento do amigo\/Irm\u00e3o Antonio Lino. Comerciante antigo na cidade de Ilh\u00e9us (A J\u00f3ia de Ilh\u00e9us), foi fundador da CDL, presidiu a entidade, dirigiu a Associa\u00e7\u00e3o Comercial de Ilh\u00e9us, vice-Consul de Portugal, enfim, uma figura antenada e\u00a0com destacada atua\u00e7\u00e3o na cidade de Ilh\u00e9us. Pai de fam\u00edlia exemplar. O vel\u00f3rio acontecer\u00e1 na [&hellip;]<\/p>\n","protected":false},"author":2,"featured_media":0,"comment_status":"open","ping_status":"open","sticky":false,"template":"","format":"standard","meta":{"_links_to":"","_links_to_target":""},"categories":[21],"tags":[],"_links":{"self":[{"href":"https:\/\/www.r2cpress.com.br\/v1\/wp-json\/wp\/v2\/posts\/87413"}],"collection":[{"href":"https:\/\/www.r2cpress.com.br\/v1\/wp-json\/wp\/v2\/posts"}],"about":[{"href":"https:\/\/www.r2cpress.com.br\/v1\/wp-json\/wp\/v2\/types\/post"}],"author":[{"embeddable":true,"href":"https:\/\/www.r2cpress.com.br\/v1\/wp-json\/wp\/v2\/users\/2"}],"replies":[{"embeddable":true,"href":"https:\/\/www.r2cpress.com.br\/v1\/wp-json\/wp\/v2\/comments?post=87413"}],"version-history":[{"count":3,"href":"https:\/\/www.r2cpress.com.br\/v1\/wp-json\/wp\/v2\/posts\/87413\/revisions"}],"predecessor-version":[{"id":87417,"href":"https:\/\/www.r2cpress.com.br\/v1\/wp-json\/wp\/v2\/posts\/87413\/revisions\/87417"}],"wp:attachment":[{"href":"https:\/\/www.r2cpress.com.br\/v1\/wp-json\/wp\/v2\/media?parent=87413"}],"wp:term":[{"taxonomy":"category","embeddable":true,"href":"https:\/\/www.r2cpress.com.br\/v1\/wp-json\/wp\/v2\/categories?post=87413"},{"taxonomy":"post_tag","embeddable":true,"href":"https:\/\/www.r2cpress.com.br\/v1\/wp-json\/wp\/v2\/tags?post=87413"}],"curies":[{"name":"wp","href":"https:\/\/api.w.org\/{rel}","templated":true}]}}