{"id":87541,"date":"2014-10-27T18:23:12","date_gmt":"2014-10-27T21:23:12","guid":{"rendered":"http:\/\/www.r2cpress.com.br\/v1\/?p=87541"},"modified":"2014-10-27T18:23:12","modified_gmt":"2014-10-27T21:23:12","slug":"luiz-castro-em-decolores-163","status":"publish","type":"post","link":"https:\/\/www.r2cpress.com.br\/v1\/2014\/10\/27\/luiz-castro-em-decolores-163\/","title":{"rendered":"Luiz Castro em: DECOLORES"},"content":{"rendered":"<h2 style=\"text-align: center;\"><img loading=\"lazy\" class=\"alignleft\" src=\"http:\/\/www.r2cpress.com.br\/v1\/wp-content\/uploads\/luiz-castro_novo-emaIL.jpg\" alt=\"\" width=\"300\" height=\"118\" \/><strong>TUDO PASSA<\/strong><\/h2>\n<p>Tive o privil\u00e9gio de ser amigo, compadre e irm\u00e3o em Cristo do saudoso Luiz Carlos Malaguti, que faleceu precocemente deixando um legado de amizade, lealdade e espiritualidade. Ap\u00f3s a sua convers\u00e3o ao cristianismo atrav\u00e9s do Movimento de Cursilhos de Cristandade, ele deixou escrito uma mensagem que servira para sempre de uma profunda reflex\u00e3o:<\/p>\n<p style=\"text-align: justify;\">\u201cA nossa vida \u00e9 apenas uma passagem ef\u00eamera no tempo e no espa\u00e7o.<\/p>\n<p style=\"text-align: justify;\">N\u00e3o somos donos de nada, tudo pertence a cria\u00e7\u00e3o de Deus, \u00e0 \u00a0natureza.<\/p>\n<p style=\"text-align: justify;\">Estamos aqui s\u00f3 de passagem. O aqui e agora \u00e9 apenas uma pousada. Para que nos preocuparmos com o que passou e com o que vir\u00e1? Qu\u00e3o grande import\u00e2ncia damos \u00e0s coisas pequenas e que nada representa pra gente. Por que nos aborrecemos com as futilidades da vida, com as coisas que n\u00e3o d\u00e3o certo? Por que nos preocuparmos tanto com aquilo que n\u00e3o conseguimos obter? Por que as frusta\u00e7\u00f5es, os complexos? Por que n\u00e3o assumimos uma atitude de relativa indiferen\u00e7a diante das coisas passageiras e perec\u00edveis?<\/p>\n<p style=\"text-align: justify;\">Por que nos aborrecemos com isso ou aquilo que n\u00e3o deu certo? Por que, por que de tudo isso?\u201d<\/p>\n<p style=\"text-align: justify;\">O poeta cantor e compositor Lulu Santos em sua m\u00fasica Como uma onda diz: \u00a0\u201cNada de que foi ser\u00e1\/ De novo do jeito que j\u00e1 foi um dia\/ Tudo passa\/ Tudo sempre passar\u00e1\u201d.<\/p>\n<p style=\"text-align: justify;\">A prop\u00f3sito do tema apresentamos a historia abaixo:<\/p>\n<p style=\"text-align: justify;\"><!--more--><\/p>\n<p style=\"text-align: justify;\">Um certo rei bondoso que j\u00e1 se encontrava no fim de sua <a href=\"http:\/\/www.mensagensdamanha.com\/2007\/11\/tudo-passa.html\">vida<\/a>.<br \/>\nCerto dia pressentindo a chegada da morte chamou seu <a href=\"http:\/\/www.mensagensdamanha.com\/2007\/11\/tudo-passa.html\">\u00fanico<\/a> filho , tirou do dedo um anel e disse:<br \/>\n&#8211; Meu <a href=\"http:\/\/www.mensagensdamanha.com\/2007\/11\/tudo-passa.html\">filho<\/a>, quando for rei leva sempre contigo este anel. Nele h\u00e1 uma inscri\u00e7\u00e3o, quando estiveres vivendo situa\u00e7\u00f5es extremas, de gl\u00f3ria ou de dor, tira e l\u00ea o que h\u00e1 nele\u201d.<br \/>\nO rei morreu e o seu filho passou a reinar em seu lugar sempre usando o anel que o pai deixara. Passado algum tempo surgiram conflitos com um reino vizinho que acabaram culminando numa terr\u00edvel guerra.<br \/>\nO <a href=\"http:\/\/www.mensagensdamanha.com\/2007\/11\/tudo-passa.html\">jovem<\/a> rei, a frente de seu ex\u00e9rcito, partiu para enfrentar o inimigo.<br \/>\nNo auge da batalha seus companheiros lutavam bravamente, mortos, feridos, tristeza, dor.<br \/>\nO rei lembra-se do anel, tira-o e l\u00ea a inscri\u00e7\u00e3o: &#8220;Isso vai passar!&#8221;<br \/>\nE ele continuou a luta, perdeu algumas batalhas, vence outras, mas ao final saiu vitorioso.<br \/>\nRetorna ent\u00e3o ao seu reino e coberto de gl\u00f3ria entra em triunfo na cidade. O povo o aclama.<br \/>\nFazem dele um grande her\u00f3i.<br \/>\nNeste momento ele se lembra de seu velho e s\u00e1bio pai, tira o anel e l\u00ea: &#8220;Isso vai passar!&#8221;<br \/>\nTodas as coisas na terra passam, os dias de dificuldades passar\u00e3o, passar\u00e3o tamb\u00e9m os dias de amargura e solid\u00e3o, as dores, as l\u00e1grimas, as frustra\u00e7\u00f5es que nos fazem chorar, um dia tudo isso passar\u00e1.<br \/>\nOs dias de gl\u00f3ria, de triunfo em que nos julgamos maiores e melhores do que os outros, igualmente passar\u00e3o.<br \/>\nEssa vaidade interna que nos faz sentir como o centro do universo um dia passar\u00e1.<br \/>\nDias de tristeza, dias de felicidade s\u00e3o li\u00e7\u00f5es necess\u00e1rias que deixam em nosso cora\u00e7\u00e3o as experi\u00eancias acumuladas.<br \/>\nSe hoje para voc\u00ea \u00e9 um dia desses repletos de amargura pare por um instante.<br \/>\nCom o cora\u00e7\u00e3o entregue a Deus ou\u00e7a Ele te dizer:<br \/>\n-&#8220;Isso tamb\u00e9m passar\u00e1! Porque Tudo concorre para o bem daqueles que amam a Deus&#8221;.<\/p>\n<p style=\"text-align: center;\">\u00a0Colabora\u00e7\u00e3o de Luiz Castro<\/p>\n<p style=\"text-align: center;\">Bacharel Administra\u00e7\u00e3o de Empresa<\/p>\n<p style=\"text-align: justify;\">Mensagens da Manh\u00e3:<\/p>\n<p>http:\/\/www.mensagensdamanha.com\/2007\/11\/tudo-passa.html<\/p>\n","protected":false},"excerpt":{"rendered":"<p>TUDO PASSA Tive o privil\u00e9gio de ser amigo, compadre e irm\u00e3o em Cristo do saudoso Luiz Carlos Malaguti, que faleceu precocemente deixando um legado de amizade, lealdade e espiritualidade. Ap\u00f3s a sua convers\u00e3o ao cristianismo atrav\u00e9s do Movimento de Cursilhos de Cristandade, ele deixou escrito uma mensagem que servira para sempre de uma profunda reflex\u00e3o: [&hellip;]<\/p>\n","protected":false},"author":2,"featured_media":0,"comment_status":"open","ping_status":"open","sticky":false,"template":"","format":"standard","meta":{"_links_to":"","_links_to_target":""},"categories":[10],"tags":[],"_links":{"self":[{"href":"https:\/\/www.r2cpress.com.br\/v1\/wp-json\/wp\/v2\/posts\/87541"}],"collection":[{"href":"https:\/\/www.r2cpress.com.br\/v1\/wp-json\/wp\/v2\/posts"}],"about":[{"href":"https:\/\/www.r2cpress.com.br\/v1\/wp-json\/wp\/v2\/types\/post"}],"author":[{"embeddable":true,"href":"https:\/\/www.r2cpress.com.br\/v1\/wp-json\/wp\/v2\/users\/2"}],"replies":[{"embeddable":true,"href":"https:\/\/www.r2cpress.com.br\/v1\/wp-json\/wp\/v2\/comments?post=87541"}],"version-history":[{"count":7,"href":"https:\/\/www.r2cpress.com.br\/v1\/wp-json\/wp\/v2\/posts\/87541\/revisions"}],"predecessor-version":[{"id":87548,"href":"https:\/\/www.r2cpress.com.br\/v1\/wp-json\/wp\/v2\/posts\/87541\/revisions\/87548"}],"wp:attachment":[{"href":"https:\/\/www.r2cpress.com.br\/v1\/wp-json\/wp\/v2\/media?parent=87541"}],"wp:term":[{"taxonomy":"category","embeddable":true,"href":"https:\/\/www.r2cpress.com.br\/v1\/wp-json\/wp\/v2\/categories?post=87541"},{"taxonomy":"post_tag","embeddable":true,"href":"https:\/\/www.r2cpress.com.br\/v1\/wp-json\/wp\/v2\/tags?post=87541"}],"curies":[{"name":"wp","href":"https:\/\/api.w.org\/{rel}","templated":true}]}}