{"id":87682,"date":"2014-10-29T19:47:59","date_gmt":"2014-10-29T22:47:59","guid":{"rendered":"http:\/\/www.r2cpress.com.br\/v1\/?p=87682"},"modified":"2014-10-29T19:47:59","modified_gmt":"2014-10-29T22:47:59","slug":"no-empurra-empurra-quem-se-lasca-e-o-povo","status":"publish","type":"post","link":"https:\/\/www.r2cpress.com.br\/v1\/2014\/10\/29\/no-empurra-empurra-quem-se-lasca-e-o-povo\/","title":{"rendered":"NO EMPURRA-EMPURRA QUEM SE &#8216;LASCA&#8217; \u00c9 O POVO"},"content":{"rendered":"<p>Descobriram a melhor maneira de <strong>N\u00c3O FAZER<\/strong> o que se espera que fa\u00e7am: inventaram uma tal de  responsabilidade INDIVIDUALIZADA e a\u00ed foi que lascou com as esperan\u00e7as do povo. \u00c9 bom lembrar que \u00e9 o mesmo povo que, anualmente, recebe uma bem bolada campanha publicit\u00e1ria que s\u00f3 falta de dizer que v\u00e3o tapar, tamb\u00e9m, os buracos\/crateras da LUA. Enquanto isso a coisa fica ao DEUS dar\u00e1.<br \/>\nSabia que tem gente que quando percebe esse jogo de empurra-empurra deixa pra l\u00e1 porque v\u00ea a sacanagem que fazem com a cidade?<br \/>\nAqui na rua mesmo tem um comerciante (j\u00e1 mostramos) que abre o dia com a vassoura na m\u00e3o. Agora \u00e9 a vez do povo que mora e ou usa a ladeira do Caf\u00e9. Vale lembrar que um dos mais antigos col\u00e9gios da cidade est\u00e1 l\u00e1 em cima: PIEDADE. Ah! tem turistas que fazem quest\u00e3o de fotografar o Convento, Col\u00e9gio, enfim, aquela beleza de lugar que aos poucos vai se transformando num grande desafio chegar pela rua do Caf\u00e9. N\u00e3o vou falar da subida pela baixa fria pro turista\/morador\/estudantes n\u00e3o dan\u00e7ar na mira dos assaltantes&#8230;<\/p>\n<p><center> <div style=\"width: 522px\" class=\"wp-caption aligncenter\"><img loading=\"lazy\" src=\"https:\/\/lh6.googleusercontent.com\/-buZnRUil_y8\/VFFrJhl2qxI\/AAAAAAABfy0\/1eb4llk6KwU\/s512\/CAPA%2520R2CPRESS.jpg\" width=\"512\" height=\"512\" class \/><p class=\"wp-caption-text\">RUA (LADEIRA) DO CAF\u00c9.<\/p><\/div>  <\/center><\/p>\n","protected":false},"excerpt":{"rendered":"<p>Descobriram a melhor maneira de N\u00c3O FAZER o que se espera que fa\u00e7am: inventaram uma tal de responsabilidade INDIVIDUALIZADA e a\u00ed foi que lascou com as esperan\u00e7as do povo. \u00c9 bom lembrar que \u00e9 o mesmo povo que, anualmente, recebe uma bem bolada campanha publicit\u00e1ria que s\u00f3 falta de dizer que v\u00e3o tapar, tamb\u00e9m, os [&hellip;]<\/p>\n","protected":false},"author":2,"featured_media":0,"comment_status":"open","ping_status":"open","sticky":false,"template":"","format":"standard","meta":{"_links_to":"","_links_to_target":""},"categories":[10],"tags":[],"_links":{"self":[{"href":"https:\/\/www.r2cpress.com.br\/v1\/wp-json\/wp\/v2\/posts\/87682"}],"collection":[{"href":"https:\/\/www.r2cpress.com.br\/v1\/wp-json\/wp\/v2\/posts"}],"about":[{"href":"https:\/\/www.r2cpress.com.br\/v1\/wp-json\/wp\/v2\/types\/post"}],"author":[{"embeddable":true,"href":"https:\/\/www.r2cpress.com.br\/v1\/wp-json\/wp\/v2\/users\/2"}],"replies":[{"embeddable":true,"href":"https:\/\/www.r2cpress.com.br\/v1\/wp-json\/wp\/v2\/comments?post=87682"}],"version-history":[{"count":3,"href":"https:\/\/www.r2cpress.com.br\/v1\/wp-json\/wp\/v2\/posts\/87682\/revisions"}],"predecessor-version":[{"id":87685,"href":"https:\/\/www.r2cpress.com.br\/v1\/wp-json\/wp\/v2\/posts\/87682\/revisions\/87685"}],"wp:attachment":[{"href":"https:\/\/www.r2cpress.com.br\/v1\/wp-json\/wp\/v2\/media?parent=87682"}],"wp:term":[{"taxonomy":"category","embeddable":true,"href":"https:\/\/www.r2cpress.com.br\/v1\/wp-json\/wp\/v2\/categories?post=87682"},{"taxonomy":"post_tag","embeddable":true,"href":"https:\/\/www.r2cpress.com.br\/v1\/wp-json\/wp\/v2\/tags?post=87682"}],"curies":[{"name":"wp","href":"https:\/\/api.w.org\/{rel}","templated":true}]}}