{"id":8781,"date":"2011-02-16T17:58:15","date_gmt":"2011-02-16T20:58:15","guid":{"rendered":"http:\/\/www.r2cpress.com.br\/v1\/?p=8781"},"modified":"2011-02-16T17:58:15","modified_gmt":"2011-02-16T20:58:15","slug":"deputada-volta-a-cobrar-agilidade-em-obra-do-dpt","status":"publish","type":"post","link":"https:\/\/www.r2cpress.com.br\/v1\/2011\/02\/16\/deputada-volta-a-cobrar-agilidade-em-obra-do-dpt\/","title":{"rendered":"Deputada volta a cobrar agilidade em obra do DPT"},"content":{"rendered":"<p><a href=\"http:\/\/www.r2cpress.com.br\/v1\/wp-content\/uploads\/angela-dpt.jpeg\"><img loading=\"lazy\" src=\"http:\/\/www.r2cpress.com.br\/v1\/wp-content\/uploads\/angela-dpt.jpeg\" alt=\"\" title=\"angela dpt\" width=\"221\" height=\"166\" class=\"alignleft size-full wp-image-8782\" \/><\/a>A deputada estadual \u00c2ngela Sousa (PSC) reuniu-se na manh\u00e3 desta quarta-feira, 16, com o novo delegado-chefe da Pol\u00edcia Civil da Bahia, H\u00e9lio Jorge Paix\u00e3o, aproveitando a oportunidade para reiterar a cobran\u00e7a pela retomada das obras do novo Departamento de Pol\u00edcia T\u00e9cnica de Ilh\u00e9us. A execu\u00e7\u00e3o do projeto est\u00e1 paralisada h\u00e1 mais de um ano, o que gera preju\u00edzos para o trabalho da 7\u00aa Corpin e transtorno para familiares de v\u00edtimas de morte violenta, cuja necropsia tem que ser feita no DPT de Itabuna.<\/p>\n<p>\u00c2ngela Sousa tamb\u00e9m lembrou ao delegado-chefe que o pr\u00f3prio DPT de Itabuna sofre com a limita\u00e7\u00e3o de suas instala\u00e7\u00f5es e funciona com bastante precariedade. A recupera\u00e7\u00e3o dessa estrutura tamb\u00e9m foi alvo de indica\u00e7\u00e3o da parlamentar, em seu primeiro mandato, assim como a constru\u00e7\u00e3o do novo DPT de Ilh\u00e9us.<\/p>\n<p>A audi\u00eancia contou ainda com a participa\u00e7\u00e3o do novo coordenador do Departamento de Pol\u00edcia do Interior (Depin), Edenir Cerqueira. Ele se comprometeu a cuidar pessoalmente da situa\u00e7\u00e3o dos DPTs de Ilh\u00e9us e Itabuna.<\/p>\n","protected":false},"excerpt":{"rendered":"<p>A deputada estadual \u00c2ngela Sousa (PSC) reuniu-se na manh\u00e3 desta quarta-feira, 16, com o novo delegado-chefe da Pol\u00edcia Civil da Bahia, H\u00e9lio Jorge Paix\u00e3o, aproveitando a oportunidade para reiterar a cobran\u00e7a pela retomada das obras do novo Departamento de Pol\u00edcia T\u00e9cnica de Ilh\u00e9us. A execu\u00e7\u00e3o do projeto est\u00e1 paralisada h\u00e1 mais de um ano, o [&hellip;]<\/p>\n","protected":false},"author":2,"featured_media":0,"comment_status":"open","ping_status":"open","sticky":false,"template":"","format":"standard","meta":{"_links_to":"","_links_to_target":""},"categories":[22],"tags":[],"_links":{"self":[{"href":"https:\/\/www.r2cpress.com.br\/v1\/wp-json\/wp\/v2\/posts\/8781"}],"collection":[{"href":"https:\/\/www.r2cpress.com.br\/v1\/wp-json\/wp\/v2\/posts"}],"about":[{"href":"https:\/\/www.r2cpress.com.br\/v1\/wp-json\/wp\/v2\/types\/post"}],"author":[{"embeddable":true,"href":"https:\/\/www.r2cpress.com.br\/v1\/wp-json\/wp\/v2\/users\/2"}],"replies":[{"embeddable":true,"href":"https:\/\/www.r2cpress.com.br\/v1\/wp-json\/wp\/v2\/comments?post=8781"}],"version-history":[{"count":2,"href":"https:\/\/www.r2cpress.com.br\/v1\/wp-json\/wp\/v2\/posts\/8781\/revisions"}],"predecessor-version":[{"id":8784,"href":"https:\/\/www.r2cpress.com.br\/v1\/wp-json\/wp\/v2\/posts\/8781\/revisions\/8784"}],"wp:attachment":[{"href":"https:\/\/www.r2cpress.com.br\/v1\/wp-json\/wp\/v2\/media?parent=8781"}],"wp:term":[{"taxonomy":"category","embeddable":true,"href":"https:\/\/www.r2cpress.com.br\/v1\/wp-json\/wp\/v2\/categories?post=8781"},{"taxonomy":"post_tag","embeddable":true,"href":"https:\/\/www.r2cpress.com.br\/v1\/wp-json\/wp\/v2\/tags?post=8781"}],"curies":[{"name":"wp","href":"https:\/\/api.w.org\/{rel}","templated":true}]}}