{"id":8789,"date":"2011-02-16T21:34:06","date_gmt":"2011-02-17T00:34:06","guid":{"rendered":"http:\/\/www.r2cpress.com.br\/v1\/?p=8789"},"modified":"2011-02-16T21:34:06","modified_gmt":"2011-02-17T00:34:06","slug":"prefeitura-municipal-de-ilheus-74","status":"publish","type":"post","link":"https:\/\/www.r2cpress.com.br\/v1\/2011\/02\/16\/prefeitura-municipal-de-ilheus-74\/","title":{"rendered":"Prefeitura Municipal de Ilh\u00e9us"},"content":{"rendered":"<p><div id=\"attachment_8790\" style=\"width: 310px\" class=\"wp-caption alignnone\"><a href=\"http:\/\/www.r2cpress.com.br\/v1\/wp-content\/uploads\/PMI-16-02-2011.jpg\"><img aria-describedby=\"caption-attachment-8790\" loading=\"lazy\" src=\"http:\/\/www.r2cpress.com.br\/v1\/wp-content\/uploads\/PMI-16-02-2011-300x288.jpg\" alt=\"\" title=\"PMI 16 02 2011\" width=\"300\" height=\"288\" class=\"size-medium wp-image-8790\" srcset=\"https:\/\/www.r2cpress.com.br\/v1\/wp-content\/uploads\/PMI-16-02-2011-300x288.jpg 300w, https:\/\/www.r2cpress.com.br\/v1\/wp-content\/uploads\/PMI-16-02-2011.jpg 750w\" sizes=\"(max-width: 300px) 100vw, 300px\" \/><\/a><p id=\"caption-attachment-8790\" class=\"wp-caption-text\">A\u00c7\u00d5ES DA PREFEITURA DE ILH\u00c9US<\/p><\/div><br \/>\nNewton Lima participa da abertura dos trabalhos na C\u00e2mara de Vereadores<br \/>\nObras de infraestrutura nos morros de Ilh\u00e9us melhoram a vida da comunidade<br \/>\n  Medidas visam desenvolvimento  da Assist\u00eancia Farmac\u00eautica<br \/>\nJovens atendidos pelo Creas participam de curso de instalador hidrosanit\u00e1rio<\/p>\n<p><!--more--><\/p>\n<p>***<\/p>\n<p><strong>Newton Lima participa da abertura dos trabalhos na C\u00e2mara de Vereadores <\/strong><\/p>\n<p>Acompanhado pelo secretariado municipal, o prefeito de Ilh\u00e9us, Newton Lima, participou, na tarde desta ter\u00e7a (15), da abertura oficial dos trabalhos legislativos referentes ao ano de 2011 da C\u00e2mara de Vereadores. Em seu pronunciamento, Lima destacou avan\u00e7os em todas as \u00e1reas, lembrou as dificuldades financeiras que continuam a assolar os munic\u00edpios e parabenizou o trabalho que vem sendo desenvolvido pelo presidente da Casa, o vereador Edvaldo Nascimento de Souza.<\/p>\n<p>A chegada de grandes empreendimentos em 2010, como o Atacad\u00e3o Carrefour, do Makro e um crescimento bastante acelerado da constru\u00e7\u00e3o de pr\u00e9dios residenciais tamb\u00e9m foram lembrados por Newton Lima durante seu pronunciamento. \u201cSem falar do projeto do Complexo Intermodal, que, com toda a certeza tra\u00e7ar\u00e1 um novo perfil para enfrentarmos a combalidade econ\u00f4mica de Ilh\u00e9us e de demais munic\u00edpios circunvizinhos\u201d, ressaltou. <\/p>\n<p>Avan\u00e7os &#8211; Nas \u00e1reas de administra\u00e7\u00e3o e Fazenda, o prefeito de Ilh\u00e9us frisou que o governo municipal tem buscado a amplia\u00e7\u00e3o do atendimento das demandas dos servidores, \u201csem perder de vista os limites legais de responsabilidade fiscal\u201d. Tamb\u00e9m foram citadas a cria\u00e7\u00e3o de uma comiss\u00e3o especial de avalia\u00e7\u00e3o do desempenho dos servidores e a realiza\u00e7\u00e3o do concurso p\u00fablico, visando atender \u00e0 demanda existente. Na Educa\u00e7\u00e3o, Newton Lima falou sobre a melhoria do espa\u00e7o f\u00edsico da secretaria, a total informatiza\u00e7\u00e3o do Sistema Seduc e do processo de matr\u00edculas, al\u00e9m da implanta\u00e7\u00e3o dos laborat\u00f3rios do Proinfo e de internet banda larga. \u201cOutro ponto importante nesta \u00e1rea \u00e9 a manuten\u00e7\u00e3o do cronograma de reformas e melhorias das unidades escolares\u201d.<\/p>\n<p>Ainda sobre os avan\u00e7os nas diversas \u00e1reas de compet\u00eancia do governo municipal, Newton Lima ressaltou, na Secretaria da Sa\u00fade, a contrata\u00e7\u00e3o de novos profissionais, a regionaliza\u00e7\u00e3o do Servi\u00e7o de Atendimento M\u00f3vel de Urg\u00eancia (SAMU\/192) e sele\u00e7\u00e3o simplificada e contrata\u00e7\u00e3o de 84 profissionais, a constru\u00e7\u00e3o de nove unidades b\u00e1sicas de sa\u00fade e duas Unidades de Pronto Atendimento (UPA). Sobre a gest\u00e3o da Funda\u00e7\u00e3o Cultural, foram destacadas a intensifica\u00e7\u00e3o do debate sobre pol\u00edticas p\u00fablicas, o sucesso do projeto Caravana Cultural e as oficinas de inicia\u00e7\u00e3o art\u00edstica culturais, entre outros pontos.<\/p>\n<p>Na \u00e1rea do Meio Ambiente, Newton Lima ressaltou a aprova\u00e7\u00e3o do C\u00f3digo Ambiental, a cria\u00e7\u00e3o do sistema municipal de Meio Ambiente e o aprofundamento das atividades ligadas \u00e0 educa\u00e7\u00e3o infantil, como o Jornal EcoKids, totalmente elaborado por crian\u00e7as de escolas da rede p\u00fablica e privada. O turismo tamb\u00e9m teve seu papel de destaque no ano de 2010, mantendo parcerias importantes com o Governo do Estado, que viabilizam a manuten\u00e7\u00e3o do calend\u00e1rio de festividades tradicionais, como Carnaval, S\u00e3o Jo\u00e3o, Lavagem das escadarias da Catedral, Puxada do Mastro, Festa de Iemanj\u00e1, entre outras, assim como a introdu\u00e7\u00e3o de grandes eventos como etapas regionais e nacionais de campeonatos de Triathlon.<\/p>\n<p>Benef\u00edcio para todos &#8211; A amplia\u00e7\u00e3o dos servi\u00e7os prestados na Assist\u00eancia Social e Trabalho tamb\u00e9m mereceu aten\u00e7\u00e3o especial do prefeito de Ilh\u00e9us durante seu pronunciamento na abertura dos trabalhos deste ano na C\u00e2mara Municipal. \u201cBuscando atender a uma demanda crescente, inauguramos no ano passado o quinto Centro de Refer\u00eancia da Assist\u00eancia Social (Cras) em Oliven\u00e7a, beneficiando centenas de fam\u00edlias daquele entorno\u201d. J\u00e1 no que diz respeito \u00e0 \u00e1rea de desenvolvimento econ\u00f4mico e planejamento foram destacadas outras a\u00e7\u00f5es como a conclus\u00e3o do Projeto Orla Sul, a requalifica\u00e7\u00e3o do Aterro Sanit\u00e1rio do Itariri, a constru\u00e7\u00e3o de um terminal para receptivo de turistas e a elabora\u00e7\u00e3o de um projeto visando a constru\u00e7\u00e3o de uma nova ponte Ilh\u00e9us-Pontal.<\/p>\n<p>Novos servi\u00e7os de urbaniza\u00e7\u00e3o, a conclus\u00e3o das obras emergenciais nos altos e morros e a constru\u00e7\u00e3o de mais unidades habitacionais do programa \u201cMinha Casa, minha Vida\u201d e a execu\u00e7\u00e3o do diagn\u00f3stico de seguran\u00e7a p\u00fablica tamb\u00e9m foram lembradas no discurso de Newton Lima. \u201cAcredito que o nosso governo est\u00e1 preparado para enfrentar novos desafios, assim como para colocar Ilh\u00e9us, definitivamente, nos trilhos do desenvolvimento, para isso conclamamos o apoio n\u00e3o s\u00f3 da C\u00e2mara Municipal, como de toda a sociedade ilheense\u201d, finalizou.<\/p>\n<p><strong>Obras de infraestrutura nos morros de Ilh\u00e9us melhoram a vida da comunidade<\/strong><\/p>\n<p>\u201cMoro aqui h\u00e1 mais de 40 anos. Durante todo esse tempo, tivemos que nos acostumar a viver numa rua cheia de barro, poeira e lama. Com esta obra de pavimenta\u00e7\u00e3o, conseguida pelo prefeito Newton Lima, passamos a ter uma vida digna. Agora, podemos realmente falar em cidadania\u201d. A declara\u00e7\u00e3o emocionada foi dada por Cec\u00edlio Reis de Aquino, morador da rua Nossa Senhora de F\u00e1tima, localizada nas proximidades do alto da rua Luiz Gama. O local recebeu diversas interven\u00e7\u00f5es, incluindo pavimenta\u00e7\u00e3o com paralelos, coloca\u00e7\u00e3o de meios-frios, constru\u00e7\u00e3o de passeios e execu\u00e7\u00e3o de drenagem pluvial. A obra \u00e9 resultado da aplica\u00e7\u00e3o de recursos da ordem de R$ 10 milh\u00f5es, oriundos do Minist\u00e9rio da Integra\u00e7\u00e3o Nacional, que est\u00e3o mudando o dia-a-dia de v\u00e1rios altos de Ilh\u00e9us.<\/p>\n<p>A comunidade do alto da rua Luiz Gama tamb\u00e9m est\u00e1 sendo beneficiada pela realiza\u00e7\u00e3o de conten\u00e7\u00e3o de encostas, execu\u00e7\u00e3o de drenagem pluvial e pela constru\u00e7\u00e3o e recupera\u00e7\u00e3o de rampas, escadaria e guarda-corpos. \u201cSem d\u00favida alguma, o prefeito Newton Lima est\u00e1 de parab\u00e9ns por ter viabilizado esses recursos junto ao governo federal. Estas obras melhoraram muito a vida comunidade. O prefeito est\u00e1 de parab\u00e9ns\u201d, diz o morador Adelson Alc\u00e2ntara.<\/p>\n<p>Outro alto que est\u00e1 sendo beneficiado pelos recursos do Minist\u00e9rio da Integra\u00e7\u00e3o Nacional \u00e9 o alto do Amparo, localizado no bairro do Malhado e detentor de uma das vistas mais belas da cidade. L\u00e1, est\u00e3o sendo executadas diversas melhorias, como recupera\u00e7\u00e3o completa da pavimenta\u00e7\u00e3o da ladeira que d\u00e1 acesso ao bairro, coloca\u00e7\u00e3o de meios-fios, constru\u00e7\u00e3o de passeios, edifica\u00e7\u00e3o de um mirante e conten\u00e7\u00e3o de encostas, al\u00e9m de constru\u00e7\u00e3o de guarda-corpos.<\/p>\n<p>Melhorou &#8211; \u201cAqui estava tudo acabado. At\u00e9 a pavimenta\u00e7\u00e3o da ladeira. Agora, com essas obras, ficou tudo muito bonito. Melhorou a vida da popula\u00e7\u00e3o e valorizou as nossas casas\u201d, afirma o morador Jos\u00e9 Roque dos Santos. Al\u00e9m das obras j\u00e1 conclu\u00eddas, o alto do Amparo ser\u00e1 beneficiado ainda pela coloca\u00e7\u00e3o de 150 metros de manilha e pela pavimenta\u00e7\u00e3o em concretos do final da ladeira. <\/p>\n<p>O secret\u00e1rio de Infraestrutura, Marconi Queiroz, lembra que, al\u00e9m dos altos da Luis Gama e Amparo, tamb\u00e9m est\u00e3o sendo beneficiados os seguintes morros: Nerival, Cacau, Tapera, Soledade, Formoso, Seringal, Carvalho, Nova Esperan\u00e7a e Tabuleiro da Baiana, entre outros. A libera\u00e7\u00e3o da verba, que tamb\u00e9m beneficiar\u00e1 a avenida Itabuna e o bairro do Teot\u00f4nio Vilela, \u00e9 resultado dos esfor\u00e7os   pessoais do prefeito Newton Lima junto ao Minist\u00e9rio da Integra\u00e7\u00e3o Nacional.<\/p>\n<p><strong>  Medidas visam desenvolvimento  da Assist\u00eancia Farmac\u00eautica <\/strong><\/p>\n<p>A implanta\u00e7\u00e3o de a\u00e7\u00f5es de sa\u00fade que promovam o acesso aos medicamentos essenciais e o seu uso racional tem sido uma das a\u00e7\u00f5es desenvolvidas pelo Minist\u00e9rio da Sa\u00fade, contemplando novas diretrizes e prioridades com a finalidade de reestruturar a Assist\u00eancia Farmac\u00eautica da rede. Com isso, o departamento de Assist\u00eancia Farmac\u00eautica da Secretaria da Sa\u00fade de Ilh\u00e9us tem acompanhado as pol\u00edticas exigidas para esta \u00e1rea, a fim de garantir um servi\u00e7o de qualidade \u00e0 popula\u00e7\u00e3o.<\/p>\n<p>Uma dessas a\u00e7\u00f5es \u00e9 o curso de Gest\u00e3o da Assist\u00eancia Farmac\u00eautica, que realizada pelo Minist\u00e9rio da Sa\u00fade, em parceria com a Universidade Federal da Bahia (UFBa) e a Universidade Federal de Santa Catarina (UFSC). O curso \u00e9 oferecido a cerca de dois mil farmac\u00eauticos de todo o pa\u00eds, com aulas presenciais e \u00e0 dist\u00e2ncia. Ilh\u00e9us tem como representante o coordenador da Assist\u00eancia Farmac\u00eautica do munic\u00edpio, Ant\u00f4nio Jorge Marques de Santos.<\/p>\n<p>Segundo Ant\u00f4nio Jorge, esse curso \u00e9 um importante passo para que seja implantado o programa federal de Farm\u00e1cias P\u00fablicas Distritais em Ilh\u00e9us. Esse programa visa a integra\u00e7\u00e3o da Assist\u00eancia Farmac\u00eautica ao sistema da sa\u00fade, que acontece atrav\u00e9s do princ\u00edpio da sazonalidade, com a instala\u00e7\u00e3o de uma farm\u00e1cia em cada zona da cidade, descentralizando o atendimento e tornando-o mais eficiente, proporcionando, assim, o acesso da popula\u00e7\u00e3o aos medicamentos essenciais.<\/p>\n<p>O modelo da farm\u00e1cia distrital garante uma infraestrutura adequada, sistema de controle de estoque informatizado, al\u00e9m da inser\u00e7\u00e3o do farmac\u00eautico e recursos humanos de n\u00edvel m\u00e9dio qualificados. \u201cEssa medida dever\u00e1 melhorar o acesso ao medicamento no munic\u00edpio, a qualidade do atendimento, al\u00e9m de tornar o sistema de sa\u00fade mais eficaz reduzindo gastos desnecess\u00e1rios\u201d, afirma Ant\u00f4nio Jorge.<\/p>\n<p>O plano piloto prev\u00ea a instala\u00e7\u00e3o de uma Farm\u00e1cia P\u00fablica Distrital em uma zona do munic\u00edpio de Ilh\u00e9us j\u00e1 no segundo semestre de 2011. Com um incremento no atendimento e uma racionaliza\u00e7\u00e3o dos gastos, a inten\u00e7\u00e3o \u00e9 implantar gradualmente novas farm\u00e1cias distritais em diferentes zonas, alcan\u00e7ando uma maior parcela da popula\u00e7\u00e3o. <\/p>\n<p><strong>Jovens atendidos pelo Creas participam de curso de instalador hidrosanit\u00e1rio<\/strong><\/p>\n<p>Em parceria com o Servi\u00e7o Nacional de Aprendizagem Industrial (Senai) e a Secretaria de Assist\u00eancia Social e Trabalho de Ilh\u00e9us, o Centro de Refer\u00eancia Especializado de Assist\u00eancia Social (Creas), vem oferecendo aos jovens que est\u00e3o sendo atendidos pelo programa e cumprindo medidas socioeducativas, o curso de Instalador Hidrosanit\u00e1rio, na sede do Senai em Ilh\u00e9us.<\/p>\n<p>O curso tem dura\u00e7\u00e3o de um m\u00eas e vai at\u00e9 o dia 14 de mar\u00e7o. Foram oferecidas 22 vagas para os adolescentes de 18 a 21 anos que est\u00e3o em liberdade assistida. Esse curso tem como objetivo formar profissionais capacitados para a instala\u00e7\u00e3o e reparo de encanamentos, instala\u00e7\u00e3o de lavat\u00f3rios, al\u00e9m de ser um resgate da auto-estima e valoriza\u00e7\u00e3o desses jovens e um impulso para a inser\u00e7\u00e3o deles no mercado de trabalho. Al\u00e9m disso, o curso tamb\u00e9m auxilia na dinamiza\u00e7\u00e3o do atendimento desses jovens, que al\u00e9m do atendimento psicossocial na sede do Creas, assistem palestras e praticam esportes, a fim de auxiliar o desenvolvimento e o resgate pessoal.<\/p>\n<p>O Creas Medidas Socioeducativas est\u00e1 localizado na avenida Uberl\u00e2ndia, 555, no bairro Malhado e atende atualmente 145 adolescentes que est\u00e3o em confronto com a lei. O Creas \u00e9 um programa do Governo Federal que oferta servi\u00e7os especializados a fam\u00edlias e indiv\u00edduos em situa\u00e7\u00e3o de amea\u00e7a ou viola\u00e7\u00e3o de direitos (viol\u00eancia f\u00edsica, psicol\u00f3gica, sexual, tr\u00e1fico de pessoas, cumprimento de medidas socioeducativas em meio aberto, etc. Para a coordenadora do programa em Ilh\u00e9us, Maria Aparecida Sousa, \u201cesse curso \u00e9 uma forma de mostrar que eles podem se reintegrar a sociedade, al\u00e9m de ser uma forma de melhoria de renda para ele e sua fam\u00edlia\u201d.<\/p>\n<p>De acordo com o secret\u00e1rio de Assist\u00eancia Social do munic\u00edpio, Emenson Silva, \u201ca efetiva\u00e7\u00e3o das medidas socioeducativas preconizadas no artigo 112 da lei 8.069\/90 \u00e9 um direito dos adolescentes autores de atos infracionais. O munic\u00edpio de Ilh\u00e9us tem o dever de executar a medida de liberdade assistida (LA) e a presta\u00e7\u00e3o de servi\u00e7o a comunidade (PSC), pois estas t\u00eam a finalidade de elevar a estima dos adolescentes infratores, responsabilizando-os acerca dos seus atos bem como contribuindo diretamente para a forma\u00e7\u00e3o da quinta fase do atendimento socioeducativo que \u00e9 a forma\u00e7\u00e3o do projeto de vida, possibilitando ao sujeito a sua inser\u00e7\u00e3o na sociedade de maneira digna\u201d, informou o secret\u00e1rio.<\/p>\n<p>Outro objetivo do Creas medidas \u00e9 auxiliar na recupera\u00e7\u00e3o e resgate de jovens infratores e incentivar a popula\u00e7\u00e3o no combate a introdu\u00e7\u00e3o desses no mundo das drogas e conseq\u00fcentemente dos crimes.<\/p>\n","protected":false},"excerpt":{"rendered":"<p>Newton Lima participa da abertura dos trabalhos na C\u00e2mara de Vereadores Obras de infraestrutura nos morros de Ilh\u00e9us melhoram a vida da comunidade Medidas visam desenvolvimento da Assist\u00eancia Farmac\u00eautica Jovens atendidos pelo Creas participam de curso de instalador hidrosanit\u00e1rio<\/p>\n","protected":false},"author":2,"featured_media":0,"comment_status":"open","ping_status":"open","sticky":false,"template":"","format":"standard","meta":{"_links_to":"","_links_to_target":""},"categories":[23],"tags":[],"_links":{"self":[{"href":"https:\/\/www.r2cpress.com.br\/v1\/wp-json\/wp\/v2\/posts\/8789"}],"collection":[{"href":"https:\/\/www.r2cpress.com.br\/v1\/wp-json\/wp\/v2\/posts"}],"about":[{"href":"https:\/\/www.r2cpress.com.br\/v1\/wp-json\/wp\/v2\/types\/post"}],"author":[{"embeddable":true,"href":"https:\/\/www.r2cpress.com.br\/v1\/wp-json\/wp\/v2\/users\/2"}],"replies":[{"embeddable":true,"href":"https:\/\/www.r2cpress.com.br\/v1\/wp-json\/wp\/v2\/comments?post=8789"}],"version-history":[{"count":2,"href":"https:\/\/www.r2cpress.com.br\/v1\/wp-json\/wp\/v2\/posts\/8789\/revisions"}],"predecessor-version":[{"id":8792,"href":"https:\/\/www.r2cpress.com.br\/v1\/wp-json\/wp\/v2\/posts\/8789\/revisions\/8792"}],"wp:attachment":[{"href":"https:\/\/www.r2cpress.com.br\/v1\/wp-json\/wp\/v2\/media?parent=8789"}],"wp:term":[{"taxonomy":"category","embeddable":true,"href":"https:\/\/www.r2cpress.com.br\/v1\/wp-json\/wp\/v2\/categories?post=8789"},{"taxonomy":"post_tag","embeddable":true,"href":"https:\/\/www.r2cpress.com.br\/v1\/wp-json\/wp\/v2\/tags?post=8789"}],"curies":[{"name":"wp","href":"https:\/\/api.w.org\/{rel}","templated":true}]}}