{"id":87890,"date":"2014-11-03T10:21:15","date_gmt":"2014-11-03T13:21:15","guid":{"rendered":"http:\/\/www.r2cpress.com.br\/v1\/?p=87890"},"modified":"2014-11-03T10:21:15","modified_gmt":"2014-11-03T13:21:15","slug":"reaberto-centro-cultural-de-guanambi","status":"publish","type":"post","link":"https:\/\/www.r2cpress.com.br\/v1\/2014\/11\/03\/reaberto-centro-cultural-de-guanambi\/","title":{"rendered":"REABERTO \/ Centro Cultural de Guanambi"},"content":{"rendered":"<h2 style=\"text-align: center;\"><strong><em>Centro de Cultura da SecultBA retoma atividades no dia 6 de novembro.<\/em><\/strong><\/h2>\n<h2 style=\"text-align: center;\"><strong><em>Todas as pautas do Espa\u00e7o no restante do m\u00eas ter\u00e3o cess\u00e3o gratuita.<\/em><\/strong><\/h2>\n<p>A cidade de Guanambi celebra o retorno \u00e0 atividade do Centro Cultural, espa\u00e7o vinculado \u00e0 Secretaria de Cultura do Estado da Bahia (SecultBA) e que ap\u00f3s um per\u00edodo fechado para manuten\u00e7\u00e3o\u00a0 estrutural e qualifica\u00e7\u00e3o da seguran\u00e7a para artistas, produtores e p\u00fablico, reabre as portas para toda a comunidade do Territ\u00f3rio de Identidade do Sert\u00e3o Produtivo com duas semanas de programa\u00e7\u00e3o comemorativa. O secret\u00e1rio Estadual de Cultura, Albino Rubim participa da cerim\u00f4nia oficial que acontece em 6 de novembro, pr\u00f3xima quinta-feira, \u00e0s 19 horas.<\/p>\n<p>A programa\u00e7\u00e3o especial segue durante 10 dias. Foram preparados shows, rodas de conversa, exposi\u00e7\u00f5es, circuito de cinema, espet\u00e1culos de dan\u00e7a e teatro, palestra e aula p\u00fablica, tudo pensado em acordo com a proposta de territorializa\u00e7\u00e3o que baliza o Ocupe Seu Espa\u00e7o, Programa de Dinamiza\u00e7\u00e3o dos Espa\u00e7os Culturais da SecultBA. Depois desse per\u00edodo, o Centro vai disponibilizar gratuitamente todas as suas pautas para artistas e produtores locais interessados em se apresentar no local at\u00e9 o fim do m\u00eas (\u00e9 preciso confirmar com a coordena\u00e7\u00e3o do espa\u00e7o se a data est\u00e1 dispon\u00edvel), em uma edi\u00e7\u00e3o especial do Programa de Gratuidade Pautas promovido pela Diretoria de Espa\u00e7os Culturais da SecultBA.<\/p>\n<p>\u201cA reabertura do Espa\u00e7o tem um significado muito forte para a comunidade local e todo territ\u00f3rio do Sert\u00e3o Produtivo, pois o Centro Cultural de Guanambi \u00e9 o principal e maior equipamento cultural do territ\u00f3rio, onde toda produ\u00e7\u00e3o art\u00edstica poder\u00e1 se apresentar e contribuir para o desenvolvimento cultural local\u201d, pontua Chicco Assis, diretor de Espa\u00e7os Culturais da SecultBA.<\/p>\n<p>O Centro Cultural de Guanambi \u00e9 um dos 17 espa\u00e7os geridos pela Superintend\u00eancia de Desenvolvimento Territorial da Cultura, atrav\u00e9s da Diretoria de Espa\u00e7os Culturais, da Secretaria de Cultura do Estado da Bahia e tem capacidade para 322 espectadores sentados na plat\u00e9ia da sala principal. Conta ainda com tr\u00eas camarins que d\u00e3o suporte aos artistas em seus espet\u00e1culos, que d\u00e1 acesso ao palco de aproximadamente 12,36 m\u00b2 e uma boca de cena de quase 5 metros de largura por 9m de altura. Inaugurado em 2006, o Centro Cultural Guanambi passa a ser administrado pela Secretaria de Cultura do Estado da Bahia em 2009.<\/p>\n<p><!--more--><\/p>\n<p>Com o objetivo de estabelecer uma administra\u00e7\u00e3o participativa, o espa\u00e7o busca promover o di\u00e1logo com a classe art\u00edstica e comunidade, ouvindo sugest\u00f5es, cr\u00edticas e apresentando projetos. Todos os grupos de teatro locais j\u00e1 tiveram oportunidade de mostrar seus trabalhos no Centro. Com isso, o espa\u00e7o vem dinamizando cada vez mais sua programa\u00e7\u00e3o, possibilitando um maior acesso ao p\u00fablico de todos os perfis.<\/p>\n<p>A programa\u00e7\u00e3o da reabertura do Espa\u00e7o faz parte do Programa de Dinamiza\u00e7\u00e3o de Espa\u00e7os Culturais da SecultBA \u2013 <em>Ocupe seu Espa\u00e7o<\/em>, que conta com diversas a\u00e7\u00f5es ao longo de todo o ano. Integram o programa atividades de cess\u00e3o de pautas gratuitas, programa\u00e7\u00f5es tem\u00e1ticas, Circuito Popular de Cinema e V\u00eddeo (CPCV), organiza\u00e7\u00f5es e comunidades, Circuito de Festivais, Credenciamento de Artistas, pol\u00edtica de acesso com ingressos gratuitos ou a baixo custo, encontros da classe art\u00edstica e produtores locais.<\/p>\n<p style=\"text-align: center;\"><strong>\u00a0<\/strong><strong>Reaberto \u2013 Centro Cultura de Guanambi<\/strong><\/p>\n<p style=\"text-align: center;\"><strong>Programa\u00e7\u00e3o*<\/strong><\/p>\n<p><strong>\u00a0<\/strong><strong>06.11 (QUI)<\/strong><\/p>\n<p>19h &#8211; Abertura da exposi\u00e7\u00e3o &#8220;Leiga Madeira&#8221;, de Alan Salom\u00e3o<\/p>\n<p>19h30 &#8211; Sauda\u00e7\u00e3o de abertura &#8211; Banda Alod\u00ea<\/p>\n<p>20h &#8211; Reaberto | Falas Institucionais<\/p>\n<p>20h30 \u2013 Pocket Show \u201cEles Cantam MPB\u201d &#8211; Rubens Sampaio, Aldi Jabar e Elton Mello<\/p>\n<p>21h &#8211; Espet\u00e1culo &#8220;Por Umas e Por Outras&#8221; &#8211; Pisit Mota<\/p>\n<p>&nbsp;<\/p>\n<p><strong>07.11 (SEX)\u00a0<\/strong><\/p>\n<p>9h &#8211; Palestra &#8220;Pol\u00edticas Culturais na Bahia&#8221; &#8211; Albino Rubim<\/p>\n<p>10h &#8211; F\u00f3rum de Cultura de Guanambi &#8211; Secretaria Municipal de Educa\u00e7\u00e3o e Cultura de Guanambi<\/p>\n<p>20h &#8211; Show &#8220;Ra\u00edzes&#8221; &#8211; Banda Alod\u00ea (Afro)<\/p>\n<p>&nbsp;<\/p>\n<p><strong>08.11 (S\u00c1B)<\/strong><\/p>\n<p>20h &#8211;<strong>\u00a0<\/strong>Show &#8220;Ben\u00e7\u00e3o Jo\u00e3o&#8221; &#8211; Celo Costa e Banda<\/p>\n<p><strong>\u00a0<\/strong><\/p>\n<p><strong>09.11 (DOM)\u00a0<\/strong><\/p>\n<p>16h \u2013 Espet\u00e1culo Infantil &#8220;Palha\u00e7as da Espalhafatos&#8221; &#8211; Cia de Teatro Espalhafatos<\/p>\n<p><strong>11.11 (TER)\u00a0&#8211; Circuito Popular de Cinema e V\u00eddeo (CPCV)<\/strong><\/p>\n<p>10h e 15h &#8211; Ter\u00e7as na Tela \u2013 Mostra &#8220;Novembro Negro&#8221;<\/p>\n<p>20h &#8211; Aula P\u00fablica de Teatro &#8211; Iana Rocha<\/p>\n<p>&nbsp;<\/p>\n<p><strong>12.11 (QUA)<\/strong><\/p>\n<p>9h e 17h &#8211; Aula P\u00fablica de Ballet &#8211; Iana Rocha<\/p>\n<p>20h &#8211; Aula P\u00fablica de Dan\u00e7a Criativa &#8211; v\u00e1rios ritmos &#8211; Iana Rocha<\/p>\n<p><strong>\u00a0<\/strong><\/p>\n<p><strong>13.11 (QUI)<\/strong><\/p>\n<p>20h &#8211; Festival de M\u00fasica e Dan\u00e7a &#8211; Escola de M\u00fasica e Dan\u00e7a B\u00e1rbara K<\/p>\n<p>&nbsp;<\/p>\n<p><strong>14.11 (SEX)<\/strong><\/p>\n<p>20h &#8211; Espet\u00e1culo \u201cMachos por Acaso\u201d &#8211; Grupo Gota<\/p>\n<p>&nbsp;<\/p>\n<p><strong>15.11 (SAB)<\/strong><\/p>\n<p>20h &#8211; Espet\u00e1culo de Ballet &#8220;A Pequena Sereia&#8221;- Cia de Dan\u00e7a Itana Abreu<\/p>\n<p>&nbsp;<\/p>\n<p><strong>16.11 (DOM)<\/strong><\/p>\n<p>18h \u2013 Espet\u00e1culo Infantil &#8220;Os Saltimbancos\u201d &#8211; Cia de Teatro Iana Rocha<\/p>\n<p>19h &#8211; Show de lan\u00e7amento do CD Infantil &#8220;Chiquinha e Chic\u00e3o&#8221;- Palha\u00e7os Chiquinha e Chic\u00e3o<\/p>\n<p>&nbsp;<\/p>\n<p>*Programa\u00e7\u00e3o sujeita a altera\u00e7\u00e3o<\/p>\n","protected":false},"excerpt":{"rendered":"<p>Centro de Cultura da SecultBA retoma atividades no dia 6 de novembro. Todas as pautas do Espa\u00e7o no restante do m\u00eas ter\u00e3o cess\u00e3o gratuita. A cidade de Guanambi celebra o retorno \u00e0 atividade do Centro Cultural, espa\u00e7o vinculado \u00e0 Secretaria de Cultura do Estado da Bahia (SecultBA) e que ap\u00f3s um per\u00edodo fechado para manuten\u00e7\u00e3o\u00a0 [&hellip;]<\/p>\n","protected":false},"author":2,"featured_media":0,"comment_status":"open","ping_status":"open","sticky":false,"template":"","format":"standard","meta":{"_links_to":"","_links_to_target":""},"categories":[5],"tags":[],"_links":{"self":[{"href":"https:\/\/www.r2cpress.com.br\/v1\/wp-json\/wp\/v2\/posts\/87890"}],"collection":[{"href":"https:\/\/www.r2cpress.com.br\/v1\/wp-json\/wp\/v2\/posts"}],"about":[{"href":"https:\/\/www.r2cpress.com.br\/v1\/wp-json\/wp\/v2\/types\/post"}],"author":[{"embeddable":true,"href":"https:\/\/www.r2cpress.com.br\/v1\/wp-json\/wp\/v2\/users\/2"}],"replies":[{"embeddable":true,"href":"https:\/\/www.r2cpress.com.br\/v1\/wp-json\/wp\/v2\/comments?post=87890"}],"version-history":[{"count":2,"href":"https:\/\/www.r2cpress.com.br\/v1\/wp-json\/wp\/v2\/posts\/87890\/revisions"}],"predecessor-version":[{"id":87892,"href":"https:\/\/www.r2cpress.com.br\/v1\/wp-json\/wp\/v2\/posts\/87890\/revisions\/87892"}],"wp:attachment":[{"href":"https:\/\/www.r2cpress.com.br\/v1\/wp-json\/wp\/v2\/media?parent=87890"}],"wp:term":[{"taxonomy":"category","embeddable":true,"href":"https:\/\/www.r2cpress.com.br\/v1\/wp-json\/wp\/v2\/categories?post=87890"},{"taxonomy":"post_tag","embeddable":true,"href":"https:\/\/www.r2cpress.com.br\/v1\/wp-json\/wp\/v2\/tags?post=87890"}],"curies":[{"name":"wp","href":"https:\/\/api.w.org\/{rel}","templated":true}]}}