{"id":87940,"date":"2014-11-03T22:26:53","date_gmt":"2014-11-04T01:26:53","guid":{"rendered":"http:\/\/www.r2cpress.com.br\/v1\/?p=87940"},"modified":"2014-11-03T22:26:53","modified_gmt":"2014-11-04T01:26:53","slug":"alunos-da-apae-de-ilheus-vao-participar-da-ix-olimpiada-estadual","status":"publish","type":"post","link":"https:\/\/www.r2cpress.com.br\/v1\/2014\/11\/03\/alunos-da-apae-de-ilheus-vao-participar-da-ix-olimpiada-estadual\/","title":{"rendered":"Alunos da APAE de Ilh\u00e9us v\u00e3o participar da IX Olimp\u00edada Estadual"},"content":{"rendered":"<p>De 12 a 15 de novembro, a Associa\u00e7\u00e3o dos Pais e Amigos dos Excepcionais (APAE) de Ilh\u00e9us, vai participar da IX Olimp\u00edada Estadual que ser\u00e1 realizada em Jequi\u00e9, com 13 alunos de Ilh\u00e9us inscritos para competi\u00e7\u00e3o nas modalidades de futsal, nata\u00e7\u00e3o e atletismo.<\/p>\n<div id=\"attachment_87941\" style=\"width: 610px\" class=\"wp-caption aligncenter\"><a href=\"http:\/\/www.r2cpress.com.br\/v1\/wp-content\/uploads\/2014\/11\/CAPA-R2CPRESS.jpg\"><img aria-describedby=\"caption-attachment-87941\" loading=\"lazy\" class=\"size-full wp-image-87941\" src=\"http:\/\/www.r2cpress.com.br\/v1\/wp-content\/uploads\/2014\/11\/CAPA-R2CPRESS.jpg\" alt=\"APAE \/ DR. RABAT\" width=\"600\" height=\"600\" srcset=\"https:\/\/www.r2cpress.com.br\/v1\/wp-content\/uploads\/2014\/11\/CAPA-R2CPRESS.jpg 600w, https:\/\/www.r2cpress.com.br\/v1\/wp-content\/uploads\/2014\/11\/CAPA-R2CPRESS-150x150.jpg 150w, https:\/\/www.r2cpress.com.br\/v1\/wp-content\/uploads\/2014\/11\/CAPA-R2CPRESS-300x300.jpg 300w\" sizes=\"(max-width: 600px) 100vw, 600px\" \/><\/a><p id=\"caption-attachment-87941\" class=\"wp-caption-text\">APAE \/ DR. RABAT<\/p><\/div>\n<p>Os alunos foram submetidos a pareceres m\u00e9dico, psicol\u00f3gico e psicopedagogo, j\u00e1 realizados. De acordo com o m\u00e9dico volunt\u00e1rio que assistiu os apaeanos, e tamb\u00e9m conselheiro da APAE, Dr. Ant\u00f4nio Carlos Rabat, \u201cos pareceres de todos os alunos que v\u00e3o participar das olimp\u00edadas precisam ser emitidos para a identifica\u00e7\u00e3o dos que tomam medicamentos, t\u00eam algum tipo de alergia ou j\u00e1 apresentaram alguma crise convulsiva, de modo que oriente \u00e0 equipe que vai acompanh\u00e1-los\u201d, afirmou o m\u00e9dico volunt\u00e1rio.<\/p>\n<p>De acordo com a diretora da APAE Vit\u00f3ria Penalva, \u201cgeralmente encontramos dificuldades para encontrar um m\u00e9dico para emitir estes laudos. Mas quando informamos ao nosso conselheiro Dr. Rabat que precisamos de ajuda m\u00e9dica, ele se prontificou com muita boa vontade como tem sido ao longo dos \u00faltimos anos\u201d.<\/p>\n<p>A educa\u00e7\u00e3o f\u00edsica dos apaeanos de Ilh\u00e9us \u00e9 conduzida pela estagi\u00e1ria Daniele Silva, e a ida deles para Jequi\u00e9 conta com o apoio de empresas para o aux\u00edlio no transporte, como a Minas Norte e Livitec.<\/p>\n<p>\u201cNa Olimp\u00edada Nacional realizada no ano passado, nossos alunos foram classificados, mas n\u00e3o puderam ir por falta de patroc\u00ednio. Gra\u00e7as a Deus, temos hoje encontrados pessoas sol\u00edcitas e que tem nos ajudado bastante na inclus\u00e3o social e tamb\u00e9m atrav\u00e9s do esporte, como o projeto AMA da Uesc, que trabalha com a realiza\u00e7\u00e3o de atividade motora adaptada, e o SESI, que t\u00eam oferecido os treinos de nata\u00e7\u00e3o para os alunos da APAE. Agradecemos de cora\u00e7\u00e3o a todos que nos ajudam\u201d, afirmou a diretora da APAE, Vit\u00f3ria Penalva. Ela informa que a APAE est\u00e1 recepcionando doa\u00e7\u00f5es para custear a viagem dos alunos. Interessados podem procura-la na sede da APAE de Ilh\u00e9us, no Hernano S\u00e1, pr\u00f3ximo \u00e1 Central de Abastecimento, ou pelo telefone: (73) 3632-3157<\/p>\n","protected":false},"excerpt":{"rendered":"<p>De 12 a 15 de novembro, a Associa\u00e7\u00e3o dos Pais e Amigos dos Excepcionais (APAE) de Ilh\u00e9us, vai participar da IX Olimp\u00edada Estadual que ser\u00e1 realizada em Jequi\u00e9, com 13 alunos de Ilh\u00e9us inscritos para competi\u00e7\u00e3o nas modalidades de futsal, nata\u00e7\u00e3o e atletismo. Os alunos foram submetidos a pareceres m\u00e9dico, psicol\u00f3gico e psicopedagogo, j\u00e1 realizados. [&hellip;]<\/p>\n","protected":false},"author":2,"featured_media":0,"comment_status":"open","ping_status":"open","sticky":false,"template":"","format":"standard","meta":{"_links_to":"","_links_to_target":""},"categories":[14],"tags":[],"_links":{"self":[{"href":"https:\/\/www.r2cpress.com.br\/v1\/wp-json\/wp\/v2\/posts\/87940"}],"collection":[{"href":"https:\/\/www.r2cpress.com.br\/v1\/wp-json\/wp\/v2\/posts"}],"about":[{"href":"https:\/\/www.r2cpress.com.br\/v1\/wp-json\/wp\/v2\/types\/post"}],"author":[{"embeddable":true,"href":"https:\/\/www.r2cpress.com.br\/v1\/wp-json\/wp\/v2\/users\/2"}],"replies":[{"embeddable":true,"href":"https:\/\/www.r2cpress.com.br\/v1\/wp-json\/wp\/v2\/comments?post=87940"}],"version-history":[{"count":2,"href":"https:\/\/www.r2cpress.com.br\/v1\/wp-json\/wp\/v2\/posts\/87940\/revisions"}],"predecessor-version":[{"id":87943,"href":"https:\/\/www.r2cpress.com.br\/v1\/wp-json\/wp\/v2\/posts\/87940\/revisions\/87943"}],"wp:attachment":[{"href":"https:\/\/www.r2cpress.com.br\/v1\/wp-json\/wp\/v2\/media?parent=87940"}],"wp:term":[{"taxonomy":"category","embeddable":true,"href":"https:\/\/www.r2cpress.com.br\/v1\/wp-json\/wp\/v2\/categories?post=87940"},{"taxonomy":"post_tag","embeddable":true,"href":"https:\/\/www.r2cpress.com.br\/v1\/wp-json\/wp\/v2\/tags?post=87940"}],"curies":[{"name":"wp","href":"https:\/\/api.w.org\/{rel}","templated":true}]}}