{"id":88033,"date":"2014-11-05T11:04:05","date_gmt":"2014-11-05T14:04:05","guid":{"rendered":"http:\/\/www.r2cpress.com.br\/v1\/?p=88033"},"modified":"2014-11-05T11:04:05","modified_gmt":"2014-11-05T14:04:05","slug":"governo-federal-investe-no-fortalecimento-da-producao-extrativista","status":"publish","type":"post","link":"https:\/\/www.r2cpress.com.br\/v1\/2014\/11\/05\/governo-federal-investe-no-fortalecimento-da-producao-extrativista\/","title":{"rendered":"Governo Federal investe no fortalecimento da produ\u00e7\u00e3o extrativista"},"content":{"rendered":"<p>Mais extrativistas de todo o Brasil poder\u00e3o contar com a Pol\u00edtica de Garantia de Pre\u00e7os M\u00ednimos da Sociobiodiversidade (PGPM-Bio). Isso porque o Minist\u00e9rio do Desenvolvimento Agr\u00e1rio (MDA) repassou \u00e0 Companhia Nacional de Abastecimento (Conab), respons\u00e1vel por operacionalizar a a\u00e7\u00e3o, R$ 350 mil para ampliar atividades de capacita\u00e7\u00e3o, levantamento de pre\u00e7os e, ainda, incluir novos produtos no programa.<\/p>\n<p>O repasse tem o objetivo de fortalecer a pol\u00edtica, que \u00e9 importante para a promo\u00e7\u00e3o da sustentabilidade ambiental. \u201cA PGPM-Bio \u00e9 um instrumento que permite a valoriza\u00e7\u00e3o dos recursos florestais, al\u00e9m de contribuir para a conserva\u00e7\u00e3o, preserva\u00e7\u00e3o e uso sustent\u00e1vel da floresta. Ela tamb\u00e9m \u00e9 uma a\u00e7\u00e3o que garante renda nas comunidades extrativistas\u201d, salienta o coordenador de Comercializa\u00e7\u00e3o do Minist\u00e9rio do Desenvolvimento Agr\u00e1rio (MDA), Igor Teixeira.<\/p>\n<p>Atualmente, 15 produtos da sociobiodiversidade recebem o b\u00f4nus, entre eles o baru, o a\u00e7a\u00ed, o pequi e o pinh\u00e3o. Caso os produtores vendam por um valor inferior ao pre\u00e7o m\u00ednimo estipulado, a Conab paga a diferen\u00e7a na forma de subven\u00e7\u00e3o. O coordenador explica que a medida reduz os riscos da atividade. \u201cPara que esse extrativista n\u00e3o tenha preju\u00edzos, ele \u00e9 beneficiado com o recurso de subven\u00e7\u00e3o, que \u00e9 a diferen\u00e7a entre o valor em nota fiscal recebido pela venda do produto e o pre\u00e7o m\u00ednimo estabelecido\u201d.<\/p>\n<p><strong>Pain\u00e9is<\/strong><\/p>\n<p><!--more--><\/p>\n<p>Para ampliar a pol\u00edtica, at\u00e9 o fim de 2014, ser\u00e3o realizadas sete oficinas nos estados do Par\u00e1, Amazonas, Santa Catarina, Para\u00edba, Bahia, Maranh\u00e3o e Cear\u00e1. Os encontros ser\u00e3o para debater os desafios para amplia\u00e7\u00e3o da pol\u00edtica e esclarecer o funcionamento da PGPM-Bio para os extrativistas de andiroba, cacau, a\u00e7a\u00ed, pinh\u00e3o, mangaba, umbu, baba\u00e7u e pequi.<\/p>\n<p>Podem participar da iniciativa, os extrativistas individuais ou organizados em associa\u00e7\u00f5es e cooperativas. Para isso, \u00e9 necess\u00e1ria a apresenta\u00e7\u00e3o da Declara\u00e7\u00e3o de Aptid\u00e3o ao Pronaf (DAP), que identifica o agricultor familiar; o Cadastro de Pessoa F\u00edsica (CPF), al\u00e9m da inscri\u00e7\u00e3o na PGPM-Bio que pode ser feita em uma das Superintend\u00eancias Regionais da Conab, localizadas nas capitais brasileiras.<\/p>\n<p>De 2009 a junho de 2014, a Pol\u00edtica de Pre\u00e7os M\u00ednimos da Sociobiodiversidade (PGPM-Bio) teve 52.219 acessos, com a execu\u00e7\u00e3o de pouco mais de R$ 17,5 milh\u00f5es. Comp\u00f5em ainda o Comit\u00ea Gestor da PGPM-Bio os minist\u00e9rios da Fazenda, do Planejamento e do Meio Ambiente.<\/p>\n<p>Ou\u00e7a <a href=\"http:\/\/www.mda.gov.br\/sitemda\/sites\/sitemda\/files\/user_img_24\/04_2014_MDA_GABRIELLA_CONAB_OFICINAS.mp3\" target=\"_blank\"><strong>aqui<\/strong><\/a> a mat\u00e9ria de r\u00e1dio.<\/p>\n<table border=\"1\" cellspacing=\"0\" cellpadding=\"0\">\n<tbody>\n<tr>\n<td colspan=\"4\"><strong>OFICINAS<\/strong><\/td>\n<\/tr>\n<tr>\n<td><strong>Estado<\/strong><\/td>\n<td><strong>Munic\u00edpio<\/strong><\/td>\n<td><strong>Produto<\/strong><\/td>\n<td><strong>Data<\/strong><\/td>\n<\/tr>\n<tr>\n<td>Par\u00e1<\/td>\n<td>Vigia<\/td>\n<td>Andiroba<\/td>\n<td>21\/10<\/td>\n<\/tr>\n<tr>\n<td>Amazonas<\/td>\n<td>Boca do Acre<\/td>\n<td>Cacau e a\u00e7a\u00ed<\/td>\n<td>9 a 15\/11<\/td>\n<\/tr>\n<tr>\n<td>Santa Catarina<\/td>\n<td>S\u00e3o Joaquim<\/td>\n<td>Pinh\u00e3o<\/td>\n<td>4\/11<\/td>\n<\/tr>\n<tr>\n<td>Para\u00edba<\/td>\n<td>Pitinbu<\/td>\n<td>Mangaba<\/td>\n<td>6\/11<\/td>\n<\/tr>\n<tr>\n<td>Bahia<\/td>\n<td>Uau\u00e1<\/td>\n<td>Umb\u00fa<\/td>\n<td>11\/11<\/td>\n<\/tr>\n<tr>\n<td>Maranh\u00e3o<\/td>\n<td>Imperatriz<\/td>\n<td>Baba\u00e7u<\/td>\n<td>09\/12<\/td>\n<\/tr>\n<tr>\n<td>Cear\u00e1<\/td>\n<td>Juazeiro do Norte<\/td>\n<td>Baba\u00e7u e pequi<\/td>\n<td>25\/11<\/td>\n<\/tr>\n<\/tbody>\n<\/table>\n<p>&nbsp;<\/p>\n<p>Gabriella Bontempo<br \/>\nAscom\/ MDA<\/p>\n","protected":false},"excerpt":{"rendered":"<p>Mais extrativistas de todo o Brasil poder\u00e3o contar com a Pol\u00edtica de Garantia de Pre\u00e7os M\u00ednimos da Sociobiodiversidade (PGPM-Bio). Isso porque o Minist\u00e9rio do Desenvolvimento Agr\u00e1rio (MDA) repassou \u00e0 Companhia Nacional de Abastecimento (Conab), respons\u00e1vel por operacionalizar a a\u00e7\u00e3o, R$ 350 mil para ampliar atividades de capacita\u00e7\u00e3o, levantamento de pre\u00e7os e, ainda, incluir novos produtos [&hellip;]<\/p>\n","protected":false},"author":2,"featured_media":0,"comment_status":"open","ping_status":"open","sticky":false,"template":"","format":"standard","meta":{"_links_to":"","_links_to_target":""},"categories":[3],"tags":[],"_links":{"self":[{"href":"https:\/\/www.r2cpress.com.br\/v1\/wp-json\/wp\/v2\/posts\/88033"}],"collection":[{"href":"https:\/\/www.r2cpress.com.br\/v1\/wp-json\/wp\/v2\/posts"}],"about":[{"href":"https:\/\/www.r2cpress.com.br\/v1\/wp-json\/wp\/v2\/types\/post"}],"author":[{"embeddable":true,"href":"https:\/\/www.r2cpress.com.br\/v1\/wp-json\/wp\/v2\/users\/2"}],"replies":[{"embeddable":true,"href":"https:\/\/www.r2cpress.com.br\/v1\/wp-json\/wp\/v2\/comments?post=88033"}],"version-history":[{"count":2,"href":"https:\/\/www.r2cpress.com.br\/v1\/wp-json\/wp\/v2\/posts\/88033\/revisions"}],"predecessor-version":[{"id":88035,"href":"https:\/\/www.r2cpress.com.br\/v1\/wp-json\/wp\/v2\/posts\/88033\/revisions\/88035"}],"wp:attachment":[{"href":"https:\/\/www.r2cpress.com.br\/v1\/wp-json\/wp\/v2\/media?parent=88033"}],"wp:term":[{"taxonomy":"category","embeddable":true,"href":"https:\/\/www.r2cpress.com.br\/v1\/wp-json\/wp\/v2\/categories?post=88033"},{"taxonomy":"post_tag","embeddable":true,"href":"https:\/\/www.r2cpress.com.br\/v1\/wp-json\/wp\/v2\/tags?post=88033"}],"curies":[{"name":"wp","href":"https:\/\/api.w.org\/{rel}","templated":true}]}}