{"id":88057,"date":"2014-11-05T15:56:00","date_gmt":"2014-11-05T18:56:00","guid":{"rendered":"http:\/\/www.r2cpress.com.br\/v1\/?p=88057"},"modified":"2014-11-05T15:56:00","modified_gmt":"2014-11-05T18:56:00","slug":"nota-de-falecimento-72","status":"publish","type":"post","link":"https:\/\/www.r2cpress.com.br\/v1\/2014\/11\/05\/nota-de-falecimento-72\/","title":{"rendered":"Nota de falecimento"},"content":{"rendered":"<p>Queridos irm\u00e3os,<\/p>\n<p>Noticiamos, com pesar, o falecimento de nosso irm\u00e3o <span style=\"text-decoration: underline;\"><strong>Albertone Junior (Juca). <\/strong><\/span><\/p>\n<p>O vel\u00f3rio ser\u00e1 na Loja Ma\u00e7\u00f4nica<strong> Ac\u00e1cia do Sul. <\/strong><\/p>\n<p>O corpo ainda est\u00e1 em Feira de Santana.<\/p>\n<p>Nosso VM est\u00e1 l\u00e1 e nos passar\u00e1 mais informa\u00e7\u00f5es a qualquer momento.<\/p>\n<p><em><strong>Jauberth W. Abijaude<\/strong><\/em><\/p>\n","protected":false},"excerpt":{"rendered":"<p>Queridos irm\u00e3os, Noticiamos, com pesar, o falecimento de nosso irm\u00e3o Albertone Junior (Juca). O vel\u00f3rio ser\u00e1 na Loja Ma\u00e7\u00f4nica Ac\u00e1cia do Sul. O corpo ainda est\u00e1 em Feira de Santana. Nosso VM est\u00e1 l\u00e1 e nos passar\u00e1 mais informa\u00e7\u00f5es a qualquer momento. Jauberth W. Abijaude<\/p>\n","protected":false},"author":2,"featured_media":0,"comment_status":"open","ping_status":"open","sticky":false,"template":"","format":"standard","meta":{"_links_to":"","_links_to_target":""},"categories":[34],"tags":[],"_links":{"self":[{"href":"https:\/\/www.r2cpress.com.br\/v1\/wp-json\/wp\/v2\/posts\/88057"}],"collection":[{"href":"https:\/\/www.r2cpress.com.br\/v1\/wp-json\/wp\/v2\/posts"}],"about":[{"href":"https:\/\/www.r2cpress.com.br\/v1\/wp-json\/wp\/v2\/types\/post"}],"author":[{"embeddable":true,"href":"https:\/\/www.r2cpress.com.br\/v1\/wp-json\/wp\/v2\/users\/2"}],"replies":[{"embeddable":true,"href":"https:\/\/www.r2cpress.com.br\/v1\/wp-json\/wp\/v2\/comments?post=88057"}],"version-history":[{"count":2,"href":"https:\/\/www.r2cpress.com.br\/v1\/wp-json\/wp\/v2\/posts\/88057\/revisions"}],"predecessor-version":[{"id":88059,"href":"https:\/\/www.r2cpress.com.br\/v1\/wp-json\/wp\/v2\/posts\/88057\/revisions\/88059"}],"wp:attachment":[{"href":"https:\/\/www.r2cpress.com.br\/v1\/wp-json\/wp\/v2\/media?parent=88057"}],"wp:term":[{"taxonomy":"category","embeddable":true,"href":"https:\/\/www.r2cpress.com.br\/v1\/wp-json\/wp\/v2\/categories?post=88057"},{"taxonomy":"post_tag","embeddable":true,"href":"https:\/\/www.r2cpress.com.br\/v1\/wp-json\/wp\/v2\/tags?post=88057"}],"curies":[{"name":"wp","href":"https:\/\/api.w.org\/{rel}","templated":true}]}}