{"id":88077,"date":"2014-11-06T11:58:38","date_gmt":"2014-11-06T14:58:38","guid":{"rendered":"http:\/\/www.r2cpress.com.br\/v1\/?p=88077"},"modified":"2014-11-06T11:58:38","modified_gmt":"2014-11-06T14:58:38","slug":"opus-dei-42","status":"publish","type":"post","link":"https:\/\/www.r2cpress.com.br\/v1\/2014\/11\/06\/opus-dei-42\/","title":{"rendered":"Opus Dei"},"content":{"rendered":"<table border=\"0\" width=\"100%\" cellspacing=\"0\" cellpadding=\"0\" align=\"center\" bgcolor=\"#ffffff\">\n<tbody>\n<tr>\n<td valign=\"middle\" bgcolor=\"#efede7\" width=\"100%\" height=\"70\">\n<table style=\"height: 28px;\" border=\"0\" width=\"208\" cellspacing=\"0\" cellpadding=\"0\" align=\"center\" bgcolor=\"#efede7\">\n<tbody>\n<tr>\n<td align=\"left\" valign=\"middle\" bgcolor=\"#efede7\" width=\"60%\"><a href=\"http:\/\/opusdei.us7.list-manage.com\/track\/click?u=1af5d7b530cb590152589eba5&amp;id=cc54425ddb&amp;e=f88f8593e5\" target=\"_blank\"><img class=\"CToWUd aligncenter\" src=\"https:\/\/ci5.googleusercontent.com\/proxy\/EtNKQQ_SWBO7iAW-9wsSZrzEYnXlfPuBYQyXUxy-vxzz65Hmv6hVlaiUd_eYpNzh5xL882-jcosafokPU0MhWOXvC3cvECUCzBdlIG6FGvU4yJZ9ViQ0-g=s0-d-e1-ft#http:\/\/odnmedia.s3.amazonaws.com\/static\/images\/newsletter\/logo.gif\" alt=\"Opus Dei\" border=\"0\" \/><\/a><\/td>\n<td bgcolor=\"#efede7\" width=\"4%\"><\/td>\n<td align=\"right\" valign=\"middle\" bgcolor=\"#efede7\" width=\"36%\"><\/td>\n<\/tr>\n<\/tbody>\n<\/table>\n<\/td>\n<\/tr>\n<tr>\n<td valign=\"top\" width=\"100%\">\n<table border=\"0\" width=\"92%\" cellspacing=\"0\" cellpadding=\"0\" align=\"center\">\n<tbody>\n<tr>\n<td valign=\"top\" width=\"100%\"><i>6 de Novembro de 2014<\/i><\/td>\n<\/tr>\n<tr>\n<td valign=\"top\" width=\"100%\"><img loading=\"lazy\" class=\"CToWUd\" src=\"https:\/\/ci6.googleusercontent.com\/proxy\/lzY2OQ6zKLFtDe4bDFwHMZSyRMZxW1UiLzRjBntDHwVhBF3USqgecpKyAXa9cXTm5IW262D4yftt9A6qVUNK-7ZNHa-wq9qN4KSDRBuUnYOpib9spVtSB6uzES58X14=s0-d-e1-ft#http:\/\/odnmedia.s3.amazonaws.com\/static\/images\/newsletter\/bulletintro.gif\" alt=\"\" width=\"14\" height=\"14\" border=\"0\" \/> Hist\u00f3rias da beatifica\u00e7\u00e3o de D. \u00c1lvaro; textos e v\u00eddeos sobre a fam\u00edlia e o m\u00eas de novembro; a Carta Pastoral de novembro do Prelado do Opus Dei.<\/td>\n<\/tr>\n<tr>\n<td height=\"29\"><\/td>\n<\/tr>\n<tr>\n<td valign=\"top\" width=\"100%\">\n<table border=\"0\" width=\"100%\" cellspacing=\"0\" cellpadding=\"0\">\n<tbody>\n<tr>\n<td align=\"right\" valign=\"top\" width=\"30%\"><a href=\"http:\/\/opusdei.us7.list-manage.com\/track\/click?u=1af5d7b530cb590152589eba5&amp;id=c63a680131&amp;e=f88f8593e5\" target=\"_blank\"><img class=\"CToWUd\" src=\"https:\/\/ci4.googleusercontent.com\/proxy\/SS5Zo10MLlUBwHTNfaxGF2b3xzL90pg1ZNZ2b_Ys1Skjd080FU0HOyWiFlKkVxrCaWmWLr09TkfhHrlIaunHp9FH6U7FDPMkdg=s0-d-e1-ft#http:\/\/img.youtube.com\/vi\/9aH-ZRGZUPo\/hqdefault.jpg\" alt=\"\" width=\"96\" border=\"0\" \/><\/a><\/td>\n<td width=\"4%\"><\/td>\n<td valign=\"top\" width=\"66%\">\n<table border=\"0\" width=\"100%\" cellspacing=\"0\" cellpadding=\"0\">\n<tbody>\n<tr>\n<td valign=\"top\"><a href=\"http:\/\/opusdei.us7.list-manage.com\/track\/click?u=1af5d7b530cb590152589eba5&amp;id=7c79809b6f&amp;e=f88f8593e5\" target=\"_blank\"><b>TESTEMUNHOS<\/b><\/a><\/td>\n<\/tr>\n<tr>\n<td valign=\"top\"><a href=\"http:\/\/opusdei.us7.list-manage.com\/track\/click?u=1af5d7b530cb590152589eba5&amp;id=3e61095d14&amp;e=f88f8593e5\" target=\"_blank\"><b>S\u00f3phie e Cedric: uma escola de realismo<\/b><\/a><\/td>\n<\/tr>\n<tr>\n<td valign=\"top\">S\u00f3phie casou-se com 25 anos. Poucos meses depois, o seu marido sofreu um acidente que lhe causou graves sequelas. Um dia a assistente social disse-lhe: &#8220;Voc\u00ea tem 25 anos, tem toda uma vida na sua frente. O seu marido pode ficar num estado vegetativo&#8230;<\/td>\n<\/tr>\n<\/tbody>\n<\/table>\n<\/td>\n<\/tr>\n<\/tbody>\n<\/table>\n<\/td>\n<\/tr>\n<tr>\n<td height=\"18\"><\/td>\n<\/tr>\n<tr>\n<td valign=\"top\" width=\"100%\">\n<table border=\"0\" width=\"100%\" cellspacing=\"0\" cellpadding=\"0\">\n<tbody>\n<tr>\n<td align=\"right\" valign=\"top\" width=\"30%\"><a href=\"http:\/\/opusdei.us7.list-manage.com\/track\/click?u=1af5d7b530cb590152589eba5&amp;id=5be92db9e9&amp;e=f88f8593e5\" target=\"_blank\"><img class=\"CToWUd\" src=\"https:\/\/ci4.googleusercontent.com\/proxy\/gbU3Si8G-I46GR2EXvKFPFdH_4wpCNapqACXsh_tWguYdWx-JAvo3D_cZwKMrlRMZ0Gt2Cez0brZdhs_YTtx3YKmgigO-bxlmK_KLo9xV8F7xKQHtg8OnRmIiFqaI2kZbgzV0j2UIkLMuJZiQ1Zv9zR1WDkQwwwH-B8Z2vsMOldg=s0-d-e1-ft#http:\/\/odnmedia.s3.amazonaws.com\/image\/572016516_31004e18c0_z_20141103153239604871_20141106111543903557.jpg\" alt=\"\" width=\"96\" border=\"0\" \/><\/a><\/td>\n<td width=\"4%\"><\/td>\n<td valign=\"top\" width=\"66%\">\n<table border=\"0\" width=\"100%\" cellspacing=\"0\" cellpadding=\"0\">\n<tbody>\n<tr>\n<td valign=\"top\"><a href=\"http:\/\/opusdei.us7.list-manage1.com\/track\/click?u=1af5d7b530cb590152589eba5&amp;id=2be77b4b25&amp;e=f88f8593e5\" target=\"_blank\"><b>CARTAS PASTORAIS<\/b><\/a><\/td>\n<\/tr>\n<tr>\n<td valign=\"top\"><a href=\"http:\/\/opusdei.us7.list-manage.com\/track\/click?u=1af5d7b530cb590152589eba5&amp;id=35f26bcfa4&amp;e=f88f8593e5\" target=\"_blank\"><b>Carta do Prelado (novembro 2014)<\/b><\/a><\/td>\n<\/tr>\n<tr>\n<td valign=\"top\">Na sua carta, o Prelado do Opus Dei fala do reinado de Cristo, que em primeiro lugar deseja ser Rei &#8220;nos nossos pensamentos, palavras, obras e a\u00e7\u00f5es&#8221;.<\/td>\n<\/tr>\n<\/tbody>\n<\/table>\n<\/td>\n<\/tr>\n<\/tbody>\n<\/table>\n<\/td>\n<\/tr>\n<tr>\n<td height=\"18\"><\/td>\n<\/tr>\n<tr>\n<td valign=\"top\" width=\"100%\">\n<table border=\"0\" width=\"100%\" cellspacing=\"0\" cellpadding=\"0\">\n<tbody>\n<tr>\n<td align=\"right\" valign=\"top\" width=\"30%\"><a href=\"http:\/\/opusdei.us7.list-manage1.com\/track\/click?u=1af5d7b530cb590152589eba5&amp;id=2cdf61cf67&amp;e=f88f8593e5\" target=\"_blank\"><img class=\"CToWUd\" src=\"https:\/\/ci5.googleusercontent.com\/proxy\/Oyj6VMMgdpAsRNCCP3nR8480ykmkDW7kAufZooyqoRgK03Hb4OXLY1APrwdJb0z5R3WkHbL2005Ocv76RcaKbI8LWr4n5SsoJIH-cDJpQLjp1g7WUcMHN4VvmzSV4F67OjJZOw9CBJ84PvfQ5_M=s0-d-e1-ft#http:\/\/odnmedia.s3.amazonaws.com\/image\/15222609527_254a084044_k_20141103121307350443.jpg\" alt=\"\" width=\"96\" border=\"0\" \/><\/a><\/td>\n<td width=\"4%\"><\/td>\n<td valign=\"top\" width=\"66%\">\n<table border=\"0\" width=\"100%\" cellspacing=\"0\" cellpadding=\"0\">\n<tbody>\n<tr>\n<td valign=\"top\"><a href=\"http:\/\/opusdei.us7.list-manage1.com\/track\/click?u=1af5d7b530cb590152589eba5&amp;id=119005a710&amp;e=f88f8593e5\" target=\"_blank\"><b>OPUS DEI<\/b><\/a><\/td>\n<\/tr>\n<tr>\n<td valign=\"top\"><a href=\"http:\/\/opusdei.us7.list-manage.com\/track\/click?u=1af5d7b530cb590152589eba5&amp;id=50408251b0&amp;e=f88f8593e5\" target=\"_blank\"><b>8 de novembro: 32 novos di\u00e1conos<\/b><\/a><\/td>\n<\/tr>\n<tr>\n<td valign=\"top\">No pr\u00f3ximo s\u00e1bado, 8 de novembro, D. Javier Echevarr\u00eda ordenar\u00e1 32 novos di\u00e1conos. A cerim\u00f4nia ocorrer\u00e1 na Bas\u00edlica de Santo Eug\u00eanio (Roma) e iniciar\u00e1 \u00e0s 16h00 (hora local). N\u00e3o ser\u00e1 transmitida por Internet.<\/td>\n<\/tr>\n<\/tbody>\n<\/table>\n<\/td>\n<\/tr>\n<\/tbody>\n<\/table>\n<\/td>\n<\/tr>\n<tr>\n<td height=\"18\"><\/td>\n<\/tr>\n<tr>\n<td valign=\"top\" width=\"100%\">\n<table border=\"0\" width=\"100%\" cellspacing=\"0\" cellpadding=\"0\">\n<tbody>\n<tr>\n<td align=\"right\" valign=\"top\" width=\"30%\"><a href=\"http:\/\/opusdei.us7.list-manage.com\/track\/click?u=1af5d7b530cb590152589eba5&amp;id=1619a4049f&amp;e=f88f8593e5\" target=\"_blank\"><img class=\"CToWUd\" src=\"https:\/\/ci3.googleusercontent.com\/proxy\/rnOS2_TnSY2ADFY07fRbKYKGotqLPGMvu3HCbIL8hOd0acfxkht0lUDrsymhEF93KTFD8A4Fe9qWrLmHFF_tGsDCVi_V1e2qneRfPOgaNsylVZ4BuLbCnwfE_Nnrj0We4wno=s0-d-e1-ft#http:\/\/odnmedia.s3.amazonaws.com\/image\/testemunhos_3_20141031161743108369.jpg\" alt=\"\" width=\"96\" border=\"0\" \/><\/a><\/td>\n<td width=\"4%\"><\/td>\n<td valign=\"top\" width=\"66%\">\n<table border=\"0\" width=\"100%\" cellspacing=\"0\" cellpadding=\"0\">\n<tbody>\n<tr>\n<td valign=\"top\"><a href=\"http:\/\/opusdei.us7.list-manage.com\/track\/click?u=1af5d7b530cb590152589eba5&amp;id=b78c7ee144&amp;e=f88f8593e5\" target=\"_blank\"><b>NOT\u00cdCIAS<\/b><\/a><\/td>\n<\/tr>\n<tr>\n<td valign=\"top\"><a href=\"http:\/\/opusdei.us7.list-manage.com\/track\/click?u=1af5d7b530cb590152589eba5&amp;id=3fbc006464&amp;e=f88f8593e5\" target=\"_blank\"><b>Eu fui! &#8211; Beatifica\u00e7\u00e3o D. \u00c1lvaro<\/b><\/a><\/td>\n<\/tr>\n<tr>\n<td valign=\"top\">H\u00e1 um m\u00eas, milhares de pessoas de todo o mundo se concentraram em Valdebebas para participar da beatifica\u00e7\u00e3o de Dom \u00c1lvaro. Um m\u00eas depois se consolidam as hist\u00f3rias. Aqui reunimos algumas.<\/td>\n<\/tr>\n<\/tbody>\n<\/table>\n<\/td>\n<\/tr>\n<\/tbody>\n<\/table>\n<\/td>\n<\/tr>\n<tr>\n<td height=\"18\"><\/td>\n<\/tr>\n<tr>\n<td valign=\"top\" width=\"100%\">\n<table border=\"0\" width=\"100%\" cellspacing=\"0\" cellpadding=\"0\">\n<tbody>\n<tr>\n<td align=\"right\" valign=\"top\" width=\"30%\"><a href=\"http:\/\/opusdei.us7.list-manage.com\/track\/click?u=1af5d7b530cb590152589eba5&amp;id=6ffe5755e6&amp;e=f88f8593e5\" target=\"_blank\"><img class=\"CToWUd\" src=\"https:\/\/ci6.googleusercontent.com\/proxy\/mE_hirczZk2KPeN1NFliAs905tOrv1Q2Zmz_B1JxhZxre0poSwpK4pYvi4HRPFIzHd1nANlCN2pykl5EdkCehaPOvI_674n-E0mWl6mCwZwqXrxr-3FvpZ54y28rBJteZukq9mE-hIBRcWSBCuQ=s0-d-e1-ft#http:\/\/odnmedia.s3.amazonaws.com\/image\/15523873002_6995f6f3da_z_20141031144533636313.jpg\" alt=\"\" width=\"96\" border=\"0\" \/><\/a><\/td>\n<td width=\"4%\"><\/td>\n<td valign=\"top\" width=\"66%\">\n<table border=\"0\" width=\"100%\" cellspacing=\"0\" cellpadding=\"0\">\n<tbody>\n<tr>\n<td valign=\"top\"><a href=\"http:\/\/opusdei.us7.list-manage.com\/track\/click?u=1af5d7b530cb590152589eba5&amp;id=1c64973e40&amp;e=f88f8593e5\" target=\"_blank\"><b>TEXTOS SOBRE A VIDA CRIST\u00c3<\/b><\/a><\/td>\n<\/tr>\n<tr>\n<td valign=\"top\"><a href=\"http:\/\/opusdei.us7.list-manage1.com\/track\/click?u=1af5d7b530cb590152589eba5&amp;id=a555b1edf0&amp;e=f88f8593e5\" target=\"_blank\"><b>Por que rezar pelos falecidos?<\/b><\/a><\/td>\n<\/tr>\n<tr>\n<td valign=\"top\">No dia 2 de Novembro, a Igreja comemora os fi\u00e9is defuntos. Por este motivo, recordamos alguns ensinamentos do Catecismo da Igreja Cat\u00f3lica sobre o bom costume de rezar pelos familiares e amigos defuntos. Oferecemos tamb\u00e9m um breve guia de ora\u00e7\u00f5es&#8230;<\/td>\n<\/tr>\n<\/tbody>\n<\/table>\n<\/td>\n<\/tr>\n<\/tbody>\n<\/table>\n<\/td>\n<\/tr>\n<tr>\n<td height=\"18\"><\/td>\n<\/tr>\n<tr>\n<td valign=\"top\" width=\"100%\">\n<table border=\"0\" width=\"100%\" cellspacing=\"0\" cellpadding=\"0\">\n<tbody>\n<tr>\n<td align=\"right\" valign=\"top\" width=\"30%\"><a href=\"http:\/\/opusdei.us7.list-manage2.com\/track\/click?u=1af5d7b530cb590152589eba5&amp;id=f860a8b0d5&amp;e=f88f8593e5\" target=\"_blank\"><img class=\"CToWUd\" src=\"https:\/\/ci5.googleusercontent.com\/proxy\/Pvg8Z_dWn7ZcbKtoLu7eMmPwIXxK9cp45JmIA25v6PeJDQ9VQeYV-eymbwlbBosWKP5aFkpk9b_OI2sFyuHRpMxeLOt64auzzYRLJr-37zHPJErBegCwPQfOsUGm=s0-d-e1-ft#http:\/\/odnmedia.s3.amazonaws.com\/image\/michael_20141024153055226538.jpg\" alt=\"\" width=\"96\" border=\"0\" \/><\/a><\/td>\n<td width=\"4%\"><\/td>\n<td valign=\"top\" width=\"66%\">\n<table border=\"0\" width=\"100%\" cellspacing=\"0\" cellpadding=\"0\">\n<tbody>\n<tr>\n<td valign=\"top\"><a href=\"http:\/\/opusdei.us7.list-manage2.com\/track\/click?u=1af5d7b530cb590152589eba5&amp;id=0d767712d3&amp;e=f88f8593e5\" target=\"_blank\"><b>FAM\u00cdLIA<\/b><\/a><\/td>\n<\/tr>\n<tr>\n<td valign=\"top\"><a href=\"http:\/\/opusdei.us7.list-manage.com\/track\/click?u=1af5d7b530cb590152589eba5&amp;id=76ba6bd87d&amp;e=f88f8593e5\" target=\"_blank\"><b>Educar nas novas tecnologias<\/b><\/a><\/td>\n<\/tr>\n<tr>\n<td valign=\"top\">A tecnologia estrutura significativamente a vida dos homens e mulheres de hoje. Temos que direcion\u00e1-la para que seu uso contribua para o nosso desenvolvimento pessoal. \u00c9 o que este editorial explica.<\/td>\n<\/tr>\n<\/tbody>\n<\/table>\n<\/td>\n<\/tr>\n<\/tbody>\n<\/table>\n<\/td>\n<\/tr>\n<tr>\n<td height=\"18\"><\/td>\n<\/tr>\n<tr>\n<td valign=\"top\" width=\"100%\">\n<table border=\"0\" width=\"100%\" cellspacing=\"0\" cellpadding=\"0\">\n<tbody>\n<tr>\n<td align=\"right\" valign=\"top\" width=\"30%\"><a href=\"http:\/\/opusdei.us7.list-manage.com\/track\/click?u=1af5d7b530cb590152589eba5&amp;id=d9380620a0&amp;e=f88f8593e5\" target=\"_blank\"><img class=\"CToWUd\" src=\"https:\/\/ci5.googleusercontent.com\/proxy\/k-HceuxyPYYa1ifcAMYFl4Kmc69us_d4T-Be0CVoeJD7hUWoUw5OEPEsBWWOjZEsMnTwC6GGzf3K9ovNsWimd1JcsMhPFTny2Q=s0-d-e1-ft#http:\/\/img.youtube.com\/vi\/Vv9QQbpnwq4\/hqdefault.jpg\" alt=\"\" width=\"96\" border=\"0\" \/><\/a><\/td>\n<td width=\"4%\"><\/td>\n<td valign=\"top\" width=\"66%\">\n<table border=\"0\" width=\"100%\" cellspacing=\"0\" cellpadding=\"0\">\n<tbody>\n<tr>\n<td valign=\"top\"><a href=\"http:\/\/opusdei.us7.list-manage1.com\/track\/click?u=1af5d7b530cb590152589eba5&amp;id=84bfbd3cbc&amp;e=f88f8593e5\" target=\"_blank\"><b>NOT\u00cdCIAS<\/b><\/a><\/td>\n<\/tr>\n<tr>\n<td valign=\"top\"><a href=\"http:\/\/opusdei.us7.list-manage.com\/track\/click?u=1af5d7b530cb590152589eba5&amp;id=b689797b82&amp;e=f88f8593e5\" target=\"_blank\"><b>Beatifica\u00e7\u00e3o de D. \u00c1lvaro del Portillo &#8211; um resumo 36&#8242;<\/b><\/a><\/td>\n<\/tr>\n<tr>\n<td valign=\"top\">Em 27 de setembro \u00c1lvaro del Portillo foi beatificado em Madri. Foram mais de 200.000 pessoas do todos os cantos do mundo na celebra\u00e7\u00e3o. Este resumo de 36 minutos mostra os momentos mais importantes.<\/td>\n<\/tr>\n<\/tbody>\n<\/table>\n<\/td>\n<\/tr>\n<\/tbody>\n<\/table>\n<\/td>\n<\/tr>\n<tr>\n<td height=\"18\"><\/td>\n<\/tr>\n<tr>\n<td valign=\"top\" width=\"100%\">\n<table border=\"0\" width=\"100%\" cellspacing=\"0\" cellpadding=\"0\">\n<tbody>\n<tr>\n<td align=\"right\" valign=\"top\" width=\"30%\"><a href=\"http:\/\/opusdei.us7.list-manage.com\/track\/click?u=1af5d7b530cb590152589eba5&amp;id=e65e81cc8e&amp;e=f88f8593e5\" target=\"_blank\"><img class=\"CToWUd\" src=\"https:\/\/ci6.googleusercontent.com\/proxy\/PIfQeFNXEs4DmGMggdZ32C_JNdqwlfINm7KUMxNiWoGmV_IQI0G_loDkfZEGZuk9UkQRF9liN8t7_ZoFsW8Tr4LQhrSjagrdyQGT-YUd_nomdvbzdJJBxlBxoq33Ou4gndi_n1D7pvjr3oii3CI=s0-d-e1-ft#http:\/\/odnmedia.s3.amazonaws.com\/image\/15191104819_2cb95dc55f_z_20141027132241363113.jpg\" alt=\"\" width=\"96\" border=\"0\" \/><\/a><\/td>\n<td width=\"4%\"><\/td>\n<td valign=\"top\" width=\"66%\">\n<table border=\"0\" width=\"100%\" cellspacing=\"0\" cellpadding=\"0\">\n<tbody>\n<tr>\n<td valign=\"top\"><a href=\"http:\/\/opusdei.us7.list-manage2.com\/track\/click?u=1af5d7b530cb590152589eba5&amp;id=3b4848c76d&amp;e=f88f8593e5\" target=\"_blank\"><b>NOT\u00cdCIAS<\/b><\/a><\/td>\n<\/tr>\n<tr>\n<td valign=\"top\"><a href=\"http:\/\/opusdei.us7.list-manage1.com\/track\/click?u=1af5d7b530cb590152589eba5&amp;id=5dea816474&amp;e=f88f8593e5\" target=\"_blank\"><b>1 m\u00eas depois da beatifica\u00e7\u00e3o de D. \u00c1lvaro<\/b><\/a><\/td>\n<\/tr>\n<tr>\n<td valign=\"top\">Passado um m\u00eas da cerim\u00f4nia da beatifica\u00e7\u00e3o compilamos parte de textos, homilias e videos que foram publicados para revivermos esses momentos.<\/td>\n<\/tr>\n<\/tbody>\n<\/table>\n<\/td>\n<\/tr>\n<\/tbody>\n<\/table>\n<\/td>\n<\/tr>\n<tr>\n<td height=\"18\"><\/td>\n<\/tr>\n<tr>\n<td valign=\"top\" width=\"100%\">\n<table border=\"0\" width=\"100%\" cellspacing=\"0\" cellpadding=\"0\">\n<tbody>\n<tr>\n<td align=\"right\" valign=\"top\" width=\"30%\"><a href=\"http:\/\/opusdei.us7.list-manage1.com\/track\/click?u=1af5d7b530cb590152589eba5&amp;id=a5fcbbb2a0&amp;e=f88f8593e5\" target=\"_blank\"><img class=\"CToWUd\" src=\"https:\/\/ci5.googleusercontent.com\/proxy\/jKwzdf5yc9yj3zQ8mWLiO8N_pfNpDAu1_zWh_jmh37IBhxG_79Yi0looz0rNAIYH54Jdq3U53IuoIRL99QZEGzZoa7M1HAqXYcOAwsjFFYSMZhUw1VFpbnyoNyVkzMab_U-v7nu9H7RmV_iTg3n3=s0-d-e1-ft#http:\/\/odnmedia.s3.amazonaws.com\/image\/6908890073_c5a977e00b_b_2_20141023193950666692.jpg\" alt=\"\" width=\"96\" border=\"0\" \/><\/a><\/td>\n<td width=\"4%\"><\/td>\n<td valign=\"top\" width=\"66%\">\n<table border=\"0\" width=\"100%\" cellspacing=\"0\" cellpadding=\"0\">\n<tbody>\n<tr>\n<td valign=\"top\"><a href=\"http:\/\/opusdei.us7.list-manage1.com\/track\/click?u=1af5d7b530cb590152589eba5&amp;id=abe6d5699c&amp;e=f88f8593e5\" target=\"_blank\"><b>MAIS RECURSOS<\/b><\/a><\/td>\n<\/tr>\n<tr>\n<td valign=\"top\"><a href=\"http:\/\/opusdei.us7.list-manage.com\/track\/click?u=1af5d7b530cb590152589eba5&amp;id=66bf056ee6&amp;e=f88f8593e5\" target=\"_blank\"><b>Novena da Serenidade ao Bem-aventurado \u00c1lvaro del Portillo<\/b><\/a><\/td>\n<\/tr>\n<tr>\n<td valign=\"top\">Com o desejo de que a intercess\u00e3o do Beato \u00c1lvaro possa ajudar a alcan\u00e7ar a paz do cora\u00e7\u00e3o de todos os que necessitem, apresentamos a novena da serenidade.\u200b<\/td>\n<\/tr>\n<\/tbody>\n<\/table>\n<\/td>\n<\/tr>\n<\/tbody>\n<\/table>\n<\/td>\n<\/tr>\n<tr>\n<td height=\"29\"><\/td>\n<\/tr>\n<\/tbody>\n<\/table>\n<\/td>\n<\/tr>\n<\/tbody>\n<\/table>\n","protected":false},"excerpt":{"rendered":"<p>6 de Novembro de 2014 Hist\u00f3rias da beatifica\u00e7\u00e3o de D. \u00c1lvaro; textos e v\u00eddeos sobre a fam\u00edlia e o m\u00eas de novembro; a Carta Pastoral de novembro do Prelado do Opus Dei. TESTEMUNHOS S\u00f3phie e Cedric: uma escola de realismo S\u00f3phie casou-se com 25 anos. Poucos meses depois, o seu marido sofreu um acidente que [&hellip;]<\/p>\n","protected":false},"author":2,"featured_media":0,"comment_status":"open","ping_status":"open","sticky":false,"template":"","format":"standard","meta":{"_links_to":"","_links_to_target":""},"categories":[28],"tags":[],"_links":{"self":[{"href":"https:\/\/www.r2cpress.com.br\/v1\/wp-json\/wp\/v2\/posts\/88077"}],"collection":[{"href":"https:\/\/www.r2cpress.com.br\/v1\/wp-json\/wp\/v2\/posts"}],"about":[{"href":"https:\/\/www.r2cpress.com.br\/v1\/wp-json\/wp\/v2\/types\/post"}],"author":[{"embeddable":true,"href":"https:\/\/www.r2cpress.com.br\/v1\/wp-json\/wp\/v2\/users\/2"}],"replies":[{"embeddable":true,"href":"https:\/\/www.r2cpress.com.br\/v1\/wp-json\/wp\/v2\/comments?post=88077"}],"version-history":[{"count":2,"href":"https:\/\/www.r2cpress.com.br\/v1\/wp-json\/wp\/v2\/posts\/88077\/revisions"}],"predecessor-version":[{"id":88079,"href":"https:\/\/www.r2cpress.com.br\/v1\/wp-json\/wp\/v2\/posts\/88077\/revisions\/88079"}],"wp:attachment":[{"href":"https:\/\/www.r2cpress.com.br\/v1\/wp-json\/wp\/v2\/media?parent=88077"}],"wp:term":[{"taxonomy":"category","embeddable":true,"href":"https:\/\/www.r2cpress.com.br\/v1\/wp-json\/wp\/v2\/categories?post=88077"},{"taxonomy":"post_tag","embeddable":true,"href":"https:\/\/www.r2cpress.com.br\/v1\/wp-json\/wp\/v2\/tags?post=88077"}],"curies":[{"name":"wp","href":"https:\/\/api.w.org\/{rel}","templated":true}]}}