{"id":88097,"date":"2014-11-06T14:12:36","date_gmt":"2014-11-06T17:12:36","guid":{"rendered":"http:\/\/www.r2cpress.com.br\/v1\/?p=88097"},"modified":"2014-11-06T14:12:36","modified_gmt":"2014-11-06T17:12:36","slug":"deputada-angela-sousa-participa-de-encontro-com-a-presidente-dilma","status":"publish","type":"post","link":"https:\/\/www.r2cpress.com.br\/v1\/2014\/11\/06\/deputada-angela-sousa-participa-de-encontro-com-a-presidente-dilma\/","title":{"rendered":"Deputada \u00c2ngela Sousa participa  de encontro com a presidente Dilma"},"content":{"rendered":"<div id=\"attachment_88098\" style=\"width: 560px\" class=\"wp-caption aligncenter\"><a href=\"http:\/\/www.r2cpress.com.br\/v1\/wp-content\/uploads\/2014\/11\/angela-dilma-01.jpg\"><img aria-describedby=\"caption-attachment-88098\" loading=\"lazy\" src=\"http:\/\/www.r2cpress.com.br\/v1\/wp-content\/uploads\/2014\/11\/angela-dilma-01.jpg\" alt=\"Angela_Dilma\" width=\"550\" height=\"310\" class=\"size-full wp-image-88098\" srcset=\"https:\/\/www.r2cpress.com.br\/v1\/wp-content\/uploads\/2014\/11\/angela-dilma-01.jpg 550w, https:\/\/www.r2cpress.com.br\/v1\/wp-content\/uploads\/2014\/11\/angela-dilma-01-300x169.jpg 300w\" sizes=\"(max-width: 550px) 100vw, 550px\" \/><\/a><p id=\"caption-attachment-88098\" class=\"wp-caption-text\">Angela_Dilma<\/p><\/div>\n<p>A deputada estadual \u00c2ngela Sousa participou nessa quinta-feira de uma reuni\u00e3o da presidente da Rep\u00fablica, Dilma Rousseff, com principais integrantes do Partido Social Democrata(PSD) no Brasil, realizada no Sal\u00e3o Leste do Pal\u00e1cio do Planalto, em Bras\u00edlia. Na oportunidade, Dilma disse esperar que o PSD tenha um papel de protagonista em seu segundo mandato de governo. \u201cConto com o PSD como protagonista, tanto nas mudan\u00e7as que vamos fazer quanto como membro do governo, para que essas reformas sejam levadas a cabo com sucesso\u201d, afirmou a presidente.<br \/>\n<div id=\"attachment_88099\" style=\"width: 560px\" class=\"wp-caption aligncenter\"><a href=\"http:\/\/www.r2cpress.com.br\/v1\/wp-content\/uploads\/2014\/11\/angela-dilma-2.jpg\"><img aria-describedby=\"caption-attachment-88099\" loading=\"lazy\" src=\"http:\/\/www.r2cpress.com.br\/v1\/wp-content\/uploads\/2014\/11\/angela-dilma-2.jpg\" alt=\"Angela_Dilma\" width=\"550\" height=\"365\" class=\"size-full wp-image-88099\" srcset=\"https:\/\/www.r2cpress.com.br\/v1\/wp-content\/uploads\/2014\/11\/angela-dilma-2.jpg 550w, https:\/\/www.r2cpress.com.br\/v1\/wp-content\/uploads\/2014\/11\/angela-dilma-2-300x199.jpg 300w\" sizes=\"(max-width: 550px) 100vw, 550px\" \/><\/a><p id=\"caption-attachment-88099\" class=\"wp-caption-text\">Angela_Dilma<\/p><\/div><br \/>\nDurante o encontro a presidenta Dilma destacou o crescimento do PSD na Bahia, destacando em especial o importante papel desempenhado pelo senador eleito Otto Alencar, que muito contribuir\u00e1 no apoio a projetos para o estado e para o Brasil. Para a deputada estadual \u00c2ngela Sousa, o encontro mais uma vez consolida a alian\u00e7a do seu partido com a  presidente Dilma para garantir que o Brasil continue avan\u00e7ando, viabilizando importantes obras para a Bahia e em especial para a regi\u00e3o cacaueira.<\/p>\n<p>Na cerim\u00f4nia em que recebeu a visita de alguns dos principais integrantes do partido, Dilma destacou o papel que o PSD vem exercendo no cen\u00e1rio pol\u00edtico brasileiro. \u201cQuero cumprimentar essa unanimidade em termos de lideran\u00e7a que \u00e9 o presidente nacional do PSD, Gilberto Kassab\u201d, disse, lembrando que \u201cquando uma pessoa externa valores elevados, o conjunto dos homens e mulheres a respeitam, admiram e ela \u00e9 capaz de tirar de n\u00f3s o que temos de melhor. E este \u00e9 o papel do l\u00edder\u201d.<\/p>\n<p>A presidente da Rep\u00fablica disse considerar que \u00e9 muito importante para o Brasil o exemplo de relacionamento pol\u00edtico que o PSD vem praticando. Ela agradeceu \u201co apoio, a luta conjunta que tivemos ao longo do governo, mesmo quando n\u00e3o havia um apoio formal, e tamb\u00e9m todo o apoio que obtive na campanha, muitos aqui presentes lutaram e sofreram comigo\u201d.<\/p>\n","protected":false},"excerpt":{"rendered":"<p>A deputada estadual \u00c2ngela Sousa participou nessa quinta-feira de uma reuni\u00e3o da presidente da Rep\u00fablica, Dilma Rousseff, com principais integrantes do Partido Social Democrata(PSD) no Brasil, realizada no Sal\u00e3o Leste do Pal\u00e1cio do Planalto, em Bras\u00edlia. Na oportunidade, Dilma disse esperar que o PSD tenha um papel de protagonista em seu segundo mandato de governo. [&hellip;]<\/p>\n","protected":false},"author":2,"featured_media":0,"comment_status":"open","ping_status":"open","sticky":false,"template":"","format":"standard","meta":{"_links_to":"","_links_to_target":""},"categories":[22],"tags":[],"_links":{"self":[{"href":"https:\/\/www.r2cpress.com.br\/v1\/wp-json\/wp\/v2\/posts\/88097"}],"collection":[{"href":"https:\/\/www.r2cpress.com.br\/v1\/wp-json\/wp\/v2\/posts"}],"about":[{"href":"https:\/\/www.r2cpress.com.br\/v1\/wp-json\/wp\/v2\/types\/post"}],"author":[{"embeddable":true,"href":"https:\/\/www.r2cpress.com.br\/v1\/wp-json\/wp\/v2\/users\/2"}],"replies":[{"embeddable":true,"href":"https:\/\/www.r2cpress.com.br\/v1\/wp-json\/wp\/v2\/comments?post=88097"}],"version-history":[{"count":1,"href":"https:\/\/www.r2cpress.com.br\/v1\/wp-json\/wp\/v2\/posts\/88097\/revisions"}],"predecessor-version":[{"id":88100,"href":"https:\/\/www.r2cpress.com.br\/v1\/wp-json\/wp\/v2\/posts\/88097\/revisions\/88100"}],"wp:attachment":[{"href":"https:\/\/www.r2cpress.com.br\/v1\/wp-json\/wp\/v2\/media?parent=88097"}],"wp:term":[{"taxonomy":"category","embeddable":true,"href":"https:\/\/www.r2cpress.com.br\/v1\/wp-json\/wp\/v2\/categories?post=88097"},{"taxonomy":"post_tag","embeddable":true,"href":"https:\/\/www.r2cpress.com.br\/v1\/wp-json\/wp\/v2\/tags?post=88097"}],"curies":[{"name":"wp","href":"https:\/\/api.w.org\/{rel}","templated":true}]}}