{"id":88373,"date":"2014-11-14T11:24:43","date_gmt":"2014-11-14T14:24:43","guid":{"rendered":"http:\/\/www.r2cpress.com.br\/v1\/?p=88373"},"modified":"2014-11-14T11:24:43","modified_gmt":"2014-11-14T14:24:43","slug":"opus-dei-43","status":"publish","type":"post","link":"https:\/\/www.r2cpress.com.br\/v1\/2014\/11\/14\/opus-dei-43\/","title":{"rendered":"Opus Dei"},"content":{"rendered":"<table border=\"0\" width=\"100%\" cellspacing=\"0\" cellpadding=\"0\" align=\"center\" bgcolor=\"#ffffff\">\n<tbody>\n<tr>\n<td valign=\"middle\" bgcolor=\"#efede7\" width=\"100%\" height=\"70\">\n<table border=\"0\" width=\"92%\" cellspacing=\"0\" cellpadding=\"0\" align=\"center\" bgcolor=\"#efede7\">\n<tbody>\n<tr>\n<td align=\"left\" valign=\"middle\" bgcolor=\"#efede7\" width=\"60%\"><a href=\"http:\/\/opusdei.us7.list-manage1.com\/track\/click?u=1af5d7b530cb590152589eba5&amp;id=42ad92bc21&amp;e=f88f8593e5\" target=\"_blank\"><img class=\"CToWUd\" src=\"https:\/\/ci5.googleusercontent.com\/proxy\/EtNKQQ_SWBO7iAW-9wsSZrzEYnXlfPuBYQyXUxy-vxzz65Hmv6hVlaiUd_eYpNzh5xL882-jcosafokPU0MhWOXvC3cvECUCzBdlIG6FGvU4yJZ9ViQ0-g=s0-d-e1-ft#http:\/\/odnmedia.s3.amazonaws.com\/static\/images\/newsletter\/logo.gif\" alt=\"Opus Dei\" border=\"0\" \/><\/a><\/td>\n<td bgcolor=\"#efede7\" width=\"4%\"><\/td>\n<td align=\"right\" valign=\"middle\" bgcolor=\"#efede7\" width=\"36%\"><\/td>\n<\/tr>\n<\/tbody>\n<\/table>\n<\/td>\n<\/tr>\n<tr>\n<td valign=\"top\" width=\"100%\">\n<table border=\"0\" width=\"92%\" cellspacing=\"0\" cellpadding=\"0\" align=\"center\">\n<tbody>\n<tr>\n<td valign=\"top\" width=\"100%\"><i>14 de Novembro de 2014<\/i><\/td>\n<\/tr>\n<tr>\n<td valign=\"top\" width=\"100%\"><img loading=\"lazy\" class=\"CToWUd\" src=\"https:\/\/ci6.googleusercontent.com\/proxy\/lzY2OQ6zKLFtDe4bDFwHMZSyRMZxW1UiLzRjBntDHwVhBF3USqgecpKyAXa9cXTm5IW262D4yftt9A6qVUNK-7ZNHa-wq9qN4KSDRBuUnYOpib9spVtSB6uzES58X14=s0-d-e1-ft#http:\/\/odnmedia.s3.amazonaws.com\/static\/images\/newsletter\/bulletintro.gif\" alt=\"\" width=\"14\" height=\"14\" border=\"0\" \/> Datas e locais das Missas de a\u00e7\u00e3o de gra\u00e7as pela beatifica\u00e7\u00e3o de D. \u00c1lvaro em todo Brasil; Fotos e videos da viagem do Prelado \u00e0 R\u00fassia; Ordena\u00e7\u00e3o diaconal e artigo sobre a forma\u00e7\u00e3o da personalidade<\/td>\n<\/tr>\n<tr>\n<td height=\"29\"><\/td>\n<\/tr>\n<tr>\n<td valign=\"top\" width=\"100%\">\n<table border=\"0\" width=\"100%\" cellspacing=\"0\" cellpadding=\"0\">\n<tbody>\n<tr>\n<td align=\"right\" valign=\"top\" width=\"30%\"><a href=\"http:\/\/opusdei.us7.list-manage.com\/track\/click?u=1af5d7b530cb590152589eba5&amp;id=303c3e74d9&amp;e=f88f8593e5\" target=\"_blank\"><img class=\"CToWUd\" src=\"https:\/\/ci5.googleusercontent.com\/proxy\/xd0FFwJBs91w5KP4f4JY3YXYaD2xCUVoJh59f0_HfETwwZ4ZH6wTnwfSovQ6_eB478P_TWOsm_L2y0cGSTxkpe3A1CISTIsT9BkqsdeZkBo8UnDcWIExSlMYqRYoi5cDnbmF-tkuVxH-GVXccQdsHFmFeGK7T-PWOr9ksmGqHdo=s0-d-e1-ft#http:\/\/odnmedia.s3.amazonaws.com\/image\/Ismael-MS-100718_4911_20141029100512058915_20141114125658048761.jpg\" alt=\"\" width=\"96\" border=\"0\" \/><\/a><\/td>\n<td width=\"4%\"><\/td>\n<td valign=\"top\" width=\"66%\">\n<table border=\"0\" width=\"100%\" cellspacing=\"0\" cellpadding=\"0\">\n<tbody>\n<tr>\n<td valign=\"top\"><a href=\"http:\/\/opusdei.us7.list-manage1.com\/track\/click?u=1af5d7b530cb590152589eba5&amp;id=48111e3ca2&amp;e=f88f8593e5\" target=\"_blank\"><b>TEXTOS SOBRE A VIDA CRIST\u00c3<\/b><\/a><\/td>\n<\/tr>\n<tr>\n<td valign=\"top\"><a href=\"http:\/\/opusdei.us7.list-manage.com\/track\/click?u=1af5d7b530cb590152589eba5&amp;id=43624dbc78&amp;e=f88f8593e5\" target=\"_blank\"><b>Uma personalidade que se identifique com Cristo<\/b><\/a><\/td>\n<\/tr>\n<tr>\n<td valign=\"top\">Come\u00e7amos uma s\u00e9rie de editoriais sobre a forma\u00e7\u00e3o do car\u00e1ter e a maturidade crist\u00e3. Como influi a personalidade na vida di\u00e1ria? As pessoas podem mudar? Qual \u00e9 o papel da gra\u00e7a?<\/td>\n<\/tr>\n<\/tbody>\n<\/table>\n<\/td>\n<\/tr>\n<\/tbody>\n<\/table>\n<\/td>\n<\/tr>\n<tr>\n<td height=\"18\"><\/td>\n<\/tr>\n<tr>\n<td valign=\"top\" width=\"100%\">\n<table border=\"0\" width=\"100%\" cellspacing=\"0\" cellpadding=\"0\">\n<tbody>\n<tr>\n<td align=\"right\" valign=\"top\" width=\"30%\"><a href=\"http:\/\/opusdei.us7.list-manage1.com\/track\/click?u=1af5d7b530cb590152589eba5&amp;id=e6cb0ce8e3&amp;e=f88f8593e5\" target=\"_blank\"><img class=\"CToWUd\" src=\"https:\/\/ci5.googleusercontent.com\/proxy\/sSmTJHFU5g-6wMOR3BpcLHhymTlPrZDrJ1zSeNKXYUMMX2xVDsMklV9Bs4pJDYEtPiRoozmBdz9ltn9HelejFNt57jE07XN64IKme901P2ZxwVelUpr5yAIXhxFONwZ4mLQ_xAvO1e7pJAgoUq4=s0-d-e1-ft#http:\/\/odnmedia.s3.amazonaws.com\/image\/15336988959_095ae105a6_z_20141113164253874478.jpg\" alt=\"\" width=\"96\" border=\"0\" \/><\/a><\/td>\n<td width=\"4%\"><\/td>\n<td valign=\"top\" width=\"66%\">\n<table border=\"0\" width=\"100%\" cellspacing=\"0\" cellpadding=\"0\">\n<tbody>\n<tr>\n<td valign=\"top\"><a href=\"http:\/\/opusdei.us7.list-manage.com\/track\/click?u=1af5d7b530cb590152589eba5&amp;id=02df1c7198&amp;e=f88f8593e5\" target=\"_blank\"><b>NOT\u00cdCIAS<\/b><\/a><\/td>\n<\/tr>\n<tr>\n<td valign=\"top\"><a href=\"http:\/\/opusdei.us7.list-manage.com\/track\/click?u=1af5d7b530cb590152589eba5&amp;id=47c2e825b1&amp;e=f88f8593e5\" target=\"_blank\"><b>Missas de a\u00e7\u00e3o de gra\u00e7as pela beatifica\u00e7\u00e3o de D. \u00c1lvaro del Portillo<\/b><\/a><\/td>\n<\/tr>\n<tr>\n<td valign=\"top\">Para agradecer a Deus a beatifica\u00e7\u00e3o, ser\u00e3o celebradas Missas de A\u00e7\u00e3o de gra\u00e7as em v\u00e1rias cidades. Oferecemos os dados, que ser\u00e3o atualizados \u00e0 medida que novas Missas forem confirmadas:\u200b<\/td>\n<\/tr>\n<\/tbody>\n<\/table>\n<\/td>\n<\/tr>\n<\/tbody>\n<\/table>\n<\/td>\n<\/tr>\n<tr>\n<td height=\"18\"><\/td>\n<\/tr>\n<tr>\n<td valign=\"top\" width=\"100%\">\n<table border=\"0\" width=\"100%\" cellspacing=\"0\" cellpadding=\"0\">\n<tbody>\n<tr>\n<td align=\"right\" valign=\"top\" width=\"1%\"><\/td>\n<td width=\"4%\"><\/td>\n<td valign=\"top\" width=\"66%\">\n<table border=\"0\" width=\"100%\" cellspacing=\"0\" cellpadding=\"0\">\n<tbody>\n<tr>\n<td valign=\"top\"><a href=\"http:\/\/opusdei.us7.list-manage2.com\/track\/click?u=1af5d7b530cb590152589eba5&amp;id=de8aa31bff&amp;e=f88f8593e5\" target=\"_blank\"><b>PRELADO<\/b><\/a><\/td>\n<\/tr>\n<tr>\n<td valign=\"top\"><a href=\"http:\/\/opusdei.us7.list-manage1.com\/track\/click?u=1af5d7b530cb590152589eba5&amp;id=4f2c2304c2&amp;e=f88f8593e5\" target=\"_blank\"><b>Viagem do Prelado \u00e0 R\u00fassia<\/b><\/a><\/td>\n<\/tr>\n<tr>\n<td valign=\"top\">Uma Missa na catedral de Moscou, uma tert\u00falia na capital russa e uma visita ao santu\u00e1rio de Nossa Senhora de Kaz\u00e1n s\u00e3o alguns dos momentos da visita pastoral do Prelado do Opus Dei \u00e0 R\u00fassia.<\/td>\n<\/tr>\n<\/tbody>\n<\/table>\n<\/td>\n<\/tr>\n<\/tbody>\n<\/table>\n<\/td>\n<\/tr>\n<tr>\n<td height=\"18\"><\/td>\n<\/tr>\n<tr>\n<td valign=\"top\" width=\"100%\">\n<table border=\"0\" width=\"100%\" cellspacing=\"0\" cellpadding=\"0\">\n<tbody>\n<tr>\n<td align=\"right\" valign=\"top\" width=\"30%\"><a href=\"http:\/\/opusdei.us7.list-manage.com\/track\/click?u=1af5d7b530cb590152589eba5&amp;id=6167692ba7&amp;e=f88f8593e5\" target=\"_blank\"><img class=\"CToWUd\" src=\"https:\/\/ci6.googleusercontent.com\/proxy\/VZexSj0vyJk3Ww8B6_oYKE1kvKf4HobDiKlQQiv8YrRPeTsE6aWOE0htW1VsCemgzFSbGh0B9AOdsQwpGKihZPAWL04BfR0itUNRF1rdNELxXnI1AYBGWGzybhv-LnOp6fvI8Dr8Q0yPdhzf0xbbPm7JOnLaY402x6T8BfiqMJagitgOug=s0-d-e1-ft#http:\/\/odnmedia.s3.amazonaws.com\/image\/Diaconos_OpusDei_2014_Roma_20141108205402626351_20141112121210483207.jpg\" alt=\"\" width=\"96\" border=\"0\" \/><\/a><\/td>\n<td width=\"4%\"><\/td>\n<td valign=\"top\" width=\"66%\">\n<table border=\"0\" width=\"100%\" cellspacing=\"0\" cellpadding=\"0\">\n<tbody>\n<tr>\n<td valign=\"top\"><a href=\"http:\/\/opusdei.us7.list-manage1.com\/track\/click?u=1af5d7b530cb590152589eba5&amp;id=c281d0c632&amp;e=f88f8593e5\" target=\"_blank\"><b>NOT\u00cdCIAS<\/b><\/a><\/td>\n<\/tr>\n<tr>\n<td valign=\"top\"><a href=\"http:\/\/opusdei.us7.list-manage1.com\/track\/click?u=1af5d7b530cb590152589eba5&amp;id=e2ce8a88e4&amp;e=f88f8593e5\" target=\"_blank\"><b>\u201cInfatig\u00e1veis no dom de si\u201d<\/b><\/a><\/td>\n<\/tr>\n<tr>\n<td valign=\"top\">O Prelado do Opus Dei conferiu a ordena\u00e7\u00e3o diaconal a 32 fi\u00e9is do Opus Dei. Na sua homilia convidou-os a serem &#8220;infatig\u00e1veis no dom de si, vigilantes na ora\u00e7\u00e3o, am\u00e1veis e acolhedores no servi\u00e7o&#8221;.<\/td>\n<\/tr>\n<\/tbody>\n<\/table>\n<\/td>\n<\/tr>\n<\/tbody>\n<\/table>\n<\/td>\n<\/tr>\n<tr>\n<td height=\"18\"><\/td>\n<\/tr>\n<tr>\n<td valign=\"top\" width=\"100%\">\n<table border=\"0\" width=\"100%\" cellspacing=\"0\" cellpadding=\"0\">\n<tbody>\n<tr>\n<td align=\"right\" valign=\"top\" width=\"30%\"><a href=\"http:\/\/opusdei.us7.list-manage.com\/track\/click?u=1af5d7b530cb590152589eba5&amp;id=fe341edf5f&amp;e=f88f8593e5\" target=\"_blank\"><img class=\"CToWUd\" src=\"https:\/\/ci4.googleusercontent.com\/proxy\/eTkgkW2tnwNBsRkB0hmdusTfIYvZmDROtY6M1MJOlW1mcy9Onli3i1X3d7GPGQuyvakids3D1vJ1ysX0Y6dv5LeFk4PFh2SYiuMbsA7ezeRAxplA4TdKARwEZ7XFt5CfDw4LdA2s86oQboIi57Q=s0-d-e1-ft#http:\/\/odnmedia.s3.amazonaws.com\/image\/15538940047_0e4f861306_b_20141106144225391812.jpg\" alt=\"\" width=\"96\" border=\"0\" \/><\/a><\/td>\n<td width=\"4%\"><\/td>\n<td valign=\"top\" width=\"66%\">\n<table border=\"0\" width=\"100%\" cellspacing=\"0\" cellpadding=\"0\">\n<tbody>\n<tr>\n<td valign=\"top\"><a href=\"http:\/\/opusdei.us7.list-manage1.com\/track\/click?u=1af5d7b530cb590152589eba5&amp;id=b6502181f2&amp;e=f88f8593e5\" target=\"_blank\"><b>PRELADO<\/b><\/a><\/td>\n<\/tr>\n<tr>\n<td valign=\"top\"><a href=\"http:\/\/opusdei.us7.list-manage.com\/track\/click?u=1af5d7b530cb590152589eba5&amp;id=1ab756b1ae&amp;e=f88f8593e5\" target=\"_blank\"><b>O Prelado do Opus Dei celebra missa na Catedral de Moscou<\/b><\/a><\/td>\n<\/tr>\n<tr>\n<td valign=\"top\">D. Paolo Pezzi, arcebispo de Moscou e D. Javier Echevarr\u00eda, prelado do Opus Dei, celebraram uma missa de a\u00e7\u00e3o de gra\u00e7as na catedral de Moscou pela recente beatifica\u00e7\u00e3o de \u00c1lvaro del Portillo.<\/td>\n<\/tr>\n<\/tbody>\n<\/table>\n<\/td>\n<\/tr>\n<\/tbody>\n<\/table>\n<\/td>\n<\/tr>\n<\/tbody>\n<\/table>\n<\/td>\n<\/tr>\n<\/tbody>\n<\/table>\n","protected":false},"excerpt":{"rendered":"<p>14 de Novembro de 2014 Datas e locais das Missas de a\u00e7\u00e3o de gra\u00e7as pela beatifica\u00e7\u00e3o de D. \u00c1lvaro em todo Brasil; Fotos e videos da viagem do Prelado \u00e0 R\u00fassia; Ordena\u00e7\u00e3o diaconal e artigo sobre a forma\u00e7\u00e3o da personalidade TEXTOS SOBRE A VIDA CRIST\u00c3 Uma personalidade que se identifique com Cristo Come\u00e7amos uma s\u00e9rie [&hellip;]<\/p>\n","protected":false},"author":2,"featured_media":0,"comment_status":"open","ping_status":"open","sticky":false,"template":"","format":"standard","meta":{"_links_to":"","_links_to_target":""},"categories":[28],"tags":[],"_links":{"self":[{"href":"https:\/\/www.r2cpress.com.br\/v1\/wp-json\/wp\/v2\/posts\/88373"}],"collection":[{"href":"https:\/\/www.r2cpress.com.br\/v1\/wp-json\/wp\/v2\/posts"}],"about":[{"href":"https:\/\/www.r2cpress.com.br\/v1\/wp-json\/wp\/v2\/types\/post"}],"author":[{"embeddable":true,"href":"https:\/\/www.r2cpress.com.br\/v1\/wp-json\/wp\/v2\/users\/2"}],"replies":[{"embeddable":true,"href":"https:\/\/www.r2cpress.com.br\/v1\/wp-json\/wp\/v2\/comments?post=88373"}],"version-history":[{"count":1,"href":"https:\/\/www.r2cpress.com.br\/v1\/wp-json\/wp\/v2\/posts\/88373\/revisions"}],"predecessor-version":[{"id":88374,"href":"https:\/\/www.r2cpress.com.br\/v1\/wp-json\/wp\/v2\/posts\/88373\/revisions\/88374"}],"wp:attachment":[{"href":"https:\/\/www.r2cpress.com.br\/v1\/wp-json\/wp\/v2\/media?parent=88373"}],"wp:term":[{"taxonomy":"category","embeddable":true,"href":"https:\/\/www.r2cpress.com.br\/v1\/wp-json\/wp\/v2\/categories?post=88373"},{"taxonomy":"post_tag","embeddable":true,"href":"https:\/\/www.r2cpress.com.br\/v1\/wp-json\/wp\/v2\/tags?post=88373"}],"curies":[{"name":"wp","href":"https:\/\/api.w.org\/{rel}","templated":true}]}}