{"id":88417,"date":"2014-11-15T13:54:28","date_gmt":"2014-11-15T16:54:28","guid":{"rendered":"http:\/\/www.r2cpress.com.br\/v1\/?p=88417"},"modified":"2014-11-15T13:54:28","modified_gmt":"2014-11-15T16:54:28","slug":"casa-do-rio-vermelho-jorge-amado-e-zelia-gattai-esta-aberta-ao-publico","status":"publish","type":"post","link":"https:\/\/www.r2cpress.com.br\/v1\/2014\/11\/15\/casa-do-rio-vermelho-jorge-amado-e-zelia-gattai-esta-aberta-ao-publico\/","title":{"rendered":"Casa do Rio Vermelho &#8211; Jorge Amado e Z\u00e9lia Gattai est\u00e1 aberta ao p\u00fablico"},"content":{"rendered":"<p>Ap\u00f3s passar por uma reforma promovida pela Prefeitura de Salvador, a Casa do Rio Vermelho &#8211; Jorge Amado e Z\u00e9lia Gatta, na Rua Alagoinhas n\u00famero 33, est\u00e1 aberta ao p\u00fablico hoje (15) e amanh\u00e3 (16). Ontem (14), primeiro dia de funcionamento ap\u00f3s a inaugura\u00e7\u00e3o, no final de semana passada, quando apenas convidados tiveram acesso ao memorial, cerca de cem pessoas conheceram um pouco da intimidade do casal de escritores. A casa estar\u00e1 aberta inicialmente \u00e0s sextas, s\u00e1bados e domingos, das 10h \u00e0s 17h, e o ingresso custa R$20 a inteira. Professores e estudantes das redes p\u00fablicas estadual e municipal t\u00eam acesso gratuito.<br \/>\n<div id=\"attachment_88418\" style=\"width: 560px\" class=\"wp-caption aligncenter\"><a href=\"http:\/\/www.r2cpress.com.br\/v1\/wp-content\/uploads\/2014\/11\/CASA-JORGE-AMADO.jpeg\"><img aria-describedby=\"caption-attachment-88418\" loading=\"lazy\" src=\"http:\/\/www.r2cpress.com.br\/v1\/wp-content\/uploads\/2014\/11\/CASA-JORGE-AMADO.jpeg\" alt=\"Casa do Rio Vermelho - Jorge Amado e Z\u00e9lia Gattai est\u00e1 aberta ao p\u00fablico.\" width=\"550\" height=\"366\" class=\"size-full wp-image-88418\" srcset=\"https:\/\/www.r2cpress.com.br\/v1\/wp-content\/uploads\/2014\/11\/CASA-JORGE-AMADO.jpeg 550w, https:\/\/www.r2cpress.com.br\/v1\/wp-content\/uploads\/2014\/11\/CASA-JORGE-AMADO-300x199.jpeg 300w\" sizes=\"(max-width: 550px) 100vw, 550px\" \/><\/a><p id=\"caption-attachment-88418\" class=\"wp-caption-text\">Casa do Rio Vermelho &#8211; Jorge Amado e Z\u00e9lia Gattai est\u00e1 aberta ao p\u00fablico.<\/p><\/div><br \/>\nA casa, que recebeu um um investimento de R$ 6 milh\u00f5es, a maior parte da Prefeitura, possui 15 ambientes projetados onde s\u00e3o exibidos lembran\u00e7as da vida de Jorge Amado e Z\u00e9lia Gattai. Al\u00e9m desses espa\u00e7os, os visitantes tamb\u00e9m podem acessar documentos e importantes cartas trocadas por Jorge Amado com personalidades nacionais e internacionais. Na \u201cSala de Leitura\u201d os visitantes puderam assistir aos v\u00eddeos de personalidades interpretando trechos das obras escritor. J\u00e1 a \u201cRoda de Conversa\u201d, que fica no quintal da casa, chama a aten\u00e7\u00e3o por exibir depoimentos de famosos, amigos e familiares.<\/p>\n","protected":false},"excerpt":{"rendered":"<p>Ap\u00f3s passar por uma reforma promovida pela Prefeitura de Salvador, a Casa do Rio Vermelho &#8211; Jorge Amado e Z\u00e9lia Gatta, na Rua Alagoinhas n\u00famero 33, est\u00e1 aberta ao p\u00fablico hoje (15) e amanh\u00e3 (16). Ontem (14), primeiro dia de funcionamento ap\u00f3s a inaugura\u00e7\u00e3o, no final de semana passada, quando apenas convidados tiveram acesso ao [&hellip;]<\/p>\n","protected":false},"author":2,"featured_media":0,"comment_status":"open","ping_status":"open","sticky":false,"template":"","format":"standard","meta":{"_links_to":"","_links_to_target":""},"categories":[5],"tags":[],"_links":{"self":[{"href":"https:\/\/www.r2cpress.com.br\/v1\/wp-json\/wp\/v2\/posts\/88417"}],"collection":[{"href":"https:\/\/www.r2cpress.com.br\/v1\/wp-json\/wp\/v2\/posts"}],"about":[{"href":"https:\/\/www.r2cpress.com.br\/v1\/wp-json\/wp\/v2\/types\/post"}],"author":[{"embeddable":true,"href":"https:\/\/www.r2cpress.com.br\/v1\/wp-json\/wp\/v2\/users\/2"}],"replies":[{"embeddable":true,"href":"https:\/\/www.r2cpress.com.br\/v1\/wp-json\/wp\/v2\/comments?post=88417"}],"version-history":[{"count":1,"href":"https:\/\/www.r2cpress.com.br\/v1\/wp-json\/wp\/v2\/posts\/88417\/revisions"}],"predecessor-version":[{"id":88419,"href":"https:\/\/www.r2cpress.com.br\/v1\/wp-json\/wp\/v2\/posts\/88417\/revisions\/88419"}],"wp:attachment":[{"href":"https:\/\/www.r2cpress.com.br\/v1\/wp-json\/wp\/v2\/media?parent=88417"}],"wp:term":[{"taxonomy":"category","embeddable":true,"href":"https:\/\/www.r2cpress.com.br\/v1\/wp-json\/wp\/v2\/categories?post=88417"},{"taxonomy":"post_tag","embeddable":true,"href":"https:\/\/www.r2cpress.com.br\/v1\/wp-json\/wp\/v2\/tags?post=88417"}],"curies":[{"name":"wp","href":"https:\/\/api.w.org\/{rel}","templated":true}]}}