{"id":88487,"date":"2014-11-17T14:21:36","date_gmt":"2014-11-17T17:21:36","guid":{"rendered":"http:\/\/www.r2cpress.com.br\/v1\/?p=88487"},"modified":"2014-11-17T14:21:36","modified_gmt":"2014-11-17T17:21:36","slug":"prefeito-de-ilheus-pede-agilidade-do-projeto-porto-das-artes","status":"publish","type":"post","link":"https:\/\/www.r2cpress.com.br\/v1\/2014\/11\/17\/prefeito-de-ilheus-pede-agilidade-do-projeto-porto-das-artes\/","title":{"rendered":"Prefeito de Ilh\u00e9us pede agilidade do Projeto Porto das Artes"},"content":{"rendered":"<p align=\"center\"><i>O projeto de constru\u00e7\u00e3o de um complexo cultural foi elaborado pelas secretarias municipais de Cultura (Setur) e Turismo (Setur).O prefeito pede agilidade ao presidente da Codeba,<\/i>\u00a0<i>Jos\u00e9 Muniz Rebou\u00e7as, e ao Ministro Chefe da Secretaria de Portos da Presid\u00eancia da Rep\u00fablica, C\u00e9sar Borges. \u00a0\u00a0<\/i><\/p>\n<p>Em reuni\u00e3o, na semana passada, em Salvador, com o presidente da Companhia das Docas do Estado da Bahia, Jos\u00e9 Muniz Rebou\u00e7as, o prefeito de Ilh\u00e9us, Jabes Ribeiro, solicitou agilidade para a autoriza\u00e7\u00e3o de execu\u00e7\u00e3o do projeto do Porto das Artes, que vai promover a recupera\u00e7\u00e3o da \u00e1rea abandonada no cais do antigo porto de Ilh\u00e9us, no centro hist\u00f3rico da cidade. E nesta ter\u00e7a-feira, dia 18, Jabes estar\u00e1 em Bras\u00edlia, onde se reunir\u00e1 com\u00a0Ministro Chefe da Secretaria de Portos da Presid\u00eancia da Rep\u00fablica, o baiano C\u00e9sar Borges, a quem solicitar\u00e1 tamb\u00e9m rapidez na tramita\u00e7\u00e3o do projeto.<\/p>\n<p>Elaborado pelas secretarias municipais de Cultura e de Turismo, o projeto Porto das Artes transformar\u00e1 o armaz\u00e9m abandonado na \u00e1rea da Codeba em um complexo cultural voltado para exposi\u00e7\u00f5es de artesanato e outras manifesta\u00e7\u00f5es art\u00edsticas, al\u00e9m da instala\u00e7\u00e3o do\u00a0Memorial da Cultura Negra. O projeto ser\u00e1 localizado ao lado do Terminal Pesqueiro recentemente implantado pela Bahia Pesca. \u201cO objetivo de constru\u00e7\u00e3o desse centro cultural \u00e9 criar mais uma op\u00e7\u00e3o de lazer para o ilheense e um novo vetor de din\u00e2mica do setor tur\u00edstico\u201d, afirma o prefeito.<\/p>\n<p>\u201cEu creio que com isso, estamos reafirmando o compromisso permanente de fazer a cultura avan\u00e7ar em nosso munic\u00edpio. Esse \u00e9 um elemento estrat\u00e9gico na nossa forma\u00e7\u00e3o, na consolida\u00e7\u00e3o da nossa hist\u00f3ria, al\u00e9m da import\u00e2ncia para a atividade tur\u00edstica\u201d, garante o gestor. O prefeito destacou que com a consolida\u00e7\u00e3o do Porto das Artes, Ilh\u00e9us ganhar\u00e1 mais um espa\u00e7o de fomento \u00e0 produ\u00e7\u00e3o cultural e de incentivo \u00e0 ind\u00fastria criativa, cuja iniciativa j\u00e1 vem ocorrendo no munic\u00edpio, atrav\u00e9s da Secretaria Municipal de Ind\u00fastria e Com\u00e9rcio (Sedic) em parceria com o Servi\u00e7o Brasileiro de Apoio \u00e0s Micro e Pequenas Empresas (Sebrae) e comunidades de bairros da zona sul.<\/p>\n<p>\u201cEste ser\u00e1 mais um legado cultural que proporcionaremos aos ilheenses, assim como o Teatro Municipal, a Biblioteca P\u00fablica, o Centro Cultural de Oliven\u00e7a e a Casa de Cultura Jorge Amado, que formulamos em gest\u00f5es anteriores\u201d, ressaltou o prefeito Jabes Ribeiro.<\/p>\n<p><b><span style=\"text-decoration: underline;\">Hist\u00f3ria<\/span><\/b>\u00a0\u2013 O antigo armaz\u00e9m da Codeba se encontra desativado desde o in\u00edcio dos anos 70, quando foi inaugurado o Porto de Malhado. Em 2003, durante o terceiro mandato do prefeito Jabes Ribeiro, dois dos cinco armaz\u00e9ns foram demolidos, atendendo, assim, a uma antiga reivindica\u00e7\u00e3o de lojistas e empres\u00e1rios. No espa\u00e7o, foram constru\u00eddos\u00a0\u00a0uma \u00e1rea de lazer e um estacionamento, hoje plenamente integrados ao dia-a-dia da cidade.<\/p>\n<p>&#8212;<\/p>\n<p><b>Secretaria de Comunica\u00e7\u00e3o Social \u2013 Secom<\/b><\/p>\n","protected":false},"excerpt":{"rendered":"<p>O projeto de constru\u00e7\u00e3o de um complexo cultural foi elaborado pelas secretarias municipais de Cultura (Setur) e Turismo (Setur).O prefeito pede agilidade ao presidente da Codeba,\u00a0Jos\u00e9 Muniz Rebou\u00e7as, e ao Ministro Chefe da Secretaria de Portos da Presid\u00eancia da Rep\u00fablica, C\u00e9sar Borges. \u00a0\u00a0 Em reuni\u00e3o, na semana passada, em Salvador, com o presidente da Companhia [&hellip;]<\/p>\n","protected":false},"author":2,"featured_media":0,"comment_status":"open","ping_status":"open","sticky":false,"template":"","format":"standard","meta":{"_links_to":"","_links_to_target":""},"categories":[23],"tags":[],"_links":{"self":[{"href":"https:\/\/www.r2cpress.com.br\/v1\/wp-json\/wp\/v2\/posts\/88487"}],"collection":[{"href":"https:\/\/www.r2cpress.com.br\/v1\/wp-json\/wp\/v2\/posts"}],"about":[{"href":"https:\/\/www.r2cpress.com.br\/v1\/wp-json\/wp\/v2\/types\/post"}],"author":[{"embeddable":true,"href":"https:\/\/www.r2cpress.com.br\/v1\/wp-json\/wp\/v2\/users\/2"}],"replies":[{"embeddable":true,"href":"https:\/\/www.r2cpress.com.br\/v1\/wp-json\/wp\/v2\/comments?post=88487"}],"version-history":[{"count":2,"href":"https:\/\/www.r2cpress.com.br\/v1\/wp-json\/wp\/v2\/posts\/88487\/revisions"}],"predecessor-version":[{"id":88489,"href":"https:\/\/www.r2cpress.com.br\/v1\/wp-json\/wp\/v2\/posts\/88487\/revisions\/88489"}],"wp:attachment":[{"href":"https:\/\/www.r2cpress.com.br\/v1\/wp-json\/wp\/v2\/media?parent=88487"}],"wp:term":[{"taxonomy":"category","embeddable":true,"href":"https:\/\/www.r2cpress.com.br\/v1\/wp-json\/wp\/v2\/categories?post=88487"},{"taxonomy":"post_tag","embeddable":true,"href":"https:\/\/www.r2cpress.com.br\/v1\/wp-json\/wp\/v2\/tags?post=88487"}],"curies":[{"name":"wp","href":"https:\/\/api.w.org\/{rel}","templated":true}]}}