{"id":88492,"date":"2014-11-17T14:58:25","date_gmt":"2014-11-17T17:58:25","guid":{"rendered":"http:\/\/www.r2cpress.com.br\/v1\/?p=88492"},"modified":"2014-11-17T14:58:25","modified_gmt":"2014-11-17T17:58:25","slug":"ilheus-mes-negro-cine-literatura","status":"publish","type":"post","link":"https:\/\/www.r2cpress.com.br\/v1\/2014\/11\/17\/ilheus-mes-negro-cine-literatura\/","title":{"rendered":"ILH\u00c9US \/ M\u00eas Negro Cine Literatura"},"content":{"rendered":"<p>\u200bNo dias 20 e 21 de novembro, em comemora\u00e7\u00e3o \u00e0 Consci\u00eancia Negra, o Cine Literatura Casa Aberta exibir\u00e1 dois filmes que retratam as culturas afro-brasileira: Jubiab\u00e1, de Nelson Pereira dos Santos (1986) e Atabaque Nzinga, de Oct\u00e1vio Bezerra (2007).<br \/>\n<div id=\"attachment_88493\" style=\"width: 610px\" class=\"wp-caption aligncenter\"><a href=\"http:\/\/www.r2cpress.com.br\/v1\/wp-content\/uploads\/2014\/11\/m\u00eas-da-consci\u00eancia-negra_programa\u00e7\u00e3o.jpg\"><img aria-describedby=\"caption-attachment-88493\" loading=\"lazy\" src=\"http:\/\/www.r2cpress.com.br\/v1\/wp-content\/uploads\/2014\/11\/m\u00eas-da-consci\u00eancia-negra_programa\u00e7\u00e3o.jpg\" alt=\"Acompanhe .\" width=\"600\" height=\"424\" class=\"size-full wp-image-88493\" srcset=\"https:\/\/www.r2cpress.com.br\/v1\/wp-content\/uploads\/2014\/11\/m\u00eas-da-consci\u00eancia-negra_programa\u00e7\u00e3o.jpg 600w, https:\/\/www.r2cpress.com.br\/v1\/wp-content\/uploads\/2014\/11\/m\u00eas-da-consci\u00eancia-negra_programa\u00e7\u00e3o-300x212.jpg 300w\" sizes=\"(max-width: 600px) 100vw, 600px\" \/><\/a><p id=\"caption-attachment-88493\" class=\"wp-caption-text\">Acompanhe .<\/p><\/div><br \/>\nPelas manh\u00e3s e tardes tamb\u00e9m haver\u00e1 conta\u00e7\u00e3o de hist\u00f3rias da literatura afro nacional e bate-papo ap\u00f3s a exibi\u00e7\u00e3o dos filmes sobre os conte\u00fados e contextos exibidos. Convidamos a todos os interessados, estudantes, professores, artistas e demais amigos para participarem das atividades.<br \/>\nOs encontros acontecer\u00e3o no espa\u00e7o da Associa\u00e7\u00e3o Filtro dos Sonhos, na Pra\u00e7a do Cadete, n\u00ba 06, Outeiro de S\u00e3o Sebasti\u00e3o, Ilh\u00e9us Bahia.<\/p>\n<p>O Cine Literatura Casa Aberta \u00e9 realizado pela Associa\u00e7\u00e3o Filtro dos Sonhos e foi contemplado no Edital de Sele\u00e7\u00e3o P\u00fablica: Pr\u00eamio de Apoio \u00e0s Bibliotecas Comunit\u00e1rias e Pontos de Leituras, da Funda\u00e7\u00e3o Biblioteca Nacional e Sistema de Bibliotecas Publicas, vinculadas ao Minist\u00e9rio da Cultura. Ainda conta com o apoio cultural da Secretaria de Cultura de Ilh\u00e9us, do Instituto Cabruca, da Cicon, da Trapos e Panos, da Papirus e ACEAI. <\/p>\n","protected":false},"excerpt":{"rendered":"<p>\u200bNo dias 20 e 21 de novembro, em comemora\u00e7\u00e3o \u00e0 Consci\u00eancia Negra, o Cine Literatura Casa Aberta exibir\u00e1 dois filmes que retratam as culturas afro-brasileira: Jubiab\u00e1, de Nelson Pereira dos Santos (1986) e Atabaque Nzinga, de Oct\u00e1vio Bezerra (2007). Pelas manh\u00e3s e tardes tamb\u00e9m haver\u00e1 conta\u00e7\u00e3o de hist\u00f3rias da literatura afro nacional e bate-papo ap\u00f3s [&hellip;]<\/p>\n","protected":false},"author":2,"featured_media":0,"comment_status":"open","ping_status":"open","sticky":false,"template":"","format":"standard","meta":{"_links_to":"","_links_to_target":""},"categories":[5],"tags":[],"_links":{"self":[{"href":"https:\/\/www.r2cpress.com.br\/v1\/wp-json\/wp\/v2\/posts\/88492"}],"collection":[{"href":"https:\/\/www.r2cpress.com.br\/v1\/wp-json\/wp\/v2\/posts"}],"about":[{"href":"https:\/\/www.r2cpress.com.br\/v1\/wp-json\/wp\/v2\/types\/post"}],"author":[{"embeddable":true,"href":"https:\/\/www.r2cpress.com.br\/v1\/wp-json\/wp\/v2\/users\/2"}],"replies":[{"embeddable":true,"href":"https:\/\/www.r2cpress.com.br\/v1\/wp-json\/wp\/v2\/comments?post=88492"}],"version-history":[{"count":1,"href":"https:\/\/www.r2cpress.com.br\/v1\/wp-json\/wp\/v2\/posts\/88492\/revisions"}],"predecessor-version":[{"id":88494,"href":"https:\/\/www.r2cpress.com.br\/v1\/wp-json\/wp\/v2\/posts\/88492\/revisions\/88494"}],"wp:attachment":[{"href":"https:\/\/www.r2cpress.com.br\/v1\/wp-json\/wp\/v2\/media?parent=88492"}],"wp:term":[{"taxonomy":"category","embeddable":true,"href":"https:\/\/www.r2cpress.com.br\/v1\/wp-json\/wp\/v2\/categories?post=88492"},{"taxonomy":"post_tag","embeddable":true,"href":"https:\/\/www.r2cpress.com.br\/v1\/wp-json\/wp\/v2\/tags?post=88492"}],"curies":[{"name":"wp","href":"https:\/\/api.w.org\/{rel}","templated":true}]}}