{"id":8850,"date":"2011-02-17T21:16:28","date_gmt":"2011-02-18T00:16:28","guid":{"rendered":"http:\/\/www.r2cpress.com.br\/v1\/?p=8850"},"modified":"2011-02-17T21:17:32","modified_gmt":"2011-02-18T00:17:32","slug":"solenidade-marca-festividades-de-54-anos-da-ceplac-na-bahia","status":"publish","type":"post","link":"https:\/\/www.r2cpress.com.br\/v1\/2011\/02\/17\/solenidade-marca-festividades-de-54-anos-da-ceplac-na-bahia\/","title":{"rendered":"Solenidade marca festividades  de  54 anos da Ceplac na Bahia"},"content":{"rendered":"<p><a href=\"http:\/\/www.r2cpress.com.br\/v1\/wp-content\/uploads\/ceplac-54-anos.jpeg\"><img loading=\"lazy\" src=\"http:\/\/www.r2cpress.com.br\/v1\/wp-content\/uploads\/ceplac-54-anos.jpeg\" alt=\"\" title=\"ceplac 54 anos\" width=\"226\" height=\"132\" class=\"alignleft size-full wp-image-8852\" \/><\/a>Uma solenidade no audit\u00f3rio H\u00e9lio Reis de Oliveira, do Centro de Pesquisas do Cacau (Cepec), na Superintend\u00eancia da Ceplac na Bahia, Km 22 da rodovia BR-415 &#8211; Jorge Amado, entre Ilh\u00e9us &#8211; Itabuna, nesta segunda-feira, 21, entre as 8h30min e 12h30min, vai marcar as festividades comemorativas de 54 anos da institui\u00e7\u00e3o. O evento vai contar com a participa\u00e7\u00e3o de produtores de cacau, autoridades regionais e funcion\u00e1rios p\u00fablicos federais lotados na institui\u00e7\u00e3o da administra\u00e7\u00e3o direta do Minist\u00e9rio da Agricultura, Pecu\u00e1ria e Abastecimento (Mapa). <\/p>\n<p>O evento constar\u00e1 da apresenta\u00e7\u00e3o de depoimentos de ex-funcion\u00e1rios e produtores de cacau sobre a trajet\u00f3ria da Ceplac, criada por decreto do ent\u00e3o Presidente Juscelino Kubistcheck de Oliveira, em 20 de fevereiro de 1957, \u00e9poca em que a economia cacaueira atravessava grave crise, tendo sua atua\u00e7\u00e3o, centrada, basicamente, no apoio \u00e0 cacauicultura. Desde a sua cria\u00e7\u00e3o, a Ceplac vem acumulando in\u00fameras conquistas, gra\u00e7as ao seu modelo de atua\u00e7\u00e3o integrada, quando num s\u00f3 \u00d3rg\u00e3o, desenvolveram-se atividades de pesquisa, extens\u00e3o rural e ensino agr\u00edcola. <\/p>\n<p><!--more--><\/p>\n<p>Haver\u00e1 pronunciamentos do Diretor da Ceplac, Jay Wallace da Silva e Mota, e dos chefes do Centro de Pesquisas do Cacau (Cepec), Adonias de Castro Virgens Filho, e Centro de Extens\u00e3o da Ceplac (Cenex), S\u00e9rgio Murilo Correia Menezes. Tamb\u00e9m dar\u00e3o depoimentos sobre a institui\u00e7\u00e3o os representantes da C\u00e2mara Setorial do Agroneg\u00f3cio Cacau e Sistemas Florestais Renov\u00e1veis, vinculada ao Minist\u00e9rio da Agricultura, e da C\u00e2mara Setorial do Cacau no Estado da Bahia, presidida pelo secret\u00e1rio de Agricultura, Irriga\u00e7\u00e3o e Reforma Agr\u00e1ria da Bahia, Eduardo Salles, e tendo na secretaria-executiva o produtor Isidoro Gesteira. <\/p>\n<p>\tO chefe do Servi\u00e7o de Planejamento da Superintend\u00eancia da Ceplac na Bahia, M\u00e1rio Tavares, afirma que na ocasi\u00e3o a Diretoria deve anunciar a realiza\u00e7\u00e3o do planejamento estrat\u00e9gico institucional &#8211; estudo que ser\u00e1 conduzido por uma empresa vencedora de licita\u00e7\u00e3o realizada no final do ano passado, com o objetivo de reestrutura\u00e7\u00e3o da institui\u00e7\u00e3o para novos desafios. Ao longo de sua trajet\u00f3ria, a Ceplac \u00e9 respons\u00e1vel pela eleva\u00e7\u00e3o da produ\u00e7\u00e3o nacional de cacau em 310%, comparando-se os per\u00edodos de 60\/65 a 80\/85, aumento da produtividade do cacau de 220 kg\/ha, em 1962, para 740 kg\/ha, em 1985, e gera\u00e7\u00e3o, atrav\u00e9s do Programa de Expans\u00e3o da Cacauicultura &#8211; Procacau, de 80.000 empregos diretos naquela d\u00e9cada, al\u00e9m de desenvolver tecnologia de clones de cacau resistentes e tolerantes \u00e0 vassoura-de-bruxa. <\/p>\n<p>&#8212;<br \/>\nCEPLAC \/ ASCOM<\/p>\n","protected":false},"excerpt":{"rendered":"<p>Uma solenidade no audit\u00f3rio H\u00e9lio Reis de Oliveira, do Centro de Pesquisas do Cacau (Cepec), na Superintend\u00eancia da Ceplac na Bahia, Km 22 da rodovia BR-415 &#8211; Jorge Amado, entre Ilh\u00e9us &#8211; Itabuna, nesta segunda-feira, 21, entre as 8h30min e 12h30min, vai marcar as festividades comemorativas de 54 anos da institui\u00e7\u00e3o. O evento vai contar [&hellip;]<\/p>\n","protected":false},"author":2,"featured_media":0,"comment_status":"open","ping_status":"open","sticky":false,"template":"","format":"standard","meta":{"_links_to":"","_links_to_target":""},"categories":[3],"tags":[],"_links":{"self":[{"href":"https:\/\/www.r2cpress.com.br\/v1\/wp-json\/wp\/v2\/posts\/8850"}],"collection":[{"href":"https:\/\/www.r2cpress.com.br\/v1\/wp-json\/wp\/v2\/posts"}],"about":[{"href":"https:\/\/www.r2cpress.com.br\/v1\/wp-json\/wp\/v2\/types\/post"}],"author":[{"embeddable":true,"href":"https:\/\/www.r2cpress.com.br\/v1\/wp-json\/wp\/v2\/users\/2"}],"replies":[{"embeddable":true,"href":"https:\/\/www.r2cpress.com.br\/v1\/wp-json\/wp\/v2\/comments?post=8850"}],"version-history":[{"count":3,"href":"https:\/\/www.r2cpress.com.br\/v1\/wp-json\/wp\/v2\/posts\/8850\/revisions"}],"predecessor-version":[{"id":8853,"href":"https:\/\/www.r2cpress.com.br\/v1\/wp-json\/wp\/v2\/posts\/8850\/revisions\/8853"}],"wp:attachment":[{"href":"https:\/\/www.r2cpress.com.br\/v1\/wp-json\/wp\/v2\/media?parent=8850"}],"wp:term":[{"taxonomy":"category","embeddable":true,"href":"https:\/\/www.r2cpress.com.br\/v1\/wp-json\/wp\/v2\/categories?post=8850"},{"taxonomy":"post_tag","embeddable":true,"href":"https:\/\/www.r2cpress.com.br\/v1\/wp-json\/wp\/v2\/tags?post=8850"}],"curies":[{"name":"wp","href":"https:\/\/api.w.org\/{rel}","templated":true}]}}