{"id":88512,"date":"2014-11-18T10:08:27","date_gmt":"2014-11-18T13:08:27","guid":{"rendered":"http:\/\/www.r2cpress.com.br\/v1\/?p=88512"},"modified":"2014-11-18T10:08:27","modified_gmt":"2014-11-18T13:08:27","slug":"ilheus-sem-violencia-e-bem-melhor","status":"publish","type":"post","link":"https:\/\/www.r2cpress.com.br\/v1\/2014\/11\/18\/ilheus-sem-violencia-e-bem-melhor\/","title":{"rendered":"&#8220;Ilh\u00e9us sem viol\u00eancia \u00e9 bem melhor&#8221;."},"content":{"rendered":"<h2 style=\"text-align: center;\"><span style=\"color: #000000;\"><strong>Convite<\/strong><\/span><\/h2>\n<p>Prezado(a) Comunicador (a)<\/p>\n<p>Como parte das a\u00e7\u00f5es coletivas de combate \u00e0 viol\u00eancia nas escolas e o uso de drogas por parte de alunos, a 68\u00aa Companhia Independente da Pol\u00edcia Militar em Ilh\u00e9us (CIPM), a APPI-APLB\/Sindicato, Delegacia Sindical Costa do Cacau, e a Direc-6 lan\u00e7aram o concurso de reda\u00e7\u00e3o e desenho com o tema \u201cIlh\u00e9us sem viol\u00eancia \u00e9 bem melhor\u201d.<\/p>\n<p>Para esclarecer os detalhes, objetivos e metas do concurso, convidamos o\/a ilustre profissional de comunica\u00e7\u00e3o para uma entrevista coletiva, seguida de um caf\u00e9 da manh\u00e3, onde juntos discutiremos a\u00e7\u00f5es conjuntas para combater a viol\u00eancia nas escolas de Ilh\u00e9us.<\/p>\n<p>Contamos com a Vossa Presen\u00e7a<\/p>\n<p style=\"text-align: center;\"><strong>\u00a0Dia: 20 de novembro de 2014;<\/strong><\/p>\n<p style=\"text-align: center;\"><strong>Hora: 8h30min<\/strong><\/p>\n<p style=\"text-align: center;\"><strong>Local: Loja Ma\u00e7\u00f4nica Regenera\u00e7\u00e3o Sul Bahiana<\/strong><\/p>\n<p style=\"text-align: center;\">\n<p style=\"text-align: center;\">\u00a0<strong>Major PM C\u00e2mara\u00a0\u00a0\u00a0\u00a0\u00a0\u00a0\u00a0\u00a0\u00a0 \u00a0Enilda Mendon\u00e7a\u00a0\u00a0\u00a0\u00a0\u00a0 Ana Maria Oliveira<\/strong><\/p>\n<p style=\"text-align: center;\"><strong>68\u00aa CIPM\u00a0\u00a0\u00a0\u00a0\u00a0\u00a0\u00a0\u00a0\u00a0\u00a0\u00a0\u00a0\u00a0\u00a0\u00a0\u00a0\u00a0\u00a0\u00a0\u00a0\u00a0\u00a0\u00a0\u00a0\u00a0 APPI\/APLB\u00a0\u00a0\u00a0\u00a0\u00a0\u00a0\u00a0\u00a0 \u00a0\u00a0\u00a0\u00a0\u00a0\u00a0\u00a0\u00a0\u00a0\u00a0\u00a0\u00a0\u00a0Direc-06<\/strong><\/p>\n","protected":false},"excerpt":{"rendered":"<p>Convite Prezado(a) Comunicador (a) Como parte das a\u00e7\u00f5es coletivas de combate \u00e0 viol\u00eancia nas escolas e o uso de drogas por parte de alunos, a 68\u00aa Companhia Independente da Pol\u00edcia Militar em Ilh\u00e9us (CIPM), a APPI-APLB\/Sindicato, Delegacia Sindical Costa do Cacau, e a Direc-6 lan\u00e7aram o concurso de reda\u00e7\u00e3o e desenho com o tema \u201cIlh\u00e9us [&hellip;]<\/p>\n","protected":false},"author":2,"featured_media":0,"comment_status":"open","ping_status":"open","sticky":false,"template":"","format":"standard","meta":{"_links_to":"","_links_to_target":""},"categories":[25],"tags":[],"_links":{"self":[{"href":"https:\/\/www.r2cpress.com.br\/v1\/wp-json\/wp\/v2\/posts\/88512"}],"collection":[{"href":"https:\/\/www.r2cpress.com.br\/v1\/wp-json\/wp\/v2\/posts"}],"about":[{"href":"https:\/\/www.r2cpress.com.br\/v1\/wp-json\/wp\/v2\/types\/post"}],"author":[{"embeddable":true,"href":"https:\/\/www.r2cpress.com.br\/v1\/wp-json\/wp\/v2\/users\/2"}],"replies":[{"embeddable":true,"href":"https:\/\/www.r2cpress.com.br\/v1\/wp-json\/wp\/v2\/comments?post=88512"}],"version-history":[{"count":2,"href":"https:\/\/www.r2cpress.com.br\/v1\/wp-json\/wp\/v2\/posts\/88512\/revisions"}],"predecessor-version":[{"id":88514,"href":"https:\/\/www.r2cpress.com.br\/v1\/wp-json\/wp\/v2\/posts\/88512\/revisions\/88514"}],"wp:attachment":[{"href":"https:\/\/www.r2cpress.com.br\/v1\/wp-json\/wp\/v2\/media?parent=88512"}],"wp:term":[{"taxonomy":"category","embeddable":true,"href":"https:\/\/www.r2cpress.com.br\/v1\/wp-json\/wp\/v2\/categories?post=88512"},{"taxonomy":"post_tag","embeddable":true,"href":"https:\/\/www.r2cpress.com.br\/v1\/wp-json\/wp\/v2\/tags?post=88512"}],"curies":[{"name":"wp","href":"https:\/\/api.w.org\/{rel}","templated":true}]}}