{"id":88531,"date":"2014-11-18T15:10:42","date_gmt":"2014-11-18T18:10:42","guid":{"rendered":"http:\/\/www.r2cpress.com.br\/v1\/?p=88531"},"modified":"2014-11-18T15:10:42","modified_gmt":"2014-11-18T18:10:42","slug":"governo-registra-10-terreiros-como-patrimonio-cultural-imaterial-do-estado-nesta-quarta-19","status":"publish","type":"post","link":"https:\/\/www.r2cpress.com.br\/v1\/2014\/11\/18\/governo-registra-10-terreiros-como-patrimonio-cultural-imaterial-do-estado-nesta-quarta-19\/","title":{"rendered":"Governo registra 10 terreiros como Patrim\u00f4nio Cultural Imaterial do Estado nesta quarta (19)"},"content":{"rendered":"<p>Os espa\u00e7os, situados em Cachoeira e S\u00e3o F\u00e9lix, s\u00e3o os primeiros do pa\u00eds a  receber esse tipo de prote\u00e7\u00e3o, que abrange todo o conhecimento e heran\u00e7as simb\u00f3licas dessas matrizes culturais<\/p>\n<p>Dez terreiros de candombl\u00e9 localizados nos munic\u00edpios de Cachoeira e S\u00e3o F\u00e9lix, na regi\u00e3o do Rec\u00f4ncavo, ser\u00e3o inscritos no Livro de Registro Especial dos Espa\u00e7os Destinados a Pr\u00e1ticas Culturais Coletivas do Estado. A assinatura do decreto, que autoriza o registro e torna os 10 terreiros Patrim\u00f4nio Cultural Imaterial do Estado, acontecer\u00e1 nesta quarta (19), \u00e0s 18h, no Sal\u00e3o de Atos da Governadoria (Centro Administrativo da Bahia &#8211; CAB). Na ocasi\u00e3o, o governador Jaques Wagner assinar\u00e1 tamb\u00e9m os decretos de titula\u00e7\u00e3o de 14 comunidades quilombolas e de regulamenta\u00e7\u00e3o do Estatuto da Igualdade Racial e de Combate \u00e0 Intoler\u00e2ncia Religiosa.<\/p>\n<p>Os 10 espa\u00e7os &#8211; `Aganj\u00fa Did\u00ea\u00b4 (conhecido como `Ici Mim\u00f3\u00b4), `Viva Deus\u00b4, `Lobanekum\u00b4, `Lobanekum Filha\u00b4, `Ogod\u00f3 Dey\u00b4, `Il\u00ea Ax\u00e9 Itayle\u00b4, `Humpame Ayono Hunt\u00f3loji\u00b4 e `Dendezeiro Incossi Mukumbi\u00b4, localizados em Cachoeira; e `Raiz de Ayr\u00e1\u00b4 e `Ile Ax\u00e9 Ogunj\u00e1\u00b4, situados em S\u00e3o F\u00e9lix &#8211; ser\u00e3o os primeiros do pa\u00eds a receber o registro, considerado inovador e mais adequado aos terreiros, pois possibilita a prote\u00e7\u00e3o n\u00e3o somente da estrutura f\u00edsica, mas de toda a simbologia que envolve o lugar, incluindo os rituais e a culin\u00e1ria.<\/p>\n<p>&#8220;At\u00e9 hoje, a prote\u00e7\u00e3o oficial oferecida aos terreiros do Brasil era o &#8216;tombamento&#8217;, utilizado para bens culturais materiais, como im\u00f3veis e obras de arte. J\u00e1 o registro especial abriga o patrim\u00f4nio imaterial, que inclui as manifesta\u00e7\u00f5es populares, os modos de fazer e, no caso espec\u00edfico dos terreiros, os conhecimentos e heran\u00e7as simb\u00f3licas dessas matrizes culturais&#8221;\t, explica a diretora geral do Instituto do Patrim\u00f4nio Art\u00edstico e Cultural (IPAC), Elisabete G\u00e1ndara.<\/p>\n<p><!--more--><\/p>\n<p>A assinatura do decreto que torna os 10 terreiros Patrim\u00f4nio Cultural Imaterial do Estado integra a `III Celebra\u00e7\u00e3o das Culturas Negras\u00b4, que, desde o in\u00edcio de novembro, vem movimentando espa\u00e7os culturais da Secretaria de Cultura do Estado da Bahia (SecultBA) na capital e interior com apresenta\u00e7\u00f5es art\u00edsticas, debates, mostras e encontros. A programa\u00e7\u00e3o segue at\u00e9 o final do m\u00eas e contempla pr\u00e1ticas culturais diversas, aliadas a atividades pol\u00edticas e de resist\u00eancia.<\/p>\n<p><strong>Decis\u00e3o embasada<\/strong><\/p>\n<p>A decis\u00e3o do governador de registrar os 10 terreiros foi tomada com o aval do Conselho Estadual de Cultura (CEC) e a partir de estudos realizados por t\u00e9cnicos do IPAC, \u00f3rg\u00e3o vinculado \u00e0 SecultBA. Estes estudos resultaram em um dossi\u00ea com cerca de 100 p\u00e1ginas, composto de laudo antropol\u00f3gico (relat\u00f3rios sobre hist\u00f3ria dos terreiros, chegada de povos africanos no pa\u00eds etc), iconografia (fotos) e historiografia das cidades de Cachoeira e S\u00e3o F\u00e9lix.<\/p>\n<p>A Bahia tamb\u00e9m foi o primeiro estado brasileiro a proteger atrav\u00e9s de decreto estadual e via registro especial um of\u00edcio, com o Of\u00edcio de Vaqueiros, em 2011. Outros bens culturais protegidos recentemente via  registro especial foram o Carnaval de Maragojipe, Festa de Santa B\u00e1rbara, Capoeira, Festa da Boa Morte, Desfile dos Afox\u00e9s e Of\u00edcio das Baianas de Acaraj\u00e9.<\/p>\n<p>Mais informa\u00e7\u00f5es sobre o &#8216;registro especial&#8217; para os terreiros baianos e prote\u00e7\u00e3o aos bens materiais e imateriais do Estado podem ser obtidas com a Diretoria de Preserva\u00e7\u00e3o do Patrim\u00f4nio Cultural (DIPAT) do IPAC pelos telefones (71) 3117-7496 e 3117-7498 ou endere\u00e7o dipat.ipac@ipac.ba.gov.br. Fique informado ainda via site do IPAC (www.ipac.ba.gov.br), Facebook (facebook.com\/ipacba) e o Twitter (@ipac_ba).<\/p>\n<p>&#8212;<br \/>\nAssessoria de Comunica\u00e7\u00e3o &#8211; IPAC, em 18.11.2014<\/p>\n","protected":false},"excerpt":{"rendered":"<p>Os espa\u00e7os, situados em Cachoeira e S\u00e3o F\u00e9lix, s\u00e3o os primeiros do pa\u00eds a receber esse tipo de prote\u00e7\u00e3o, que abrange todo o conhecimento e heran\u00e7as simb\u00f3licas dessas matrizes culturais Dez terreiros de candombl\u00e9 localizados nos munic\u00edpios de Cachoeira e S\u00e3o F\u00e9lix, na regi\u00e3o do Rec\u00f4ncavo, ser\u00e3o inscritos no Livro de Registro Especial dos Espa\u00e7os [&hellip;]<\/p>\n","protected":false},"author":2,"featured_media":0,"comment_status":"open","ping_status":"open","sticky":false,"template":"","format":"standard","meta":{"_links_to":"","_links_to_target":""},"categories":[5],"tags":[],"_links":{"self":[{"href":"https:\/\/www.r2cpress.com.br\/v1\/wp-json\/wp\/v2\/posts\/88531"}],"collection":[{"href":"https:\/\/www.r2cpress.com.br\/v1\/wp-json\/wp\/v2\/posts"}],"about":[{"href":"https:\/\/www.r2cpress.com.br\/v1\/wp-json\/wp\/v2\/types\/post"}],"author":[{"embeddable":true,"href":"https:\/\/www.r2cpress.com.br\/v1\/wp-json\/wp\/v2\/users\/2"}],"replies":[{"embeddable":true,"href":"https:\/\/www.r2cpress.com.br\/v1\/wp-json\/wp\/v2\/comments?post=88531"}],"version-history":[{"count":2,"href":"https:\/\/www.r2cpress.com.br\/v1\/wp-json\/wp\/v2\/posts\/88531\/revisions"}],"predecessor-version":[{"id":88533,"href":"https:\/\/www.r2cpress.com.br\/v1\/wp-json\/wp\/v2\/posts\/88531\/revisions\/88533"}],"wp:attachment":[{"href":"https:\/\/www.r2cpress.com.br\/v1\/wp-json\/wp\/v2\/media?parent=88531"}],"wp:term":[{"taxonomy":"category","embeddable":true,"href":"https:\/\/www.r2cpress.com.br\/v1\/wp-json\/wp\/v2\/categories?post=88531"},{"taxonomy":"post_tag","embeddable":true,"href":"https:\/\/www.r2cpress.com.br\/v1\/wp-json\/wp\/v2\/tags?post=88531"}],"curies":[{"name":"wp","href":"https:\/\/api.w.org\/{rel}","templated":true}]}}