{"id":88622,"date":"2014-11-20T10:43:55","date_gmt":"2014-11-20T13:43:55","guid":{"rendered":"http:\/\/www.r2cpress.com.br\/v1\/?p=88622"},"modified":"2014-11-20T10:43:55","modified_gmt":"2014-11-20T13:43:55","slug":"agentes-de-transito-de-ilheus-terao-novos-fardamentos","status":"publish","type":"post","link":"https:\/\/www.r2cpress.com.br\/v1\/2014\/11\/20\/agentes-de-transito-de-ilheus-terao-novos-fardamentos\/","title":{"rendered":"Agentes de tr\u00e2nsito de Ilh\u00e9us ter\u00e3o novos fardamentos\u00a0"},"content":{"rendered":"<p align=\"center\"><i>O prefeito Jabes Ribeiro autorizou a aquisi\u00e7\u00e3o de uniformes e de Equipamentos de Prote\u00e7\u00e3o Individual (EPIs) para os agentes que trabalham com motocicletas.<\/i><\/p>\n<div id=\"attachment_88623\" style=\"width: 560px\" class=\"wp-caption aligncenter\"><a href=\"http:\/\/www.r2cpress.com.br\/v1\/wp-content\/uploads\/2014\/11\/Transito-Foto-Gidelzo-Silva-Secom-Ilh\u00e9us-15.jpg\"><img aria-describedby=\"caption-attachment-88623\" loading=\"lazy\" class=\"size-full wp-image-88623\" src=\"http:\/\/www.r2cpress.com.br\/v1\/wp-content\/uploads\/2014\/11\/Transito-Foto-Gidelzo-Silva-Secom-Ilh\u00e9us-15.jpg\" alt=\"Tr\u00e2nsito. Foto Gidelzo Silva (Secom Ilh\u00e9us).\" width=\"550\" height=\"289\" srcset=\"https:\/\/www.r2cpress.com.br\/v1\/wp-content\/uploads\/2014\/11\/Transito-Foto-Gidelzo-Silva-Secom-Ilh\u00e9us-15.jpg 550w, https:\/\/www.r2cpress.com.br\/v1\/wp-content\/uploads\/2014\/11\/Transito-Foto-Gidelzo-Silva-Secom-Ilh\u00e9us-15-300x157.jpg 300w\" sizes=\"(max-width: 550px) 100vw, 550px\" \/><\/a><p id=\"caption-attachment-88623\" class=\"wp-caption-text\">Tr\u00e2nsito. Foto Gidelzo Silva (Secom Ilh\u00e9us).<\/p><\/div>\n<p>O prefeito Jabes Ribeiro autorizou a aquisi\u00e7\u00e3o de uniformes para os agentes de tr\u00e2nsito de Ilh\u00e9us. O grupamento vai ser beneficiado com cal\u00e7as, camisas, bon\u00e9s, cintos da guarni\u00e7\u00e3o, gandolas, al\u00e9m de Equipamentos de Prote\u00e7\u00e3o Individual (EPIs) para o pessoal que trabalha com motocicletas. Cada um deles ir\u00e1 receber protetores de pernas e de cotovelos.<\/p>\n<p>Os equipamentos dever\u00e3o ser entregues ainda este ano, conforme informa\u00e7\u00e3o do titular da Superintend\u00eancia de Transporte e Tr\u00e2nsito (Sutran), Eliezer Ribeiro. \u201cO modelo operacional e a composi\u00e7\u00e3o do tecido adequado para as fun\u00e7\u00f5es t\u00e1ticas foram escolhidos com o objetivo de melhorar o desempenho das atividades\u201d, destacou.<\/p>\n<p>Segundo o superintendente, o fardamento n\u00e3o s\u00f3 facilitar\u00e1 na identifica\u00e7\u00e3o dos agentes, como tamb\u00e9m ir\u00e1 ajudar no trabalho di\u00e1rio executado no tr\u00e2nsito de Ilh\u00e9us. \u201cOs investimentos em equipamentos no setor de tr\u00e2nsito refor\u00e7am o compromisso do prefeito Jabes Ribeiro de garantir boas condi\u00e7\u00f5es de trabalho do contingente, como tamb\u00e9m contribuir\u00e1 para melhorar a apresenta\u00e7\u00e3o dos agentes perante a sociedade\u201d, ressaltou Ribeiro.<\/p>\n<p><b>Atribui\u00e7\u00f5es\u00a0<\/b>\u2013 Eliezer Ribeiro destacou que os agentes de tr\u00e2nsito de Ilh\u00e9us t\u00eam a fun\u00e7\u00e3o de fiscalizar e orientar condutores de ve\u00edculos automotores e pedestres, principalmente quanto \u00e0 quest\u00e3o de seguran\u00e7a, obedi\u00eancia \u00e0s normas e a sinaliza\u00e7\u00e3o de tr\u00e2nsito e transportes. O grupo tem ainda como atribui\u00e7\u00e3o fiscalizar o transporte p\u00fablico e prestadores de servi\u00e7o, a exemplo de \u00f4nibus urbanos, t\u00e1xis, carros e motos de som e de carga, emitindo alvar\u00e1s.<\/p>\n<p><b>&#8212;\u00a0<\/b><\/p>\n<p><b>Secretaria de Comunica\u00e7\u00e3o Social \u2013 Secom<\/b><\/p>\n","protected":false},"excerpt":{"rendered":"<p>O prefeito Jabes Ribeiro autorizou a aquisi\u00e7\u00e3o de uniformes e de Equipamentos de Prote\u00e7\u00e3o Individual (EPIs) para os agentes que trabalham com motocicletas. O prefeito Jabes Ribeiro autorizou a aquisi\u00e7\u00e3o de uniformes para os agentes de tr\u00e2nsito de Ilh\u00e9us. O grupamento vai ser beneficiado com cal\u00e7as, camisas, bon\u00e9s, cintos da guarni\u00e7\u00e3o, gandolas, al\u00e9m de Equipamentos [&hellip;]<\/p>\n","protected":false},"author":2,"featured_media":0,"comment_status":"open","ping_status":"open","sticky":false,"template":"","format":"standard","meta":{"_links_to":"","_links_to_target":""},"categories":[23],"tags":[],"_links":{"self":[{"href":"https:\/\/www.r2cpress.com.br\/v1\/wp-json\/wp\/v2\/posts\/88622"}],"collection":[{"href":"https:\/\/www.r2cpress.com.br\/v1\/wp-json\/wp\/v2\/posts"}],"about":[{"href":"https:\/\/www.r2cpress.com.br\/v1\/wp-json\/wp\/v2\/types\/post"}],"author":[{"embeddable":true,"href":"https:\/\/www.r2cpress.com.br\/v1\/wp-json\/wp\/v2\/users\/2"}],"replies":[{"embeddable":true,"href":"https:\/\/www.r2cpress.com.br\/v1\/wp-json\/wp\/v2\/comments?post=88622"}],"version-history":[{"count":2,"href":"https:\/\/www.r2cpress.com.br\/v1\/wp-json\/wp\/v2\/posts\/88622\/revisions"}],"predecessor-version":[{"id":88625,"href":"https:\/\/www.r2cpress.com.br\/v1\/wp-json\/wp\/v2\/posts\/88622\/revisions\/88625"}],"wp:attachment":[{"href":"https:\/\/www.r2cpress.com.br\/v1\/wp-json\/wp\/v2\/media?parent=88622"}],"wp:term":[{"taxonomy":"category","embeddable":true,"href":"https:\/\/www.r2cpress.com.br\/v1\/wp-json\/wp\/v2\/categories?post=88622"},{"taxonomy":"post_tag","embeddable":true,"href":"https:\/\/www.r2cpress.com.br\/v1\/wp-json\/wp\/v2\/tags?post=88622"}],"curies":[{"name":"wp","href":"https:\/\/api.w.org\/{rel}","templated":true}]}}