{"id":88647,"date":"2014-11-20T16:08:35","date_gmt":"2014-11-20T19:08:35","guid":{"rendered":"http:\/\/www.r2cpress.com.br\/v1\/?p=88647"},"modified":"2014-11-20T16:08:35","modified_gmt":"2014-11-20T19:08:35","slug":"propaganda-irritante","status":"publish","type":"post","link":"https:\/\/www.r2cpress.com.br\/v1\/2014\/11\/20\/propaganda-irritante\/","title":{"rendered":"PROPAGANDA IRRITANTE"},"content":{"rendered":"<p><img loading=\"lazy\" class=\"alignright\" src=\"http:\/\/www.r2cpress.com.br\/v1\/wp-content\/uploads\/zecarlos-r2cpress_reduzida.jpg\" alt=\"\" width=\"300\" height=\"207\" \/>Veja a letrinha dessa musiquinha chata pra carvalho:<\/p>\n<p><strong>Obras pra l\u00e1.<\/strong><\/p>\n<p><strong>Obras pra c\u00e1.<\/strong><\/p>\n<p><strong>Tem obras em todos os cantos.<\/strong><\/p>\n<p><strong>A prefeitura trabalha e Ilh\u00e9us vai melhorando.<\/strong><\/p>\n<p>\u00c9 mole ou quer mais? Que mentira, que lorota boa.<\/p>\n<p>Pois esta vinheta toca o dia inteiro nas nossas emissoras de r\u00e1dio. O pior \u00e9 que o cidad\u00e3o sai por a\u00ed \u00e0 procura dessas obras e n\u00e3o v\u00ea nada, nadica de nada.<\/p>\n<p>Ontem passei naquele trecho que fica atr\u00e1s da 6 DIRES e cheguei at\u00e9 um trevo da combalida Avenida Itabuna. O que vi numa art\u00e9ria de intenso tr\u00e1fego n\u00e3o d\u00e1 pra entender, \u00e9 buraco pra todos os cantos, os condutores de ve\u00edculos fazem estripulias para se livrar dos buracos.<\/p>\n<p>A partir da entrada do pr\u00e9dio da CEPLAC, fizeram um recapeamento asf\u00e1ltico at\u00e9 bem pr\u00f3ximo da cabeceira da ponte e simplesmente deixaram estes poucos metros sem a complementa\u00e7\u00e3o asf\u00e1ltica e os buracos e o abandono est\u00e3o l\u00e1 pra quem quiser ver e curtir.<\/p>\n<p>Atravessando a ponte chega-se \u00e0 outra cabeceira e a\u00ed come\u00e7a novo problema, numa das avenidas mais importante da cidade que liga o centro \u00e0 Zona Sul.<\/p>\n<p>Buracos, buracos, buracos.<\/p>\n<p><!--more--><\/p>\n<p>O nosso alcaide em um dos programas de divulga\u00e7\u00e3o de suas <strong>\u201cobras\u201d,<\/strong> avisa que a usina asf\u00e1ltica foi adquirida e dentro de 60 dias poderemos sentir as a\u00e7\u00f5es da prefeitura nas ruas e avenidas da cidade, ou seja, a partir de fevereiro do pr\u00f3ximo ano se assim as coisas permitirem.<\/p>\n<p>A <strong>AGENDA OFICIAL<\/strong> do prefeito traz no seu bojo in\u00fameros projetos, alguns inclusive em andamento, s\u00e3o obras de responsabilidade dos governos estadual e federal, e todos torcem para que realmente aconte\u00e7a esta transforma\u00e7\u00e3o que todo ilheense sonha.<\/p>\n<p>O que n\u00e3o se pode entender e aceitar \u00e9 a falta de uma <strong>AGENDA PARA A NOSSA SOCIEDADE,<\/strong> uma agenda que beneficie o nosso dia a dia, e que \u00e9 de responsabilidade da prefeitura \u2013 LIXO, buracos, tr\u00e2nsito (sem\u00e1foros e sinaliza\u00e7\u00f5es), postos de sa\u00fade, escolas, limpeza p\u00fablica, ilumina\u00e7\u00e3o, cuidados com as pra\u00e7as e avenidas, fiscaliza\u00e7\u00e3o e aplica\u00e7\u00e3o do C\u00f3digo de Postura (1974), e tudo o mais que incomoda e prejudica a beleza da nossa sofrida cidade.<\/p>\n<p>Em nenhum momento o nosso alcaide cuida dessa importante agenda, parece at\u00e9 que \u00e9 de responsabilidade de seus secret\u00e1rios e a\u00ed a coisa pega feio, a turma n\u00e3o est\u00e1 nem a\u00ed e o desgaste do gestor p\u00fablico aumenta a cada dia.<\/p>\n<p>Os homens que no momento est\u00e3o no poder, precisam colocar na cabecinha que o cargo \u00e9 para trabalhar, n\u00e3o s\u00e3o volunt\u00e1rios, recebem sal\u00e1rios para atender a demanda do povo, da sua mobilidade e do seu dia a dia.<\/p>\n<p>Portanto, senhores secret\u00e1rios! O assunto \u00e9 TRABALHO e a cidade exige respeito, dedica\u00e7\u00e3o e compromisso com a causa p\u00fablica.<\/p>\n<p>E ao senhor alcaide! Des\u00e7a as escadarias do pal\u00e1cio, deixe de abastecer o seu ego e vaidade com os grandes projetos, veja a cidade com outros olhares, principalmente de respeito e compromisso, lembre-se da sua c\u00e9lebre frase:<\/p>\n<p><strong>\u201cFoi um compromisso de campanha, \u00e9 um compromisso de governo e \u00e9 um compromisso com a minha vida\u201d \u2013 Jabes Souza Ribeiro.<\/strong><\/p>\n<p><strong>Z\u00c9CARLOS JUNIOR<\/strong><\/p>\n","protected":false},"excerpt":{"rendered":"<p>Veja a letrinha dessa musiquinha chata pra carvalho: Obras pra l\u00e1. Obras pra c\u00e1. Tem obras em todos os cantos. A prefeitura trabalha e Ilh\u00e9us vai melhorando. \u00c9 mole ou quer mais? Que mentira, que lorota boa. Pois esta vinheta toca o dia inteiro nas nossas emissoras de r\u00e1dio. O pior \u00e9 que o cidad\u00e3o [&hellip;]<\/p>\n","protected":false},"author":2,"featured_media":0,"comment_status":"open","ping_status":"open","sticky":false,"template":"","format":"standard","meta":{"_links_to":"","_links_to_target":""},"categories":[10],"tags":[],"_links":{"self":[{"href":"https:\/\/www.r2cpress.com.br\/v1\/wp-json\/wp\/v2\/posts\/88647"}],"collection":[{"href":"https:\/\/www.r2cpress.com.br\/v1\/wp-json\/wp\/v2\/posts"}],"about":[{"href":"https:\/\/www.r2cpress.com.br\/v1\/wp-json\/wp\/v2\/types\/post"}],"author":[{"embeddable":true,"href":"https:\/\/www.r2cpress.com.br\/v1\/wp-json\/wp\/v2\/users\/2"}],"replies":[{"embeddable":true,"href":"https:\/\/www.r2cpress.com.br\/v1\/wp-json\/wp\/v2\/comments?post=88647"}],"version-history":[{"count":2,"href":"https:\/\/www.r2cpress.com.br\/v1\/wp-json\/wp\/v2\/posts\/88647\/revisions"}],"predecessor-version":[{"id":88649,"href":"https:\/\/www.r2cpress.com.br\/v1\/wp-json\/wp\/v2\/posts\/88647\/revisions\/88649"}],"wp:attachment":[{"href":"https:\/\/www.r2cpress.com.br\/v1\/wp-json\/wp\/v2\/media?parent=88647"}],"wp:term":[{"taxonomy":"category","embeddable":true,"href":"https:\/\/www.r2cpress.com.br\/v1\/wp-json\/wp\/v2\/categories?post=88647"},{"taxonomy":"post_tag","embeddable":true,"href":"https:\/\/www.r2cpress.com.br\/v1\/wp-json\/wp\/v2\/tags?post=88647"}],"curies":[{"name":"wp","href":"https:\/\/api.w.org\/{rel}","templated":true}]}}