{"id":88677,"date":"2014-11-21T15:28:49","date_gmt":"2014-11-21T18:28:49","guid":{"rendered":"http:\/\/www.r2cpress.com.br\/v1\/?p=88677"},"modified":"2014-11-21T15:28:49","modified_gmt":"2014-11-21T18:28:49","slug":"opus-dei-44","status":"publish","type":"post","link":"https:\/\/www.r2cpress.com.br\/v1\/2014\/11\/21\/opus-dei-44\/","title":{"rendered":"OPUS DEI"},"content":{"rendered":"<table border=\"0\" width=\"100%\" cellspacing=\"0\" cellpadding=\"0\" align=\"center\" bgcolor=\"#ffffff\">\n<tbody>\n<tr>\n<td valign=\"middle\" bgcolor=\"#efede7\" width=\"100%\" height=\"70\">\n<table border=\"0\" width=\"92%\" cellspacing=\"0\" cellpadding=\"0\" align=\"center\" bgcolor=\"#efede7\">\n<tbody>\n<tr>\n<td align=\"left\" valign=\"middle\" bgcolor=\"#efede7\" width=\"60%\"><a href=\"http:\/\/opusdei.us7.list-manage.com\/track\/click?u=1af5d7b530cb590152589eba5&amp;id=61d3b86d1a&amp;e=f88f8593e5\" target=\"_blank\"><img class=\"CToWUd\" src=\"https:\/\/ci5.googleusercontent.com\/proxy\/EtNKQQ_SWBO7iAW-9wsSZrzEYnXlfPuBYQyXUxy-vxzz65Hmv6hVlaiUd_eYpNzh5xL882-jcosafokPU0MhWOXvC3cvECUCzBdlIG6FGvU4yJZ9ViQ0-g=s0-d-e1-ft#http:\/\/odnmedia.s3.amazonaws.com\/static\/images\/newsletter\/logo.gif\" alt=\"Opus Dei\" border=\"0\" \/><\/a><\/td>\n<td bgcolor=\"#efede7\" width=\"4%\"><\/td>\n<td align=\"right\" valign=\"middle\" bgcolor=\"#efede7\" width=\"36%\"><\/td>\n<\/tr>\n<\/tbody>\n<\/table>\n<\/td>\n<\/tr>\n<tr>\n<td valign=\"top\" width=\"100%\">\n<table border=\"0\" width=\"92%\" cellspacing=\"0\" cellpadding=\"0\" align=\"center\">\n<tbody>\n<tr>\n<td valign=\"top\" width=\"100%\"><i>21 de Novembro de 2014<\/i><\/td>\n<\/tr>\n<tr>\n<td valign=\"top\" width=\"100%\"><img loading=\"lazy\" class=\"CToWUd\" src=\"https:\/\/ci6.googleusercontent.com\/proxy\/lzY2OQ6zKLFtDe4bDFwHMZSyRMZxW1UiLzRjBntDHwVhBF3USqgecpKyAXa9cXTm5IW262D4yftt9A6qVUNK-7ZNHa-wq9qN4KSDRBuUnYOpib9spVtSB6uzES58X14=s0-d-e1-ft#http:\/\/odnmedia.s3.amazonaws.com\/static\/images\/newsletter\/bulletintro.gif\" alt=\"\" width=\"14\" height=\"14\" border=\"0\" \/> Papa Francisco fala sobre a voca\u00e7\u00e3o \u00e0 santidade na sua \u00faltima audi\u00eancia geral; Textos para se preparar pra festa de Cristo Rei deste domingo e v\u00eddeo do Bem-aventurado \u00c1lvaro sobre a liberdade.<\/td>\n<\/tr>\n<tr>\n<td height=\"29\"><\/td>\n<\/tr>\n<tr>\n<td valign=\"top\" width=\"100%\">\n<table border=\"0\" width=\"100%\" cellspacing=\"0\" cellpadding=\"0\">\n<tbody>\n<tr>\n<td align=\"right\" valign=\"top\" width=\"30%\"><a href=\"http:\/\/opusdei.us7.list-manage1.com\/track\/click?u=1af5d7b530cb590152589eba5&amp;id=ed07e462a4&amp;e=f88f8593e5\" target=\"_blank\"><img class=\"CToWUd\" src=\"https:\/\/ci6.googleusercontent.com\/proxy\/zYdZDUI_O8YExbKP8TrUXVYlFEsCiHfmt1638fxec2AieXVpczEL7FE_hre66y_0f1etgCWMjjo6pvYTiYQuwoDcw_98wQmjNQ=s0-d-e1-ft#http:\/\/img.youtube.com\/vi\/o72Z_AH7T1o\/hqdefault.jpg\" alt=\"\" width=\"96\" border=\"0\" \/><\/a><\/td>\n<td width=\"4%\"><\/td>\n<td valign=\"top\" width=\"66%\">\n<table border=\"0\" width=\"100%\" cellspacing=\"0\" cellpadding=\"0\">\n<tbody>\n<tr>\n<td valign=\"top\"><a href=\"http:\/\/opusdei.us7.list-manage1.com\/track\/click?u=1af5d7b530cb590152589eba5&amp;id=fd341eec6e&amp;e=f88f8593e5\" target=\"_blank\"><b>VIDEOS BREVES<\/b><\/a><\/td>\n<\/tr>\n<tr>\n<td valign=\"top\"><a href=\"http:\/\/opusdei.us7.list-manage.com\/track\/click?u=1af5d7b530cb590152589eba5&amp;id=a0deac8c36&amp;e=f88f8593e5\" target=\"_blank\"><b>O amor \u00e0 liberdade<\/b><\/a><\/td>\n<\/tr>\n<tr>\n<td valign=\"top\">Neste v\u00eddeo o Bem-aventurado \u00c1lvaro del Portillo explica que Deus nos deu a liberdade, um dom de grande valor<\/td>\n<\/tr>\n<\/tbody>\n<\/table>\n<\/td>\n<\/tr>\n<\/tbody>\n<\/table>\n<\/td>\n<\/tr>\n<tr>\n<td height=\"18\"><\/td>\n<\/tr>\n<tr>\n<td valign=\"top\" width=\"100%\">\n<table border=\"0\" width=\"100%\" cellspacing=\"0\" cellpadding=\"0\">\n<tbody>\n<tr>\n<td align=\"right\" valign=\"top\" width=\"30%\"><a href=\"http:\/\/opusdei.us7.list-manage.com\/track\/click?u=1af5d7b530cb590152589eba5&amp;id=ae08d97783&amp;e=f88f8593e5\" target=\"_blank\"><img class=\"CToWUd\" src=\"https:\/\/ci5.googleusercontent.com\/proxy\/mZz3sbR_jCRg3r_ez-EWFZPmjI418bqFrpgvqIMNri7RBxYUsU0_UPmw9UstsvW6o5Cxcmf3xAgLnHRUOT6ocbBpKK--ChFZDlZ6vAt1PtEvDg0TPx9AqIVVKQZUMpJacY_KuhXm06tJ_lJriw=s0-d-e1-ft#http:\/\/odnmedia.s3.amazonaws.com\/image\/6990007373_1ec14f1dc2_k_20141121141154091469.jpg\" alt=\"\" width=\"96\" border=\"0\" \/><\/a><\/td>\n<td width=\"4%\"><\/td>\n<td valign=\"top\" width=\"66%\">\n<table border=\"0\" width=\"100%\" cellspacing=\"0\" cellpadding=\"0\">\n<tbody>\n<tr>\n<td valign=\"top\"><a href=\"http:\/\/opusdei.us7.list-manage.com\/track\/click?u=1af5d7b530cb590152589eba5&amp;id=6377d21049&amp;e=f88f8593e5\" target=\"_blank\"><b>OPUS DEI<\/b><\/a><\/td>\n<\/tr>\n<tr>\n<td valign=\"top\"><a href=\"http:\/\/opusdei.us7.list-manage.com\/track\/click?u=1af5d7b530cb590152589eba5&amp;id=53a2f29aed&amp;e=f88f8593e5\" target=\"_blank\"><b>Consagra\u00e7\u00e3o ao Sagrado Cora\u00e7\u00e3o de Jesus<\/b><\/a><\/td>\n<\/tr>\n<tr>\n<td valign=\"top\">Na festa de Cristo Rei do ano 1952, s\u00e3o Josemaria decidiu consagrar o Opus Dei, com os seus membros e apostolados, ao Sagrado Cora\u00e7\u00e3o de Jesus. Este relato, ilustra as circunst\u00e2ncias hist\u00f3ricas da consagra\u00e7\u00e3o.<\/td>\n<\/tr>\n<\/tbody>\n<\/table>\n<\/td>\n<\/tr>\n<\/tbody>\n<\/table>\n<\/td>\n<\/tr>\n<tr>\n<td height=\"18\"><\/td>\n<\/tr>\n<tr>\n<td valign=\"top\" width=\"100%\">\n<table border=\"0\" width=\"100%\" cellspacing=\"0\" cellpadding=\"0\">\n<tbody>\n<tr>\n<td align=\"right\" valign=\"top\" width=\"30%\"><a href=\"http:\/\/opusdei.us7.list-manage.com\/track\/click?u=1af5d7b530cb590152589eba5&amp;id=54a669a9bc&amp;e=f88f8593e5\" target=\"_blank\"><img class=\"CToWUd\" src=\"https:\/\/ci5.googleusercontent.com\/proxy\/m8Cj2AOmTWRkhebzL5S-Qh-Yacf3Ei5lNqWl5R45G93bhxJtdimEks_NickXU4ruaJq3S8gnuWVUCo3yEIrsyyyk9uFG2a0EZl4X9QK2OKdDHRtuUWe1pOQrZVqKZPfOrgYIe4I3n_FLu28os7E=s0-d-e1-ft#http:\/\/odnmedia.s3.amazonaws.com\/image\/15422353742_157678b536_z_20141121120034039597.jpg\" alt=\"\" width=\"96\" border=\"0\" \/><\/a><\/td>\n<td width=\"4%\"><\/td>\n<td valign=\"top\" width=\"66%\">\n<table border=\"0\" width=\"100%\" cellspacing=\"0\" cellpadding=\"0\">\n<tbody>\n<tr>\n<td valign=\"top\"><a href=\"http:\/\/opusdei.us7.list-manage2.com\/track\/click?u=1af5d7b530cb590152589eba5&amp;id=f47361df11&amp;e=f88f8593e5\" target=\"_blank\"><b>PAPA<\/b><\/a><\/td>\n<\/tr>\n<tr>\n<td valign=\"top\"><a href=\"http:\/\/opusdei.us7.list-manage.com\/track\/click?u=1af5d7b530cb590152589eba5&amp;id=0b519eb683&amp;e=f88f8593e5\" target=\"_blank\"><b>A voca\u00e7\u00e3o universal \u00e0 santidade<\/b><\/a><\/td>\n<\/tr>\n<tr>\n<td valign=\"top\">Na \u00faltima audi\u00eancia geral o Papa Francisco explicou que todo o batizado pode ser santo<\/td>\n<\/tr>\n<\/tbody>\n<\/table>\n<\/td>\n<\/tr>\n<\/tbody>\n<\/table>\n<\/td>\n<\/tr>\n<tr>\n<td height=\"18\"><\/td>\n<\/tr>\n<tr>\n<td valign=\"top\" width=\"100%\">\n<table border=\"0\" width=\"100%\" cellspacing=\"0\" cellpadding=\"0\">\n<tbody>\n<tr>\n<td align=\"right\" valign=\"top\" width=\"30%\"><a href=\"http:\/\/opusdei.us7.list-manage.com\/track\/click?u=1af5d7b530cb590152589eba5&amp;id=ac6884548c&amp;e=f88f8593e5\" target=\"_blank\"><img class=\"CToWUd\" src=\"https:\/\/ci6.googleusercontent.com\/proxy\/EfwS4tYHsz0KE5DS1gPDMdm6LVNRmZJnDzrrJjB83JAzX6jEGf1HeSDzMeV5J5hL7e7hhMpsBHGxouJyBirO_YvQ3DO9-YdItGo0qLrAvdwDdWm0X8iA17lK96Kd6B403NNdh3nB-ii_X5H5=s0-d-e1-ft#http:\/\/odnmedia.s3.amazonaws.com\/image\/140526328_2342352bc2_z_20141121125111771457.jpg\" alt=\"\" width=\"96\" border=\"0\" \/><\/a><\/td>\n<td width=\"4%\"><\/td>\n<td valign=\"top\" width=\"66%\">\n<table border=\"0\" width=\"100%\" cellspacing=\"0\" cellpadding=\"0\">\n<tbody>\n<tr>\n<td valign=\"top\"><a href=\"http:\/\/opusdei.us7.list-manage1.com\/track\/click?u=1af5d7b530cb590152589eba5&amp;id=9bc46f2728&amp;e=f88f8593e5\" target=\"_blank\"><b>TEXTOS PARA MEDITAR<\/b><\/a><\/td>\n<\/tr>\n<tr>\n<td valign=\"top\"><a href=\"http:\/\/opusdei.us7.list-manage.com\/track\/click?u=1af5d7b530cb590152589eba5&amp;id=5610bd9fe3&amp;e=f88f8593e5\" target=\"_blank\"><b>A festa de Cristo Rei<\/b><\/a><\/td>\n<\/tr>\n<tr>\n<td valign=\"top\">No pr\u00f3ximo domingo, a Igreja celebra a festa de Jesus Cristo, Rei do Universo: \u201cJesus Cristo \u00e9 Rei e anseia por reinar nos nossos cora\u00e7\u00f5es de filhos de Deus&#8221;.<\/td>\n<\/tr>\n<\/tbody>\n<\/table>\n<\/td>\n<\/tr>\n<\/tbody>\n<\/table>\n<\/td>\n<\/tr>\n<tr>\n<td height=\"18\"><\/td>\n<\/tr>\n<tr>\n<td valign=\"top\" width=\"100%\">\n<table border=\"0\" width=\"100%\" cellspacing=\"0\" cellpadding=\"0\">\n<tbody>\n<tr>\n<td align=\"right\" valign=\"top\" width=\"30%\"><a href=\"http:\/\/opusdei.us7.list-manage2.com\/track\/click?u=1af5d7b530cb590152589eba5&amp;id=99e4aa435c&amp;e=f88f8593e5\" target=\"_blank\"><img class=\"CToWUd\" src=\"https:\/\/ci5.googleusercontent.com\/proxy\/sSmTJHFU5g-6wMOR3BpcLHhymTlPrZDrJ1zSeNKXYUMMX2xVDsMklV9Bs4pJDYEtPiRoozmBdz9ltn9HelejFNt57jE07XN64IKme901P2ZxwVelUpr5yAIXhxFONwZ4mLQ_xAvO1e7pJAgoUq4=s0-d-e1-ft#http:\/\/odnmedia.s3.amazonaws.com\/image\/15336988959_095ae105a6_z_20141113164253874478.jpg\" alt=\"\" width=\"96\" border=\"0\" \/><\/a><\/td>\n<td width=\"4%\"><\/td>\n<td valign=\"top\" width=\"66%\">\n<table border=\"0\" width=\"100%\" cellspacing=\"0\" cellpadding=\"0\">\n<tbody>\n<tr>\n<td valign=\"top\"><a href=\"http:\/\/opusdei.us7.list-manage2.com\/track\/click?u=1af5d7b530cb590152589eba5&amp;id=e5828f3b08&amp;e=f88f8593e5\" target=\"_blank\"><b>NOT\u00cdCIAS<\/b><\/a><\/td>\n<\/tr>\n<tr>\n<td valign=\"top\"><a href=\"http:\/\/opusdei.us7.list-manage1.com\/track\/click?u=1af5d7b530cb590152589eba5&amp;id=2e12d2a0ec&amp;e=f88f8593e5\" target=\"_blank\"><b>Missas de a\u00e7\u00e3o de gra\u00e7as pela beatifica\u00e7\u00e3o de D. \u00c1lvaro del Portillo<\/b><\/a><\/td>\n<\/tr>\n<tr>\n<td valign=\"top\">Para agradecer a Deus a beatifica\u00e7\u00e3o, ser\u00e3o celebradas Missas de A\u00e7\u00e3o de gra\u00e7as em v\u00e1rias cidades. Oferecemos os dados, que ser\u00e3o atualizados \u00e0 medida que novas Missas forem confirmadas:\u200b<\/td>\n<\/tr>\n<\/tbody>\n<\/table>\n<\/td>\n<\/tr>\n<\/tbody>\n<\/table>\n<\/td>\n<\/tr>\n<\/tbody>\n<\/table>\n<\/td>\n<\/tr>\n<\/tbody>\n<\/table>\n","protected":false},"excerpt":{"rendered":"<p>21 de Novembro de 2014 Papa Francisco fala sobre a voca\u00e7\u00e3o \u00e0 santidade na sua \u00faltima audi\u00eancia geral; Textos para se preparar pra festa de Cristo Rei deste domingo e v\u00eddeo do Bem-aventurado \u00c1lvaro sobre a liberdade. VIDEOS BREVES O amor \u00e0 liberdade Neste v\u00eddeo o Bem-aventurado \u00c1lvaro del Portillo explica que Deus nos deu [&hellip;]<\/p>\n","protected":false},"author":2,"featured_media":0,"comment_status":"open","ping_status":"open","sticky":false,"template":"","format":"standard","meta":{"_links_to":"","_links_to_target":""},"categories":[28],"tags":[],"_links":{"self":[{"href":"https:\/\/www.r2cpress.com.br\/v1\/wp-json\/wp\/v2\/posts\/88677"}],"collection":[{"href":"https:\/\/www.r2cpress.com.br\/v1\/wp-json\/wp\/v2\/posts"}],"about":[{"href":"https:\/\/www.r2cpress.com.br\/v1\/wp-json\/wp\/v2\/types\/post"}],"author":[{"embeddable":true,"href":"https:\/\/www.r2cpress.com.br\/v1\/wp-json\/wp\/v2\/users\/2"}],"replies":[{"embeddable":true,"href":"https:\/\/www.r2cpress.com.br\/v1\/wp-json\/wp\/v2\/comments?post=88677"}],"version-history":[{"count":1,"href":"https:\/\/www.r2cpress.com.br\/v1\/wp-json\/wp\/v2\/posts\/88677\/revisions"}],"predecessor-version":[{"id":88678,"href":"https:\/\/www.r2cpress.com.br\/v1\/wp-json\/wp\/v2\/posts\/88677\/revisions\/88678"}],"wp:attachment":[{"href":"https:\/\/www.r2cpress.com.br\/v1\/wp-json\/wp\/v2\/media?parent=88677"}],"wp:term":[{"taxonomy":"category","embeddable":true,"href":"https:\/\/www.r2cpress.com.br\/v1\/wp-json\/wp\/v2\/categories?post=88677"},{"taxonomy":"post_tag","embeddable":true,"href":"https:\/\/www.r2cpress.com.br\/v1\/wp-json\/wp\/v2\/tags?post=88677"}],"curies":[{"name":"wp","href":"https:\/\/api.w.org\/{rel}","templated":true}]}}