{"id":8869,"date":"2011-02-17T22:18:11","date_gmt":"2011-02-18T01:18:11","guid":{"rendered":"http:\/\/www.r2cpress.com.br\/v1\/?p=8869"},"modified":"2011-02-17T22:18:11","modified_gmt":"2011-02-18T01:18:11","slug":"angela-fala-com-titular-da-sjdh-sobre-conflito-de-terras","status":"publish","type":"post","link":"https:\/\/www.r2cpress.com.br\/v1\/2011\/02\/17\/angela-fala-com-titular-da-sjdh-sobre-conflito-de-terras\/","title":{"rendered":"\u00c2ngela fala com titular da SJDH sobre conflito de terras"},"content":{"rendered":"<p><a href=\"http:\/\/www.r2cpress.com.br\/v1\/wp-content\/uploads\/angela-tupinamb\u00e1.jpeg\"><img loading=\"lazy\" src=\"http:\/\/www.r2cpress.com.br\/v1\/wp-content\/uploads\/angela-tupinamb\u00e1.jpeg\" alt=\"\" title=\"angela tupinamb\u00e1\" width=\"226\" height=\"151\" class=\"alignleft size-full wp-image-8870\" \/><\/a>Seguindo uma agenda que iniciou em 2009, com v\u00e1rias audi\u00eancias p\u00fablicas e reuni\u00f5es sobre o conflito entre propriet\u00e1rios rurais e \u00edndios tupinamb\u00e1s no sul da Bahia, a deputada estadual \u00c2ngela Sousa (PSC) volta a se dedicar ao assunto neste segundo mandato. A deputada conversou nesta quarta-feira, 16, com o secret\u00e1rio estadual de Justi\u00e7a, Cidadania e Direitos Humanos, Almiro Sena, mostrando-se preocupada com o clima tenso existente na regi\u00e3o, onde t\u00eam ocorrido invas\u00f5es de terras, amea\u00e7as a propriet\u00e1rios, sem falar nas pris\u00f5es de lideran\u00e7as ind\u00edgenas.<\/p>\n<p> <!--more--><\/p>\n<p>\u00c2ngela Sousa afirmou que \u00e9 preciso construir uma solu\u00e7\u00e3o que garanta o direito dos propriet\u00e1rios de terras na regi\u00e3o de 47 mil hectares reivindicada pelos tupinamb\u00e1s. A \u00e1rea, que abrange parte dos munic\u00edpios de Ilh\u00e9us, Buerarema e Una, \u00e9 ocupada em grande parte por pequenas propriedades que se dedicam \u00e0 agricultura familiar. H\u00e1 tamb\u00e9m um n\u00famero expressivo de casas de veraneio, hot\u00e9is e pousadas, j\u00e1 que se trata de uma regi\u00e3o de forte voca\u00e7\u00e3o tur\u00edstica.<\/p>\n<p>Toda a \u00e1rea est\u00e1 sob amea\u00e7a depois que a Funai (Funda\u00e7\u00e3o Nacional do \u00cdndio) expediu um decreto, indicando o territ\u00f3rio como de ocupa\u00e7\u00e3o tradicional da etnia tupinamb\u00e1. Esta defini\u00e7\u00e3o \u00e9 recha\u00e7ada por estudos hist\u00f3ricos e antropol\u00f3gicos.<\/p>\n<p>Para a deputada do PSC, \u00e9 fundamental encontrar uma solu\u00e7\u00e3o que preserve os direitos dos propriet\u00e1rios de terras na regi\u00e3o. \u201cOs verdadeiros \u00edndios devem receber a prote\u00e7\u00e3o do Estado, mas sem que isso implique em desrespeitar outros direitos constitu\u00eddos\u201d, acredita \u00c2ngela Sousa.<\/p>\n<p>A parlamentar volta a se reunir com o secret\u00e1rio Almiro Sena nesta sexta-feira, 18, novamente para abordar a quest\u00e3o do conflito entre fazendeiros e tupinamb\u00e1s. Tamb\u00e9m participam da reuni\u00e3o o deputado federal Geraldo Sim\u00f5es e os estaduais Yulo Oiticica e Bira Coroa.<\/p>\n","protected":false},"excerpt":{"rendered":"<p>Seguindo uma agenda que iniciou em 2009, com v\u00e1rias audi\u00eancias p\u00fablicas e reuni\u00f5es sobre o conflito entre propriet\u00e1rios rurais e \u00edndios tupinamb\u00e1s no sul da Bahia, a deputada estadual \u00c2ngela Sousa (PSC) volta a se dedicar ao assunto neste segundo mandato. A deputada conversou nesta quarta-feira, 16, com o secret\u00e1rio estadual de Justi\u00e7a, Cidadania e [&hellip;]<\/p>\n","protected":false},"author":2,"featured_media":0,"comment_status":"open","ping_status":"open","sticky":false,"template":"","format":"standard","meta":{"_links_to":"","_links_to_target":""},"categories":[22],"tags":[],"_links":{"self":[{"href":"https:\/\/www.r2cpress.com.br\/v1\/wp-json\/wp\/v2\/posts\/8869"}],"collection":[{"href":"https:\/\/www.r2cpress.com.br\/v1\/wp-json\/wp\/v2\/posts"}],"about":[{"href":"https:\/\/www.r2cpress.com.br\/v1\/wp-json\/wp\/v2\/types\/post"}],"author":[{"embeddable":true,"href":"https:\/\/www.r2cpress.com.br\/v1\/wp-json\/wp\/v2\/users\/2"}],"replies":[{"embeddable":true,"href":"https:\/\/www.r2cpress.com.br\/v1\/wp-json\/wp\/v2\/comments?post=8869"}],"version-history":[{"count":2,"href":"https:\/\/www.r2cpress.com.br\/v1\/wp-json\/wp\/v2\/posts\/8869\/revisions"}],"predecessor-version":[{"id":8872,"href":"https:\/\/www.r2cpress.com.br\/v1\/wp-json\/wp\/v2\/posts\/8869\/revisions\/8872"}],"wp:attachment":[{"href":"https:\/\/www.r2cpress.com.br\/v1\/wp-json\/wp\/v2\/media?parent=8869"}],"wp:term":[{"taxonomy":"category","embeddable":true,"href":"https:\/\/www.r2cpress.com.br\/v1\/wp-json\/wp\/v2\/categories?post=8869"},{"taxonomy":"post_tag","embeddable":true,"href":"https:\/\/www.r2cpress.com.br\/v1\/wp-json\/wp\/v2\/tags?post=8869"}],"curies":[{"name":"wp","href":"https:\/\/api.w.org\/{rel}","templated":true}]}}