{"id":88747,"date":"2014-11-24T08:54:26","date_gmt":"2014-11-24T11:54:26","guid":{"rendered":"http:\/\/www.r2cpress.com.br\/v1\/?p=88747"},"modified":"2014-11-24T08:54:26","modified_gmt":"2014-11-24T11:54:26","slug":"feira-de-linguagem-matematica-e-computacional","status":"publish","type":"post","link":"https:\/\/www.r2cpress.com.br\/v1\/2014\/11\/24\/feira-de-linguagem-matematica-e-computacional\/","title":{"rendered":"Feira de Linguagem Matem\u00e1tica e Computacional"},"content":{"rendered":"<p>A Universidade Federal do Sul da Bahia-UFSB realiza a Feira de Linguagem Matem\u00e1tica e Computacional.<\/p>\n<p>O evento apresenta os resultados das atividades curriculares nas \u00e1reas de matem\u00e1tica e linguagem computacional realizados pelos estudantes da UFSB.\u00a0 Os trabalhos est\u00e3o voltados principalmente para a compreens\u00e3o e desenvolvimento do racioc\u00ednio computacional e aplica\u00e7\u00e3o da linguagem matem\u00e1tica no cotidiano para resolu\u00e7\u00e3o de problemas, tratando assuntos da realidade local, nacional e global.<\/p>\n<p>A Feira acontecer\u00e1 no dia 9 de Dezembro, a partir das 18:30 no campus da UFSB em Ferradas.<\/p>\n<p>&#8212;<\/p>\n<p>ASCOM-UFSB<\/p>\n","protected":false},"excerpt":{"rendered":"<p>A Universidade Federal do Sul da Bahia-UFSB realiza a Feira de Linguagem Matem\u00e1tica e Computacional. O evento apresenta os resultados das atividades curriculares nas \u00e1reas de matem\u00e1tica e linguagem computacional realizados pelos estudantes da UFSB.\u00a0 Os trabalhos est\u00e3o voltados principalmente para a compreens\u00e3o e desenvolvimento do racioc\u00ednio computacional e aplica\u00e7\u00e3o da linguagem matem\u00e1tica no cotidiano [&hellip;]<\/p>\n","protected":false},"author":2,"featured_media":0,"comment_status":"open","ping_status":"open","sticky":false,"template":"","format":"standard","meta":{"_links_to":"","_links_to_target":""},"categories":[8],"tags":[],"_links":{"self":[{"href":"https:\/\/www.r2cpress.com.br\/v1\/wp-json\/wp\/v2\/posts\/88747"}],"collection":[{"href":"https:\/\/www.r2cpress.com.br\/v1\/wp-json\/wp\/v2\/posts"}],"about":[{"href":"https:\/\/www.r2cpress.com.br\/v1\/wp-json\/wp\/v2\/types\/post"}],"author":[{"embeddable":true,"href":"https:\/\/www.r2cpress.com.br\/v1\/wp-json\/wp\/v2\/users\/2"}],"replies":[{"embeddable":true,"href":"https:\/\/www.r2cpress.com.br\/v1\/wp-json\/wp\/v2\/comments?post=88747"}],"version-history":[{"count":1,"href":"https:\/\/www.r2cpress.com.br\/v1\/wp-json\/wp\/v2\/posts\/88747\/revisions"}],"predecessor-version":[{"id":88748,"href":"https:\/\/www.r2cpress.com.br\/v1\/wp-json\/wp\/v2\/posts\/88747\/revisions\/88748"}],"wp:attachment":[{"href":"https:\/\/www.r2cpress.com.br\/v1\/wp-json\/wp\/v2\/media?parent=88747"}],"wp:term":[{"taxonomy":"category","embeddable":true,"href":"https:\/\/www.r2cpress.com.br\/v1\/wp-json\/wp\/v2\/categories?post=88747"},{"taxonomy":"post_tag","embeddable":true,"href":"https:\/\/www.r2cpress.com.br\/v1\/wp-json\/wp\/v2\/tags?post=88747"}],"curies":[{"name":"wp","href":"https:\/\/api.w.org\/{rel}","templated":true}]}}