{"id":8896,"date":"2011-02-18T09:40:41","date_gmt":"2011-02-18T12:40:41","guid":{"rendered":"http:\/\/www.r2cpress.com.br\/v1\/?p=8896"},"modified":"2011-02-18T09:46:32","modified_gmt":"2011-02-18T12:46:32","slug":"baiano-de-ciclismo","status":"publish","type":"post","link":"https:\/\/www.r2cpress.com.br\/v1\/2011\/02\/18\/baiano-de-ciclismo\/","title":{"rendered":"BAIANO DE CICLISMO."},"content":{"rendered":"<p><b>Clique para AMPLIAR<\/b><br \/>\n<center><a href=\"http:\/\/www.r2cpress.com.br\/v1\/wp-content\/uploads\/1_etapa_baiana_speed_2011.jpg\"><img loading=\"lazy\" src=\"http:\/\/www.r2cpress.com.br\/v1\/wp-content\/uploads\/1_etapa_baiana_speed_2011-224x300.jpg\" alt=\"\" title=\"1_etapa_baiana_speed_2011\" width=\"224\" height=\"300\" class=\"alignnone size-medium wp-image-8897\" srcset=\"https:\/\/www.r2cpress.com.br\/v1\/wp-content\/uploads\/1_etapa_baiana_speed_2011-224x300.jpg 224w, https:\/\/www.r2cpress.com.br\/v1\/wp-content\/uploads\/1_etapa_baiana_speed_2011.jpg 600w\" sizes=\"(max-width: 224px) 100vw, 224px\" \/><\/a><\/center><\/p>\n<p>Quem vai participar desse evento \u00e9 o colega, ceplaqueano, <strong>Ernando Nogueira Barros.<\/strong><br \/>\nO nosso querido triatleta tem 31 anos de bons servi\u00e7os prestados para a nossa grande Casa, tem 58 anos de idade e desses, 30 s\u00e3o dedicados ao esporte. <strong>Sem d\u00favida um grande exemplo.<\/strong><br \/>\nErnado j\u00e1 participou de v\u00e1rios eventos na Bahia e em outros Estados da Federa\u00e7\u00e3o. Competiu, com muito entusiasmo, as modalidades de atletismo, nata\u00e7\u00e3o, travessias, triathon e ciclismo.<br \/>\nNeste final de semana &#8211; (dia 20) &#8211;  em Salvador, vai ter in\u00edcio o Baiano de Ciclismo e ele estar\u00e1 representando Ilh\u00e9us.<\/p>\n<p>Veja mais no <a href = \"http:\/\/www.fbciclismo.com.br\/\" target = \"_news\"><b>FEDERA\u00c7\u00c3O BAIANA DE ATLETISMO<\/b><\/a><\/p>\n","protected":false},"excerpt":{"rendered":"<p>Clique para AMPLIAR Quem vai participar desse evento \u00e9 o colega, ceplaqueano, Ernando Nogueira Barros. O nosso querido triatleta tem 31 anos de bons servi\u00e7os prestados para a nossa grande Casa, tem 58 anos de idade e desses, 30 s\u00e3o dedicados ao esporte. Sem d\u00favida um grande exemplo. Ernado j\u00e1 participou de v\u00e1rios eventos na [&hellip;]<\/p>\n","protected":false},"author":2,"featured_media":0,"comment_status":"open","ping_status":"open","sticky":false,"template":"","format":"standard","meta":{"_links_to":"","_links_to_target":""},"categories":[11],"tags":[],"_links":{"self":[{"href":"https:\/\/www.r2cpress.com.br\/v1\/wp-json\/wp\/v2\/posts\/8896"}],"collection":[{"href":"https:\/\/www.r2cpress.com.br\/v1\/wp-json\/wp\/v2\/posts"}],"about":[{"href":"https:\/\/www.r2cpress.com.br\/v1\/wp-json\/wp\/v2\/types\/post"}],"author":[{"embeddable":true,"href":"https:\/\/www.r2cpress.com.br\/v1\/wp-json\/wp\/v2\/users\/2"}],"replies":[{"embeddable":true,"href":"https:\/\/www.r2cpress.com.br\/v1\/wp-json\/wp\/v2\/comments?post=8896"}],"version-history":[{"count":3,"href":"https:\/\/www.r2cpress.com.br\/v1\/wp-json\/wp\/v2\/posts\/8896\/revisions"}],"predecessor-version":[{"id":8900,"href":"https:\/\/www.r2cpress.com.br\/v1\/wp-json\/wp\/v2\/posts\/8896\/revisions\/8900"}],"wp:attachment":[{"href":"https:\/\/www.r2cpress.com.br\/v1\/wp-json\/wp\/v2\/media?parent=8896"}],"wp:term":[{"taxonomy":"category","embeddable":true,"href":"https:\/\/www.r2cpress.com.br\/v1\/wp-json\/wp\/v2\/categories?post=8896"},{"taxonomy":"post_tag","embeddable":true,"href":"https:\/\/www.r2cpress.com.br\/v1\/wp-json\/wp\/v2\/tags?post=8896"}],"curies":[{"name":"wp","href":"https:\/\/api.w.org\/{rel}","templated":true}]}}