{"id":88963,"date":"2014-11-28T16:53:11","date_gmt":"2014-11-28T19:53:11","guid":{"rendered":"http:\/\/www.r2cpress.com.br\/v1\/?p=88963"},"modified":"2014-11-28T16:53:11","modified_gmt":"2014-11-28T19:53:11","slug":"opus-dei-45","status":"publish","type":"post","link":"https:\/\/www.r2cpress.com.br\/v1\/2014\/11\/28\/opus-dei-45\/","title":{"rendered":"OPUS DEI"},"content":{"rendered":"<table border=\"0\" width=\"100%\" cellspacing=\"0\" cellpadding=\"0\" align=\"center\" bgcolor=\"#ffffff\">\n<tbody>\n<tr>\n<td valign=\"middle\" bgcolor=\"#efede7\" width=\"100%\" height=\"70\">\n<table border=\"0\" width=\"92%\" cellspacing=\"0\" cellpadding=\"0\" align=\"center\" bgcolor=\"#efede7\">\n<tbody>\n<tr>\n<td align=\"left\" valign=\"middle\" bgcolor=\"#efede7\" width=\"60%\"><a href=\"http:\/\/opusdei.us7.list-manage1.com\/track\/click?u=1af5d7b530cb590152589eba5&amp;id=460befb769&amp;e=f88f8593e5\" target=\"_blank\"><img class=\"CToWUd\" src=\"https:\/\/ci5.googleusercontent.com\/proxy\/EtNKQQ_SWBO7iAW-9wsSZrzEYnXlfPuBYQyXUxy-vxzz65Hmv6hVlaiUd_eYpNzh5xL882-jcosafokPU0MhWOXvC3cvECUCzBdlIG6FGvU4yJZ9ViQ0-g=s0-d-e1-ft#http:\/\/odnmedia.s3.amazonaws.com\/static\/images\/newsletter\/logo.gif\" alt=\"Opus Dei\" border=\"0\" \/><\/a><\/td>\n<td bgcolor=\"#efede7\" width=\"4%\"><\/td>\n<td align=\"right\" valign=\"middle\" bgcolor=\"#efede7\" width=\"36%\"><\/td>\n<\/tr>\n<\/tbody>\n<\/table>\n<\/td>\n<\/tr>\n<tr>\n<td valign=\"top\" width=\"100%\">\n<table border=\"0\" width=\"92%\" cellspacing=\"0\" cellpadding=\"0\" align=\"center\">\n<tbody>\n<tr>\n<td valign=\"top\" width=\"100%\"><i>28 de Novembro de 2014<\/i><\/td>\n<\/tr>\n<tr>\n<td valign=\"top\" width=\"100%\"><img loading=\"lazy\" class=\"CToWUd\" src=\"https:\/\/ci6.googleusercontent.com\/proxy\/lzY2OQ6zKLFtDe4bDFwHMZSyRMZxW1UiLzRjBntDHwVhBF3USqgecpKyAXa9cXTm5IW262D4yftt9A6qVUNK-7ZNHa-wq9qN4KSDRBuUnYOpib9spVtSB6uzES58X14=s0-d-e1-ft#http:\/\/odnmedia.s3.amazonaws.com\/static\/images\/newsletter\/bulletintro.gif\" alt=\"\" width=\"14\" height=\"14\" border=\"0\" \/> V\u00eddeo: &#8220;Obrigada D. \u00c1lvaro. Hist\u00f3rias de uma beatifica\u00e7\u00e3o&#8221;, textos sobre educa\u00e7\u00e3o dos filhos e vida crist\u00e3; Homilia da Missa de A\u00e7\u00e3o de Gra\u00e7as em S\u00e3o Paulo pela beatifica\u00e7\u00e3o de D. \u00c1lvaro e um especial pelo anivers\u00e1rio da ere\u00e7\u00e3o do Opus Dei como Prelazia Pessoal<\/td>\n<\/tr>\n<tr>\n<td height=\"29\"><\/td>\n<\/tr>\n<tr>\n<td valign=\"top\" width=\"100%\">\n<table border=\"0\" width=\"100%\" cellspacing=\"0\" cellpadding=\"0\">\n<tbody>\n<tr>\n<td align=\"right\" valign=\"top\" width=\"30%\"><a href=\"http:\/\/opusdei.us7.list-manage2.com\/track\/click?u=1af5d7b530cb590152589eba5&amp;id=997598dce0&amp;e=f88f8593e5\" target=\"_blank\"><img class=\"CToWUd\" src=\"https:\/\/ci4.googleusercontent.com\/proxy\/mymSBNr8ldI9uHUz6YnC9mopkybf-GFhl-0TP-P33h48KkYEaxjE4oAC2M4JezaCo62eLtFrK5Xml3MPS5IlR5EM83GIsswkTQ=s0-d-e1-ft#http:\/\/img.youtube.com\/vi\/tPvm0kVBzks\/hqdefault.jpg\" alt=\"\" width=\"96\" border=\"0\" \/><\/a><\/td>\n<td width=\"4%\"><\/td>\n<td valign=\"top\" width=\"66%\">\n<table border=\"0\" width=\"100%\" cellspacing=\"0\" cellpadding=\"0\">\n<tbody>\n<tr>\n<td valign=\"top\"><a href=\"http:\/\/opusdei.us7.list-manage.com\/track\/click?u=1af5d7b530cb590152589eba5&amp;id=d11ecc8da6&amp;e=f88f8593e5\" target=\"_blank\"><b>MAIS RECURSOS<\/b><\/a><\/td>\n<\/tr>\n<tr>\n<td valign=\"top\"><a href=\"http:\/\/opusdei.us7.list-manage1.com\/track\/click?u=1af5d7b530cb590152589eba5&amp;id=0fa3bf0eb7&amp;e=f88f8593e5\" target=\"_blank\"><b>Obrigado D. \u00c1lvaro. Hist\u00f3rias de uma beatifica\u00e7\u00e3o<\/b><\/a><\/td>\n<\/tr>\n<tr>\n<td valign=\"top\">A fam\u00edlia de Jos\u00e9 Ignacio; a porta voz da beatifica\u00e7\u00e3o, fam\u00edlias que acolheram pessoas de todo o mundo; os respons\u00e1veis pela ONG Harambee \u00c1frica; volunt\u00e1rios e participantes desses momentos inesquec\u00edveis. S\u00e3o hist\u00f3rias reunidas nesse document\u00e1rio<\/td>\n<\/tr>\n<\/tbody>\n<\/table>\n<\/td>\n<\/tr>\n<\/tbody>\n<\/table>\n<\/td>\n<\/tr>\n<tr>\n<td height=\"18\"><\/td>\n<\/tr>\n<tr>\n<td valign=\"top\" width=\"100%\">\n<table border=\"0\" width=\"100%\" cellspacing=\"0\" cellpadding=\"0\">\n<tbody>\n<tr>\n<td align=\"right\" valign=\"top\" width=\"30%\"><a href=\"http:\/\/opusdei.us7.list-manage.com\/track\/click?u=1af5d7b530cb590152589eba5&amp;id=fb50b47c09&amp;e=f88f8593e5\" target=\"_blank\"><img class=\"CToWUd\" src=\"https:\/\/ci4.googleusercontent.com\/proxy\/y23HT-n5LQQVrjmO4hP1hyrzW_RBhzfVJJASSe7v4ulUkeczOt9OLkpJU6fICbO2cLT50W7RZwej9XixbjT6FsDRnOYfwc-8ojVtY0wegLxMF02Jc5q2Zow9pcrFRqerc3mPjbxAHHMAdtRRZA=s0-d-e1-ft#http:\/\/odnmedia.s3.amazonaws.com\/image\/9522686447_28e7012d3a_k_20141124180629365824.jpg\" alt=\"\" width=\"96\" border=\"0\" \/><\/a><\/td>\n<td width=\"4%\"><\/td>\n<td valign=\"top\" width=\"66%\">\n<table border=\"0\" width=\"100%\" cellspacing=\"0\" cellpadding=\"0\">\n<tbody>\n<tr>\n<td valign=\"top\"><a href=\"http:\/\/opusdei.us7.list-manage1.com\/track\/click?u=1af5d7b530cb590152589eba5&amp;id=c59371fcac&amp;e=f88f8593e5\" target=\"_blank\"><b>FAM\u00cdLIA<\/b><\/a><\/td>\n<\/tr>\n<tr>\n<td valign=\"top\"><a href=\"http:\/\/opusdei.us7.list-manage.com\/track\/click?u=1af5d7b530cb590152589eba5&amp;id=87330d873b&amp;e=f88f8593e5\" target=\"_blank\"><b>Educar para a vida<\/b><\/a><\/td>\n<\/tr>\n<tr>\n<td valign=\"top\">&#8220;Querer bem aos filhos \u00e9 coloc\u00e1-los em situa\u00e7\u00e3o de alcan\u00e7ar o dom\u00ednio sobre si mesmo: fazer deles pessoas livres&#8221;. Novo texto da cole\u00e7\u00e3o &#8220;Textos sobre a fam\u00edlia&#8221;.<\/td>\n<\/tr>\n<\/tbody>\n<\/table>\n<\/td>\n<\/tr>\n<\/tbody>\n<\/table>\n<\/td>\n<\/tr>\n<tr>\n<td height=\"18\"><\/td>\n<\/tr>\n<tr>\n<td valign=\"top\" width=\"100%\">\n<table border=\"0\" width=\"100%\" cellspacing=\"0\" cellpadding=\"0\">\n<tbody>\n<tr>\n<td align=\"right\" valign=\"top\" width=\"30%\"><a href=\"http:\/\/opusdei.us7.list-manage.com\/track\/click?u=1af5d7b530cb590152589eba5&amp;id=c981b6f823&amp;e=f88f8593e5\" target=\"_blank\"><img class=\"CToWUd\" src=\"https:\/\/ci4.googleusercontent.com\/proxy\/4gx9z4zolVwT0Z0QX5rXSngTiH-PbaaynyLLJRspSWfjjjuIvofYWNtl7QyqjRjn6ytZe7-iP7_twVBSydCbyjOAE_UdTCdbu-oHlauJQk5yQh8gel04X9F-4OFEfQ=s0-d-e1-ft#http:\/\/odnmedia.s3.amazonaws.com\/image\/DSC_0029_20141124122753501806.jpg\" alt=\"\" width=\"96\" border=\"0\" \/><\/a><\/td>\n<td width=\"4%\"><\/td>\n<td valign=\"top\" width=\"66%\">\n<table border=\"0\" width=\"100%\" cellspacing=\"0\" cellpadding=\"0\">\n<tbody>\n<tr>\n<td valign=\"top\"><a href=\"http:\/\/opusdei.us7.list-manage.com\/track\/click?u=1af5d7b530cb590152589eba5&amp;id=b988638b93&amp;e=f88f8593e5\" target=\"_blank\"><b>NOT\u00cdCIAS<\/b><\/a><\/td>\n<\/tr>\n<tr>\n<td valign=\"top\"><a href=\"http:\/\/opusdei.us7.list-manage1.com\/track\/click?u=1af5d7b530cb590152589eba5&amp;id=1ea6292f9e&amp;e=f88f8593e5\" target=\"_blank\"><b>Missa de a\u00e7\u00e3o de gra\u00e7as em S\u00e3o Paulo<\/b><\/a><\/td>\n<\/tr>\n<tr>\n<td valign=\"top\">Neste s\u00e1bado, dia 22\/11, foi celebrada na Catedral da S\u00e9, a Missa de a\u00e7\u00e3o de gra\u00e7as pela beatifica\u00e7\u00e3o de D. \u00c1lvaro. O celebrante principal foi Mons. Vicente Ancona Lopez, vig\u00e1rio regional do Opus Dei no Brasil.<\/td>\n<\/tr>\n<\/tbody>\n<\/table>\n<\/td>\n<\/tr>\n<\/tbody>\n<\/table>\n<\/td>\n<\/tr>\n<tr>\n<td height=\"18\"><\/td>\n<\/tr>\n<tr>\n<td valign=\"top\" width=\"100%\">\n<table border=\"0\" width=\"100%\" cellspacing=\"0\" cellpadding=\"0\">\n<tbody>\n<tr>\n<td align=\"right\" valign=\"top\" width=\"30%\"><a href=\"http:\/\/opusdei.us7.list-manage1.com\/track\/click?u=1af5d7b530cb590152589eba5&amp;id=a47476258a&amp;e=f88f8593e5\" target=\"_blank\"><img class=\"CToWUd\" src=\"https:\/\/ci5.googleusercontent.com\/proxy\/xd0FFwJBs91w5KP4f4JY3YXYaD2xCUVoJh59f0_HfETwwZ4ZH6wTnwfSovQ6_eB478P_TWOsm_L2y0cGSTxkpe3A1CISTIsT9BkqsdeZkBo8UnDcWIExSlMYqRYoi5cDnbmF-tkuVxH-GVXccQdsHFmFeGK7T-PWOr9ksmGqHdo=s0-d-e1-ft#http:\/\/odnmedia.s3.amazonaws.com\/image\/Ismael-MS-100718_4911_20141029100512058915_20141114125658048761.jpg\" alt=\"\" width=\"96\" border=\"0\" \/><\/a><\/td>\n<td width=\"4%\"><\/td>\n<td valign=\"top\" width=\"66%\">\n<table border=\"0\" width=\"100%\" cellspacing=\"0\" cellpadding=\"0\">\n<tbody>\n<tr>\n<td valign=\"top\"><a href=\"http:\/\/opusdei.us7.list-manage.com\/track\/click?u=1af5d7b530cb590152589eba5&amp;id=bcae614a65&amp;e=f88f8593e5\" target=\"_blank\"><b>TEXTOS SOBRE A VIDA CRIST\u00c3<\/b><\/a><\/td>\n<\/tr>\n<tr>\n<td valign=\"top\"><a href=\"http:\/\/opusdei.us7.list-manage.com\/track\/click?u=1af5d7b530cb590152589eba5&amp;id=23f141e046&amp;e=f88f8593e5\" target=\"_blank\"><b>Uma personalidade que se identifique com Cristo<\/b><\/a><\/td>\n<\/tr>\n<tr>\n<td valign=\"top\">Come\u00e7amos uma s\u00e9rie de editoriais sobre a forma\u00e7\u00e3o do car\u00e1ter e a maturidade crist\u00e3. Como influi a personalidade na vida di\u00e1ria? As pessoas podem mudar? Qual \u00e9 o papel da gra\u00e7a?<\/td>\n<\/tr>\n<\/tbody>\n<\/table>\n<\/td>\n<\/tr>\n<\/tbody>\n<\/table>\n<\/td>\n<\/tr>\n<tr>\n<td height=\"18\"><\/td>\n<\/tr>\n<tr>\n<td valign=\"top\" width=\"100%\">\n<table border=\"0\" width=\"100%\" cellspacing=\"0\" cellpadding=\"0\">\n<tbody>\n<tr>\n<td align=\"right\" valign=\"top\" width=\"30%\"><a href=\"http:\/\/opusdei.us7.list-manage.com\/track\/click?u=1af5d7b530cb590152589eba5&amp;id=7e99219c94&amp;e=f88f8593e5\" target=\"_blank\"><img class=\"CToWUd\" src=\"https:\/\/ci4.googleusercontent.com\/proxy\/sEb2sYu0CS9u2jyT2DZPgbIF2zusthS_cnPiUPIi8t6oOFP8dnlKVWUEALCU7ky668FyrCFioFlRjVjmPQAFGf6Kl7rpnouHaiE3Dve8SjRqAVYrPJCc2yIjguJhGWCmZQWue0-CgLiAP4Fh_w=s0-d-e1-ft#http:\/\/odnmedia.s3.amazonaws.com\/image\/con-juan-pablo-ii-en-la-plaza-de-san-pedro11.jpg\" alt=\"\" width=\"96\" border=\"0\" \/><\/a><\/td>\n<td width=\"4%\"><\/td>\n<td valign=\"top\" width=\"66%\">\n<table border=\"0\" width=\"100%\" cellspacing=\"0\" cellpadding=\"0\">\n<tbody>\n<tr>\n<td valign=\"top\"><a href=\"http:\/\/opusdei.us7.list-manage.com\/track\/click?u=1af5d7b530cb590152589eba5&amp;id=a56d954222&amp;e=f88f8593e5\" target=\"_blank\"><b>DO OPUS DEI<\/b><\/a><\/td>\n<\/tr>\n<tr>\n<td valign=\"top\"><a href=\"http:\/\/opusdei.us7.list-manage.com\/track\/click?u=1af5d7b530cb590152589eba5&amp;id=8e61bfa117&amp;e=f88f8593e5\" target=\"_blank\"><b>Deus n\u00e3o se repete<\/b><\/a><\/td>\n<\/tr>\n<tr>\n<td valign=\"top\">Em 28 de Novembro de 1982, o Papa Jo\u00e3o Paulo II erigia o Opus Dei em Prelatura Pessoal.<\/td>\n<\/tr>\n<\/tbody>\n<\/table>\n<\/td>\n<\/tr>\n<\/tbody>\n<\/table>\n<\/td>\n<\/tr>\n<tr>\n<td height=\"18\"><\/td>\n<\/tr>\n<tr>\n<td valign=\"top\" width=\"100%\">\n<table border=\"0\" width=\"100%\" cellspacing=\"0\" cellpadding=\"0\">\n<tbody>\n<tr>\n<td align=\"right\" valign=\"top\" width=\"30%\"><a href=\"http:\/\/opusdei.us7.list-manage1.com\/track\/click?u=1af5d7b530cb590152589eba5&amp;id=0ffc81cdc6&amp;e=f88f8593e5\" target=\"_blank\"><img class=\"CToWUd\" src=\"https:\/\/ci5.googleusercontent.com\/proxy\/LSz2Mca2YvZXBpVIUdXudjUa_MyGwuTL0VciIa1EdzEhbXZU3ElJX_y_3M2Y8cH8lQ9mrdOrMNxSK3UqjurTQmL-A2L587MPeDp-vVsEoXC79aamjYyqQZRCpH6tBg=s0-d-e1-ft#http:\/\/odnmedia.s3.amazonaws.com\/image\/stemava2_20140905125119329902.jpg\" alt=\"\" width=\"96\" border=\"0\" \/><\/a><\/td>\n<td width=\"4%\"><\/td>\n<td valign=\"top\" width=\"66%\">\n<table border=\"0\" width=\"100%\" cellspacing=\"0\" cellpadding=\"0\">\n<tbody>\n<tr>\n<td valign=\"top\"><a href=\"http:\/\/opusdei.us7.list-manage1.com\/track\/click?u=1af5d7b530cb590152589eba5&amp;id=6c4ee279b0&amp;e=f88f8593e5\" target=\"_blank\"><b>DEP\u00d3SITO<\/b><\/a><\/td>\n<\/tr>\n<tr>\n<td valign=\"top\"><a href=\"http:\/\/opusdei.us7.list-manage.com\/track\/click?u=1af5d7b530cb590152589eba5&amp;id=696a7c3e98&amp;e=f88f8593e5\" target=\"_blank\"><b>Constitui\u00e7\u00e3o apost\u00f3lica &#8220;Ut sit&#8221;<\/b><\/a><\/td>\n<\/tr>\n<tr>\n<td valign=\"top\">Constitui\u00e7\u00e3o apost\u00f3lica pela qual a Santa S\u00e9 erigiu o Opus Dei como a primeira Prelazia pessoal da Igreja cat\u00f3lica.<\/td>\n<\/tr>\n<\/tbody>\n<\/table>\n<\/td>\n<\/tr>\n<\/tbody>\n<\/table>\n<\/td>\n<\/tr>\n<\/tbody>\n<\/table>\n<\/td>\n<\/tr>\n<\/tbody>\n<\/table>\n","protected":false},"excerpt":{"rendered":"<p>28 de Novembro de 2014 V\u00eddeo: &#8220;Obrigada D. \u00c1lvaro. Hist\u00f3rias de uma beatifica\u00e7\u00e3o&#8221;, textos sobre educa\u00e7\u00e3o dos filhos e vida crist\u00e3; Homilia da Missa de A\u00e7\u00e3o de Gra\u00e7as em S\u00e3o Paulo pela beatifica\u00e7\u00e3o de D. \u00c1lvaro e um especial pelo anivers\u00e1rio da ere\u00e7\u00e3o do Opus Dei como Prelazia Pessoal MAIS RECURSOS Obrigado D. \u00c1lvaro. Hist\u00f3rias [&hellip;]<\/p>\n","protected":false},"author":2,"featured_media":0,"comment_status":"open","ping_status":"open","sticky":false,"template":"","format":"standard","meta":{"_links_to":"","_links_to_target":""},"categories":[28],"tags":[],"_links":{"self":[{"href":"https:\/\/www.r2cpress.com.br\/v1\/wp-json\/wp\/v2\/posts\/88963"}],"collection":[{"href":"https:\/\/www.r2cpress.com.br\/v1\/wp-json\/wp\/v2\/posts"}],"about":[{"href":"https:\/\/www.r2cpress.com.br\/v1\/wp-json\/wp\/v2\/types\/post"}],"author":[{"embeddable":true,"href":"https:\/\/www.r2cpress.com.br\/v1\/wp-json\/wp\/v2\/users\/2"}],"replies":[{"embeddable":true,"href":"https:\/\/www.r2cpress.com.br\/v1\/wp-json\/wp\/v2\/comments?post=88963"}],"version-history":[{"count":1,"href":"https:\/\/www.r2cpress.com.br\/v1\/wp-json\/wp\/v2\/posts\/88963\/revisions"}],"predecessor-version":[{"id":88964,"href":"https:\/\/www.r2cpress.com.br\/v1\/wp-json\/wp\/v2\/posts\/88963\/revisions\/88964"}],"wp:attachment":[{"href":"https:\/\/www.r2cpress.com.br\/v1\/wp-json\/wp\/v2\/media?parent=88963"}],"wp:term":[{"taxonomy":"category","embeddable":true,"href":"https:\/\/www.r2cpress.com.br\/v1\/wp-json\/wp\/v2\/categories?post=88963"},{"taxonomy":"post_tag","embeddable":true,"href":"https:\/\/www.r2cpress.com.br\/v1\/wp-json\/wp\/v2\/tags?post=88963"}],"curies":[{"name":"wp","href":"https:\/\/api.w.org\/{rel}","templated":true}]}}