{"id":8908,"date":"2011-02-18T10:14:02","date_gmt":"2011-02-18T13:14:02","guid":{"rendered":"http:\/\/www.r2cpress.com.br\/v1\/?p=8908"},"modified":"2011-02-18T10:14:02","modified_gmt":"2011-02-18T13:14:02","slug":"campanha-%e2%80%9ctodos-contra-o-crack%e2%80%9d-pretende-envolver-toda-a-sociedade","status":"publish","type":"post","link":"https:\/\/www.r2cpress.com.br\/v1\/2011\/02\/18\/campanha-%e2%80%9ctodos-contra-o-crack%e2%80%9d-pretende-envolver-toda-a-sociedade\/","title":{"rendered":"Campanha \u201ctodos contra o crack\u201d pretende envolver toda a sociedade"},"content":{"rendered":"<p><center><b>Clique para AMPLIAR<\/b><br \/>\n<a href=\"http:\/\/www.r2cpress.com.br\/v1\/wp-content\/uploads\/todos-contra-o-crack.jpg\"><img loading=\"lazy\" src=\"http:\/\/www.r2cpress.com.br\/v1\/wp-content\/uploads\/todos-contra-o-crack-300x100.jpg\" alt=\"\" title=\"todos-contra-o-crack\" width=\"300\" height=\"100\" class=\"alignnone size-medium wp-image-8841\" srcset=\"https:\/\/www.r2cpress.com.br\/v1\/wp-content\/uploads\/todos-contra-o-crack-300x100.jpg 300w, https:\/\/www.r2cpress.com.br\/v1\/wp-content\/uploads\/todos-contra-o-crack.jpg 773w\" sizes=\"(max-width: 300px) 100vw, 300px\" \/><\/a><\/center><br \/>\nOs membros do Comit\u00ea de Pol\u00edticas sobre drogas e o Minist\u00e9rio Galera de Jesus, em parceria com as casas de recupera\u00e7\u00e3o de Ilh\u00e9us, as Secretarias de Educa\u00e7\u00e3o de Ilh\u00e9us e da Bahia, rede p\u00fablica e particular de ensino, DIREC, Pol\u00edcia Civil e Militar, Corpo de Bombeiros e outras institui\u00e7\u00f5es, est\u00e1 lan\u00e7ando a campanha \u201cTodos contra o crack \u2013 Tire essa pedra do seu caminho\u201d.<\/p>\n<p>A id\u00e9ia \u00e9 mobilizar toda a sociedade para que seja dedicada maior aten\u00e7\u00e3o ao problema das drogas e potencializar o trabalho desenvolvido pelas casas de recupera\u00e7\u00e3o da cidade. Em reuni\u00e3o na C\u00e2mara de Vereadores de Ilh\u00e9us, ficou definida uma grande mobiliza\u00e7\u00e3o contra as drogas, para o dia 18 de mar\u00e7o, com uma caminhada pelo centro de lh\u00e9us, saindo da Avenida Bar\u00e3o do Rio Branco, com grande concentra\u00e7\u00e3o na Avenida Soares Lopes, onde acontecer\u00e1 apresenta\u00e7\u00e3o de espet\u00e1culos teatrais e de bancas de m\u00fasica gospel. Tamb\u00e9m ficou institu\u00edda esta data como o dia municipal de combate \u00e0s drogas.<\/p>\n<p>A campanha tem como foco principal a rede de educa\u00e7\u00e3o, uma vez que \u00e9 na escola que as crian\u00e7as e adolescentes podem receber informa\u00e7\u00e3o de qualidade, para que n\u00e3o sejam iludidos pelas drogas. Para isso, est\u00e1 sendo elaborada uma agenda de palestras  em todas as escolas da cidade, com apoio das casas de recupera\u00e7\u00e3o e do Minist\u00e9rio Resgate para a Vida da Igreja Batista Lindin\u00f3polis. O lema da campanha \u00e9 que \u201csozinhos somos um, juntos somos todos\u201d, com o intuito de mobilizar o maior n\u00famero poss\u00edvel de pessoas e institui\u00e7\u00f5es.<\/p>\n","protected":false},"excerpt":{"rendered":"<p>Clique para AMPLIAR Os membros do Comit\u00ea de Pol\u00edticas sobre drogas e o Minist\u00e9rio Galera de Jesus, em parceria com as casas de recupera\u00e7\u00e3o de Ilh\u00e9us, as Secretarias de Educa\u00e7\u00e3o de Ilh\u00e9us e da Bahia, rede p\u00fablica e particular de ensino, DIREC, Pol\u00edcia Civil e Militar, Corpo de Bombeiros e outras institui\u00e7\u00f5es, est\u00e1 lan\u00e7ando a [&hellip;]<\/p>\n","protected":false},"author":2,"featured_media":0,"comment_status":"open","ping_status":"open","sticky":false,"template":"","format":"standard","meta":{"_links_to":"","_links_to_target":""},"categories":[28],"tags":[],"_links":{"self":[{"href":"https:\/\/www.r2cpress.com.br\/v1\/wp-json\/wp\/v2\/posts\/8908"}],"collection":[{"href":"https:\/\/www.r2cpress.com.br\/v1\/wp-json\/wp\/v2\/posts"}],"about":[{"href":"https:\/\/www.r2cpress.com.br\/v1\/wp-json\/wp\/v2\/types\/post"}],"author":[{"embeddable":true,"href":"https:\/\/www.r2cpress.com.br\/v1\/wp-json\/wp\/v2\/users\/2"}],"replies":[{"embeddable":true,"href":"https:\/\/www.r2cpress.com.br\/v1\/wp-json\/wp\/v2\/comments?post=8908"}],"version-history":[{"count":2,"href":"https:\/\/www.r2cpress.com.br\/v1\/wp-json\/wp\/v2\/posts\/8908\/revisions"}],"predecessor-version":[{"id":8911,"href":"https:\/\/www.r2cpress.com.br\/v1\/wp-json\/wp\/v2\/posts\/8908\/revisions\/8911"}],"wp:attachment":[{"href":"https:\/\/www.r2cpress.com.br\/v1\/wp-json\/wp\/v2\/media?parent=8908"}],"wp:term":[{"taxonomy":"category","embeddable":true,"href":"https:\/\/www.r2cpress.com.br\/v1\/wp-json\/wp\/v2\/categories?post=8908"},{"taxonomy":"post_tag","embeddable":true,"href":"https:\/\/www.r2cpress.com.br\/v1\/wp-json\/wp\/v2\/tags?post=8908"}],"curies":[{"name":"wp","href":"https:\/\/api.w.org\/{rel}","templated":true}]}}