{"id":8915,"date":"2011-02-18T17:37:40","date_gmt":"2011-02-18T20:37:40","guid":{"rendered":"http:\/\/www.r2cpress.com.br\/v1\/?p=8915"},"modified":"2011-02-18T17:37:40","modified_gmt":"2011-02-18T20:37:40","slug":"camara-municipal-de-ilheus-52","status":"publish","type":"post","link":"https:\/\/www.r2cpress.com.br\/v1\/2011\/02\/18\/camara-municipal-de-ilheus-52\/","title":{"rendered":"C\u00e2mara Municipal de Ilh\u00e9us"},"content":{"rendered":"<p>Caminhada contra as drogas ser\u00e1 realizada no dia 18 de mar\u00e7o<br \/>\n<div id=\"attachment_8916\" style=\"width: 310px\" class=\"wp-caption alignnone\"><a href=\"http:\/\/www.r2cpress.com.br\/v1\/wp-content\/uploads\/CMI-18-02-2011.jpg\"><img aria-describedby=\"caption-attachment-8916\" loading=\"lazy\" src=\"http:\/\/www.r2cpress.com.br\/v1\/wp-content\/uploads\/CMI-18-02-2011-300x167.jpg\" alt=\"\" title=\"CMI 18 02 2011\" width=\"300\" height=\"167\" class=\"size-medium wp-image-8916\" srcset=\"https:\/\/www.r2cpress.com.br\/v1\/wp-content\/uploads\/CMI-18-02-2011-300x167.jpg 300w, https:\/\/www.r2cpress.com.br\/v1\/wp-content\/uploads\/CMI-18-02-2011.jpg 680w\" sizes=\"(max-width: 300px) 100vw, 300px\" \/><\/a><p id=\"caption-attachment-8916\" class=\"wp-caption-text\">CMI EM A\u00c7\u00c3O<\/p><\/div><br \/>\nC\u00e2mara e Pol\u00edcia Militar estreitam parceria em reuni\u00e3o<\/p>\n<p><!--more--><\/p>\n<p>***<\/p>\n<p><strong>Caminhada contra as drogas ser\u00e1 realizada no dia 18 de mar\u00e7o<\/strong><\/p>\n<p>O Comit\u00ea de Pol\u00edticas sobre drogas de Ilh\u00e9us se reuniu na C\u00e2mara de Vereadores na \u00faltima ter\u00e7a-feira (15) para lan\u00e7ar a campanha \u201cTodos contra o crack \u2013 Tire essa pedra do seu caminho\u201d. Al\u00e9m do vereador Alzim\u00e1rio Belmonte (Professor Gurita), integrante do Comit\u00ea, o presidente do legislativo ilheense, Edivaldo Nascimento (Dinho G\u00e1s) tamb\u00e9m compareceu a reuni\u00e3o. <\/p>\n<p>A onda de viol\u00eancia e o alto \u00edndice de viciados em crack na cidade s\u00e3o apenas alguns dos motivos que levaram o Comit\u00ea a criar a campanha. \u201c\u00c9 preciso dar uma resposta a sociedade, muitas vidas est\u00e3o sendo ceifadas e destru\u00eddas por causa do crack\u201d, disse Professor Gurita. <\/p>\n<p>Para tentar mobilizar o m\u00e1ximo de pessoas poss\u00edvel, o Comit\u00ea realizar\u00e1 uma mobiliza\u00e7\u00e3o contra as drogas no pr\u00f3ximo dia 18 de mar\u00e7o, com uma grande caminhada pelo centro de Ilh\u00e9us. \u201cEm breve tramitar\u00e1 na C\u00e2mara um Projeto de Lei que instituir\u00e1 o dia 18 de mar\u00e7o como dia municipal de combate \u00e0s drogas\u201d, finalizou Gurita. <\/p>\n<p><strong>C\u00e2mara e Pol\u00edcia Militar estreitam parceria em reuni\u00e3o<\/strong><\/p>\n<p>O vereador Edivaldo Nascimento (Dinho G\u00e1s) esteve em reuni\u00e3o com o comandante da companhia central, onde os mesmos colocaram-se a disposi\u00e7\u00e3o para realizarem um trabalho em parceria da Policia Militar com a C\u00e2mara de Vereadores, buscando assim o melhor para o Munic\u00edpio. Na ocasi\u00e3o as partes entenderam a necessidade de fortalecer o trabalho de seguran\u00e7a na cidade, pois as dificuldades enfrentadas pela pol\u00edcia \u00e9 de conhecimento de todos.<\/p>\n<p>\u201cEstou recuperando uma viatura com recursos pr\u00f3prios, isso porque o trabalho que vem sendo realizado pelo comandante fazendo rondas pelas escolas \u00e9 de suma import\u00e2ncia para a cidade\u201d, lembrou Dinho G\u00e1s. O comandante lembrou que as dificuldades enfrentadas pela popula\u00e7\u00e3o em rela\u00e7\u00e3o ao (190) \u00e9 devido das chamadas serem deslocadas e que esse problema ser\u00e1 sanado em breve, quando o novo sistema for instalado. Enquanto isso, o Major Gustavo informa que recebeu alguns r\u00e1dios de longo alcance que facilitar\u00e1 a comunica\u00e7\u00e3o com os policiais que estejam nas ruas realizando suas respectivas opera\u00e7\u00f5es. <\/p>\n","protected":false},"excerpt":{"rendered":"<p>Caminhada contra as drogas ser\u00e1 realizada no dia 18 de mar\u00e7o C\u00e2mara e Pol\u00edcia Militar estreitam parceria em reuni\u00e3o<\/p>\n","protected":false},"author":2,"featured_media":0,"comment_status":"open","ping_status":"open","sticky":false,"template":"","format":"standard","meta":{"_links_to":"","_links_to_target":""},"categories":[22],"tags":[],"_links":{"self":[{"href":"https:\/\/www.r2cpress.com.br\/v1\/wp-json\/wp\/v2\/posts\/8915"}],"collection":[{"href":"https:\/\/www.r2cpress.com.br\/v1\/wp-json\/wp\/v2\/posts"}],"about":[{"href":"https:\/\/www.r2cpress.com.br\/v1\/wp-json\/wp\/v2\/types\/post"}],"author":[{"embeddable":true,"href":"https:\/\/www.r2cpress.com.br\/v1\/wp-json\/wp\/v2\/users\/2"}],"replies":[{"embeddable":true,"href":"https:\/\/www.r2cpress.com.br\/v1\/wp-json\/wp\/v2\/comments?post=8915"}],"version-history":[{"count":2,"href":"https:\/\/www.r2cpress.com.br\/v1\/wp-json\/wp\/v2\/posts\/8915\/revisions"}],"predecessor-version":[{"id":8918,"href":"https:\/\/www.r2cpress.com.br\/v1\/wp-json\/wp\/v2\/posts\/8915\/revisions\/8918"}],"wp:attachment":[{"href":"https:\/\/www.r2cpress.com.br\/v1\/wp-json\/wp\/v2\/media?parent=8915"}],"wp:term":[{"taxonomy":"category","embeddable":true,"href":"https:\/\/www.r2cpress.com.br\/v1\/wp-json\/wp\/v2\/categories?post=8915"},{"taxonomy":"post_tag","embeddable":true,"href":"https:\/\/www.r2cpress.com.br\/v1\/wp-json\/wp\/v2\/tags?post=8915"}],"curies":[{"name":"wp","href":"https:\/\/api.w.org\/{rel}","templated":true}]}}