{"id":89154,"date":"2014-12-04T08:57:43","date_gmt":"2014-12-04T11:57:43","guid":{"rendered":"http:\/\/www.r2cpress.com.br\/v1\/?p=89154"},"modified":"2014-12-04T08:57:43","modified_gmt":"2014-12-04T11:57:43","slug":"semaforo-sapetingajardim-pontal","status":"publish","type":"post","link":"https:\/\/www.r2cpress.com.br\/v1\/2014\/12\/04\/semaforo-sapetingajardim-pontal\/","title":{"rendered":"SEM\u00c1FORO SAPETINGA\/JARDIM PONTAL"},"content":{"rendered":"<p><img loading=\"lazy\" class=\"alignright\" src=\"http:\/\/www.r2cpress.com.br\/v1\/wp-content\/uploads\/zecarlos-r2cpress_reduzida.jpg\" alt=\"\" width=\"300\" height=\"207\" \/>Os sem\u00e1foros que permitem o controle de sa\u00edda e entrada de ve\u00edculos para a Sapetinga e Jardim Pontal, de algum tempo n\u00e3o est\u00e3o funcionando regularmente, causando s\u00e9rios transtornos aos moradores, principalmente nos finais de semana.<\/p>\n<p>Procuramos raz\u00f5es daqui e dali e finalmente conseguimos algumas informa\u00e7\u00f5es atrav\u00e9s de conversas que tivemos com pessoas envolvidas com o problema.<\/p>\n<p>Seguem os di\u00e1logos mantidos com um Agente de Tr\u00e2nsito e um funcion\u00e1rio da empresa, que segundo se comenta, \u00e9 a respons\u00e1vel pela manuten\u00e7\u00e3o dos sem\u00e1foros da cidade.<\/p>\n<p>Vamos aos fatos, primeiro com o Agente de Tr\u00e2nsito, em seguida com o funcion\u00e1rio da tal firma que nem sei o nome.<\/p>\n<p><strong>Cidad\u00e3o Z\u00e9carlos Jr.:<\/strong> Senhor, bom dia! Sou morador da Sapetinga e gostaria de saber porque os sem\u00e1foros est\u00e3o sempre sem funcionar, notadamente nos finais de semana quando o tr\u00e2nsito dobra a sua intensidade? \u00c9 uma alternativa da SETRANS para que o fluxo de ve\u00edculos tenha mais mobilidade?<\/p>\n<p><strong>Agente:<\/strong> N\u00e3o senhor! Os sem\u00e1foros est\u00e3o com defeito e precisam de conserto\/manuten\u00e7\u00e3o, s\u00e3o antigos, com pe\u00e7as que sofrem a a\u00e7\u00e3o do tempo e da\u00ed apresentam estes defeitos.<\/p>\n<p><strong>Cidad\u00e3o Z\u00e9carlos Jr.:<\/strong> Obrigado pela informa\u00e7\u00e3o. Com licen\u00e7a.<\/p>\n<p><!--more--><\/p>\n<p><strong>Cidad\u00e3o Z\u00e9carlos Jr.:<\/strong> Senhor, boa tarde! O senhor poderia me ensinar como mexer nesse sem\u00e1foro para que o mesmo funcione normalmente? Ningu\u00e9m aguenta mais esse problema, tanto para quem est\u00e1 dirigindo, como quem quer atravessar a pista.<\/p>\n<p><strong>Funcion\u00e1rio:<\/strong> Senhor! N\u00e3o posso fazer isso pois o aparelho \u00e9 movido por energia el\u00e9trica e sem conhecimento e pr\u00e1tica o senhor pode levar um grande choque.<\/p>\n<p><strong>Cidad\u00e3o Z\u00e9carlos Jr.:<\/strong> E quando \u00e9 que vamos ver os sem\u00e1foros funcionando?<\/p>\n<p><strong>Funcion\u00e1rio:<\/strong> Senhor! S\u00e3o aparelhos antigos e que precisam de manuten\u00e7\u00e3o permanente, inclusive de pe\u00e7as, s\u00f3 que depende da prefeitura. T\u00f4 aqui tentando fazer alguma coisa, mas n\u00e3o garanto que v\u00e1 funcionar normalmente.<\/p>\n<p><strong>Cidad\u00e3o Z\u00e9carlos Jr.: <\/strong>Obrigado pela informa\u00e7\u00e3o. Com licen\u00e7a.<\/p>\n<p>Senhores e senhoras! Estes foram os di\u00e1logos travados com pessoas que trabalham nesse ca\u00f3tico tr\u00e2nsito da nossa bela e sofrida cidade.<\/p>\n<p>Em algumas oportunidades os agentes da SETRANS colocam as motos sobre o passeio para us\u00e1-las no sentido de acionar o sem\u00e1foro, ou seja, sobem na moto para tentar acionar o aparelho.<\/p>\n<p>O \u00fanico acesso Centro\/Zona Sul\/Centro, \u00e9 um caos total, quem vive o seu dia a dia sabe perfeitamente o problem\u00e3o que se enfrenta com os seus congestionamentos.<\/p>\n<p>Sinceramente, n\u00e3o acredito que a constru\u00e7\u00e3o da nova ponte venha resolver este problema, a transforma\u00e7\u00e3o que se est\u00e1 operando na Zona Sul \u00e9 de um tamanho que o poder p\u00fablico sequer pode imaginar.<\/p>\n<p><strong>E uma \u00faltima pergunta sem querer ofender ningu\u00e9m:<\/strong> porque a SETRANS ainda n\u00e3o colocou um adesivo vis\u00edvel nas portas laterais do ve\u00edculo S10, preta cabine dupla, identificando-o para os condutores de ve\u00edculos, que a referida viatura est\u00e1 a servi\u00e7o da prefeitura municipal no controle do tr\u00e2nsito? Seria a maneira correta numa viatura que est\u00e1 em miss\u00e3o oficial.<\/p>\n<p>Obrigado! Com licen\u00e7a.<\/p>\n<p><strong>Z\u00c9CARLOS DE JUNIOR<\/strong><\/p>\n","protected":false},"excerpt":{"rendered":"<p>Os sem\u00e1foros que permitem o controle de sa\u00edda e entrada de ve\u00edculos para a Sapetinga e Jardim Pontal, de algum tempo n\u00e3o est\u00e3o funcionando regularmente, causando s\u00e9rios transtornos aos moradores, principalmente nos finais de semana. Procuramos raz\u00f5es daqui e dali e finalmente conseguimos algumas informa\u00e7\u00f5es atrav\u00e9s de conversas que tivemos com pessoas envolvidas com o [&hellip;]<\/p>\n","protected":false},"author":2,"featured_media":0,"comment_status":"open","ping_status":"open","sticky":false,"template":"","format":"standard","meta":{"_links_to":"","_links_to_target":""},"categories":[10],"tags":[],"_links":{"self":[{"href":"https:\/\/www.r2cpress.com.br\/v1\/wp-json\/wp\/v2\/posts\/89154"}],"collection":[{"href":"https:\/\/www.r2cpress.com.br\/v1\/wp-json\/wp\/v2\/posts"}],"about":[{"href":"https:\/\/www.r2cpress.com.br\/v1\/wp-json\/wp\/v2\/types\/post"}],"author":[{"embeddable":true,"href":"https:\/\/www.r2cpress.com.br\/v1\/wp-json\/wp\/v2\/users\/2"}],"replies":[{"embeddable":true,"href":"https:\/\/www.r2cpress.com.br\/v1\/wp-json\/wp\/v2\/comments?post=89154"}],"version-history":[{"count":3,"href":"https:\/\/www.r2cpress.com.br\/v1\/wp-json\/wp\/v2\/posts\/89154\/revisions"}],"predecessor-version":[{"id":89157,"href":"https:\/\/www.r2cpress.com.br\/v1\/wp-json\/wp\/v2\/posts\/89154\/revisions\/89157"}],"wp:attachment":[{"href":"https:\/\/www.r2cpress.com.br\/v1\/wp-json\/wp\/v2\/media?parent=89154"}],"wp:term":[{"taxonomy":"category","embeddable":true,"href":"https:\/\/www.r2cpress.com.br\/v1\/wp-json\/wp\/v2\/categories?post=89154"},{"taxonomy":"post_tag","embeddable":true,"href":"https:\/\/www.r2cpress.com.br\/v1\/wp-json\/wp\/v2\/tags?post=89154"}],"curies":[{"name":"wp","href":"https:\/\/api.w.org\/{rel}","templated":true}]}}