{"id":89305,"date":"2014-12-08T16:24:08","date_gmt":"2014-12-08T19:24:08","guid":{"rendered":"http:\/\/www.r2cpress.com.br\/v1\/?p=89305"},"modified":"2014-12-08T16:24:08","modified_gmt":"2014-12-08T19:24:08","slug":"iniciada-instalacao-do-novo-sistema-de-iluminacao-do-estadio-mario-pessoa-de-ilheus","status":"publish","type":"post","link":"https:\/\/www.r2cpress.com.br\/v1\/2014\/12\/08\/iniciada-instalacao-do-novo-sistema-de-iluminacao-do-estadio-mario-pessoa-de-ilheus\/","title":{"rendered":"Iniciada instala\u00e7\u00e3o do novo sistema de\u00a0 ilumina\u00e7\u00e3o do Est\u00e1dio M\u00e1rio Pessoa, de Ilh\u00e9us  \u00a0"},"content":{"rendered":"<p>J\u00e1 foi iniciada a obra de instala\u00e7\u00e3o do novo sistema de ilumina\u00e7\u00e3o do Est\u00e1dio Municipal M\u00e1rio Pessoa, de Ilh\u00e9us, atrav\u00e9s de parceria entre a Superintend\u00eancia dos Desportos do Estado da Bahia (Sudesb) &#8211; vinculada \u00e0 secretaria \u00a0estadual do Trabalho, Emprego, Renda e Esporte &#8211; e a Prefeitura local.\u00a0 Segundo o secret\u00e1rio municipal de Desenvolvimento Urbano, Isaac Albagli, as obras devem ser conclu\u00eddas at\u00e9 o final deste m\u00eas.<\/p>\n<div id=\"attachment_89306\" style=\"width: 560px\" class=\"wp-caption aligncenter\"><a href=\"http:\/\/www.r2cpress.com.br\/v1\/wp-content\/uploads\/2014\/12\/Instala\u00e7\u00e3o-da-ilumina\u00e7\u00e3o-do-est\u00e1dio-M\u00e1rio-Pessoa-Foto-Alfredo-Filho-4.jpg\"><img aria-describedby=\"caption-attachment-89306\" loading=\"lazy\" class=\"size-full wp-image-89306\" src=\"http:\/\/www.r2cpress.com.br\/v1\/wp-content\/uploads\/2014\/12\/Instala\u00e7\u00e3o-da-ilumina\u00e7\u00e3o-do-est\u00e1dio-M\u00e1rio-Pessoa-Foto-Alfredo-Filho-4.jpg\" alt=\"Instala\u00e7\u00e3o da ilumina\u00e7\u00e3o do est\u00e1dio M\u00e1rio Pessoa - Foto Alfredo Filho.\" width=\"550\" height=\"347\" srcset=\"https:\/\/www.r2cpress.com.br\/v1\/wp-content\/uploads\/2014\/12\/Instala\u00e7\u00e3o-da-ilumina\u00e7\u00e3o-do-est\u00e1dio-M\u00e1rio-Pessoa-Foto-Alfredo-Filho-4.jpg 550w, https:\/\/www.r2cpress.com.br\/v1\/wp-content\/uploads\/2014\/12\/Instala\u00e7\u00e3o-da-ilumina\u00e7\u00e3o-do-est\u00e1dio-M\u00e1rio-Pessoa-Foto-Alfredo-Filho-4-300x189.jpg 300w\" sizes=\"(max-width: 550px) 100vw, 550px\" \/><\/a><p id=\"caption-attachment-89306\" class=\"wp-caption-text\">Instala\u00e7\u00e3o da ilumina\u00e7\u00e3o do est\u00e1dio M\u00e1rio Pessoa &#8211; Foto Alfredo Filho.<\/p><\/div>\n<p>A nova ilumina\u00e7\u00e3o ser\u00e1 composta de 64 novos refletores, distribu\u00eddos em quatro torres, que possibilitar\u00e1 a transmiss\u00e3o dos jogos pelas emissoras de televis\u00e3o, inclusive no sistema de TV digital. O novo sistema foi conseguido pelo prefeito Jabes Ribeiro, ao lado do presidente da C\u00e2mara de Vereadores, Josevaldo Machado, atendendo a reivindica\u00e7\u00f5es da comunidade esportiva de Ilh\u00e9us.<\/p>\n<p>O servi\u00e7o foi autorizado \u00e0 empresa Via Reta (vencedora da licita\u00e7\u00e3o) durante solenidade ocorrida no Pal\u00e1cio Paranagu\u00e1, no \u00faltimo dia 1\u00ba de outubro, com a participa\u00e7\u00e3o do superintendente da Sudesb, Elias Dourado. Segundo Dourado, a implanta\u00e7\u00e3o da ilumina\u00e7\u00e3o atende aos padr\u00f5es exigidos pela Federa\u00e7\u00e3o Baiana de Futebol (FBF).<\/p>\n<div id=\"attachment_89307\" style=\"width: 560px\" class=\"wp-caption aligncenter\"><a href=\"http:\/\/www.r2cpress.com.br\/v1\/wp-content\/uploads\/2014\/12\/Instala\u00e7\u00e3o-da-ilumina\u00e7\u00e3o-do-est\u00e1dio-M\u00e1rio-Pessoa-Foto-Alfredo-Filho-5.jpg\"><img aria-describedby=\"caption-attachment-89307\" loading=\"lazy\" class=\"size-full wp-image-89307\" src=\"http:\/\/www.r2cpress.com.br\/v1\/wp-content\/uploads\/2014\/12\/Instala\u00e7\u00e3o-da-ilumina\u00e7\u00e3o-do-est\u00e1dio-M\u00e1rio-Pessoa-Foto-Alfredo-Filho-5.jpg\" alt=\"Instala\u00e7\u00e3o da ilumina\u00e7\u00e3o do est\u00e1dio M\u00e1rio Pessoa - Foto Alfredo Filho.\" width=\"550\" height=\"367\" srcset=\"https:\/\/www.r2cpress.com.br\/v1\/wp-content\/uploads\/2014\/12\/Instala\u00e7\u00e3o-da-ilumina\u00e7\u00e3o-do-est\u00e1dio-M\u00e1rio-Pessoa-Foto-Alfredo-Filho-5.jpg 550w, https:\/\/www.r2cpress.com.br\/v1\/wp-content\/uploads\/2014\/12\/Instala\u00e7\u00e3o-da-ilumina\u00e7\u00e3o-do-est\u00e1dio-M\u00e1rio-Pessoa-Foto-Alfredo-Filho-5-300x200.jpg 300w\" sizes=\"(max-width: 550px) 100vw, 550px\" \/><\/a><p id=\"caption-attachment-89307\" class=\"wp-caption-text\">Instala\u00e7\u00e3o da ilumina\u00e7\u00e3o do est\u00e1dio M\u00e1rio Pessoa &#8211; Foto Alfredo Filho.<\/p><\/div>\n<p>A obra garante a infraestrutura e claridade necess\u00e1ria para a pr\u00e1tica do futebol e a transmiss\u00e3o de imagens dos jogos do time do Colo Colo Futebol e Regatas, representante de Ilh\u00e9us na primeira divis\u00e3o do Campeonato Baiano de Futebol Profissional, em 2015, al\u00e9m de beneficiar as equipes da Liga Ilheense de Futebol (LIF), cujos atletas sempre treinaram durante \u00e0 noite.<\/p>\n<p><strong>Mais obras<\/strong>\u00a0&#8211; Segundo Hermano Fahning, engenheiro civil do munic\u00edpio e um dos diretores do Colo Colo, a Prefeitura tamb\u00e9m est\u00e1 executando obras para a melhoria do est\u00e1dio, a exemplo da pintura geral, reforma geral dos vesti\u00e1rios, inclusive o dos \u00e1rbitros, reparo nos alambrados, na sinaliza\u00e7\u00e3o de emerg\u00eancia, al\u00e9m de ro\u00e7agem e prepara\u00e7\u00e3o do gramado. \u201cA implanta\u00e7\u00e3o de um sistema de ilumina\u00e7\u00e3o mais moderno amplia as possibilidades de se utilizar o est\u00e1dio, tornando um vetor de desenvolvimento para o esporte amador e profissional da regi\u00e3o\u201d, afirmou Fahning.<\/p>\n<p>\u201cPossuir um est\u00e1dio com um iluminamento melhor se tornou um requisito obrigat\u00f3rio, para que o Colo Colo possa sediar seus jogos na elite do futebol baiano, perto da torcida. O Est\u00e1dio M\u00e1rio Pessoa depois de passar por mais esta reforma, dar\u00e1 a comunidade ilheense, um espa\u00e7o melhor iluminado, com possibilidades para ocorrer mais campeonatos esportivos\u201d, declarou o engenheiro.<\/p>\n<p>&#8212;<\/p>\n<p><strong>Secretaria de Comunica\u00e7\u00e3o Social \u2013 Secom<\/strong><\/p>\n","protected":false},"excerpt":{"rendered":"<p>J\u00e1 foi iniciada a obra de instala\u00e7\u00e3o do novo sistema de ilumina\u00e7\u00e3o do Est\u00e1dio Municipal M\u00e1rio Pessoa, de Ilh\u00e9us, atrav\u00e9s de parceria entre a Superintend\u00eancia dos Desportos do Estado da Bahia (Sudesb) &#8211; vinculada \u00e0 secretaria \u00a0estadual do Trabalho, Emprego, Renda e Esporte &#8211; e a Prefeitura local.\u00a0 Segundo o secret\u00e1rio municipal de Desenvolvimento Urbano, [&hellip;]<\/p>\n","protected":false},"author":2,"featured_media":0,"comment_status":"open","ping_status":"open","sticky":false,"template":"","format":"standard","meta":{"_links_to":"","_links_to_target":""},"categories":[23],"tags":[],"_links":{"self":[{"href":"https:\/\/www.r2cpress.com.br\/v1\/wp-json\/wp\/v2\/posts\/89305"}],"collection":[{"href":"https:\/\/www.r2cpress.com.br\/v1\/wp-json\/wp\/v2\/posts"}],"about":[{"href":"https:\/\/www.r2cpress.com.br\/v1\/wp-json\/wp\/v2\/types\/post"}],"author":[{"embeddable":true,"href":"https:\/\/www.r2cpress.com.br\/v1\/wp-json\/wp\/v2\/users\/2"}],"replies":[{"embeddable":true,"href":"https:\/\/www.r2cpress.com.br\/v1\/wp-json\/wp\/v2\/comments?post=89305"}],"version-history":[{"count":1,"href":"https:\/\/www.r2cpress.com.br\/v1\/wp-json\/wp\/v2\/posts\/89305\/revisions"}],"predecessor-version":[{"id":89308,"href":"https:\/\/www.r2cpress.com.br\/v1\/wp-json\/wp\/v2\/posts\/89305\/revisions\/89308"}],"wp:attachment":[{"href":"https:\/\/www.r2cpress.com.br\/v1\/wp-json\/wp\/v2\/media?parent=89305"}],"wp:term":[{"taxonomy":"category","embeddable":true,"href":"https:\/\/www.r2cpress.com.br\/v1\/wp-json\/wp\/v2\/categories?post=89305"},{"taxonomy":"post_tag","embeddable":true,"href":"https:\/\/www.r2cpress.com.br\/v1\/wp-json\/wp\/v2\/tags?post=89305"}],"curies":[{"name":"wp","href":"https:\/\/api.w.org\/{rel}","templated":true}]}}