{"id":89412,"date":"2014-12-10T01:58:56","date_gmt":"2014-12-10T04:58:56","guid":{"rendered":"http:\/\/www.r2cpress.com.br\/v1\/?p=89412"},"modified":"2014-12-10T01:58:56","modified_gmt":"2014-12-10T04:58:56","slug":"convite-igreja-batista-lindinopolis","status":"publish","type":"post","link":"https:\/\/www.r2cpress.com.br\/v1\/2014\/12\/10\/convite-igreja-batista-lindinopolis\/","title":{"rendered":"Convite &#8211; Igreja Batista Lindin\u00f3polis"},"content":{"rendered":"<h2 style=\"text-align: center;\"><strong><span style=\"color: #000000;\">\u00a0 \u00a0 \u00a0 \u00a0 <a href=\"http:\/\/www.r2cpress.com.br\/v1\/wp-content\/uploads\/2014\/12\/selo.jpg\"><img loading=\"lazy\" class=\"alignright size-full wp-image-89416\" src=\"http:\/\/www.r2cpress.com.br\/v1\/wp-content\/uploads\/2014\/12\/selo.jpg\" alt=\"selo\" width=\"150\" height=\"138\" \/><\/a>Musical:\u00a0 \u201cJ\u00e1 Nasceu\u201d \u00a0 \u00a0<\/span> \u00a0 \u00a0 \u00a0 \u00a0 \u00a0 \u00a0 \u00a0 \u00a0<\/strong><\/h2>\n<h2 style=\"text-align: center;\"><span style=\"color: #000000;\"><strong>Apresentado pelo\u00a0CoroKids \u00a0 \u00a0 \u00a0 \u00a0 \u00a0 \u00a0 \u00a0<\/strong><\/span><\/h2>\n<h2 style=\"text-align: center;\"><span style=\"color: #000000;\"><strong>Data: 14\/12\/2014 \u00e1s 18.40 h<\/strong><\/span><\/h2>\n<h2 style=\"text-align: center;\"><span style=\"color: #000000;\"><strong>\u00a0 \u00a0 \u00a0 \u00a0 \u00a0 \u00a0 \u00a0 \u00a0 \u00a0 \u00a0Crian\u00e7as de 06 a 12 anos da Igreja Batista Lindin\u00f3polis\u00a0 \u00a0 \u00a0<\/strong><\/span><\/h2>\n<p>A palavra de Deus, a B\u00edblia, nos mostra que h\u00e1 um tempo e um prop\u00f3sito para cada coisa. Aprouve a Ele, Deus-Pai, no tempo certo enviar Jesus, seu filho a terra, para nos dar salva\u00e7\u00e3o.<\/p>\n<p>O Musical &#8220;<strong>J\u00e1 nasceu<\/strong>&#8220;, cantado t\u00e3o angelicamente por Crian\u00e7as, traz alegria ao nosso Cora\u00e7\u00e3o, ao relembrar atrav\u00e9s da m\u00fasica, teatro e dan\u00e7a este grande acontecimento da hist\u00f3ria humana: O Natal!<\/p>\n<div id=\"attachment_89415\" style=\"width: 560px\" class=\"wp-caption aligncenter\"><a href=\"http:\/\/www.r2cpress.com.br\/v1\/wp-content\/uploads\/2014\/12\/coral-kids-lindin\u00f3polis.jpg\"><img aria-describedby=\"caption-attachment-89415\" loading=\"lazy\" class=\"size-full wp-image-89415\" src=\"http:\/\/www.r2cpress.com.br\/v1\/wp-content\/uploads\/2014\/12\/coral-kids-lindin\u00f3polis.jpg\" alt=\"Lindin\u00f3polis\" width=\"550\" height=\"289\" srcset=\"https:\/\/www.r2cpress.com.br\/v1\/wp-content\/uploads\/2014\/12\/coral-kids-lindin\u00f3polis.jpg 550w, https:\/\/www.r2cpress.com.br\/v1\/wp-content\/uploads\/2014\/12\/coral-kids-lindin\u00f3polis-300x157.jpg 300w\" sizes=\"(max-width: 550px) 100vw, 550px\" \/><\/a><p id=\"caption-attachment-89415\" class=\"wp-caption-text\">Lindin\u00f3polis<\/p><\/div>\n<p style=\"text-align: center;\">Promovido pelos Minist\u00e9rios de Ensino e Musica da Igreja Batista Lindin\u00f3polis.<\/p>\n<h3 style=\"text-align: center;\">\u00a0<strong>Venha e junte-se a n\u00f3s nesta celebra\u00e7\u00e3o!<\/strong><\/h3>\n<h3 style=\"text-align: center;\"><strong>Avenida Luiz Viana Filho, 281, Conquista, Ilh\u00e9us, Bahia.<\/strong><\/h3>\n","protected":false},"excerpt":{"rendered":"<p>\u00a0 \u00a0 \u00a0 \u00a0 Musical:\u00a0 \u201cJ\u00e1 Nasceu\u201d \u00a0 \u00a0 \u00a0 \u00a0 \u00a0 \u00a0 \u00a0 \u00a0 \u00a0 \u00a0 Apresentado pelo\u00a0CoroKids \u00a0 \u00a0 \u00a0 \u00a0 \u00a0 \u00a0 \u00a0 Data: 14\/12\/2014 \u00e1s 18.40 h \u00a0 \u00a0 \u00a0 \u00a0 \u00a0 \u00a0 \u00a0 \u00a0 \u00a0 \u00a0Crian\u00e7as de 06 a 12 anos da Igreja Batista Lindin\u00f3polis\u00a0 \u00a0 \u00a0 A palavra de [&hellip;]<\/p>\n","protected":false},"author":2,"featured_media":0,"comment_status":"open","ping_status":"open","sticky":false,"template":"","format":"standard","meta":{"_links_to":"","_links_to_target":""},"categories":[28],"tags":[],"_links":{"self":[{"href":"https:\/\/www.r2cpress.com.br\/v1\/wp-json\/wp\/v2\/posts\/89412"}],"collection":[{"href":"https:\/\/www.r2cpress.com.br\/v1\/wp-json\/wp\/v2\/posts"}],"about":[{"href":"https:\/\/www.r2cpress.com.br\/v1\/wp-json\/wp\/v2\/types\/post"}],"author":[{"embeddable":true,"href":"https:\/\/www.r2cpress.com.br\/v1\/wp-json\/wp\/v2\/users\/2"}],"replies":[{"embeddable":true,"href":"https:\/\/www.r2cpress.com.br\/v1\/wp-json\/wp\/v2\/comments?post=89412"}],"version-history":[{"count":5,"href":"https:\/\/www.r2cpress.com.br\/v1\/wp-json\/wp\/v2\/posts\/89412\/revisions"}],"predecessor-version":[{"id":89419,"href":"https:\/\/www.r2cpress.com.br\/v1\/wp-json\/wp\/v2\/posts\/89412\/revisions\/89419"}],"wp:attachment":[{"href":"https:\/\/www.r2cpress.com.br\/v1\/wp-json\/wp\/v2\/media?parent=89412"}],"wp:term":[{"taxonomy":"category","embeddable":true,"href":"https:\/\/www.r2cpress.com.br\/v1\/wp-json\/wp\/v2\/categories?post=89412"},{"taxonomy":"post_tag","embeddable":true,"href":"https:\/\/www.r2cpress.com.br\/v1\/wp-json\/wp\/v2\/tags?post=89412"}],"curies":[{"name":"wp","href":"https:\/\/api.w.org\/{rel}","templated":true}]}}