{"id":8944,"date":"2011-02-18T20:31:53","date_gmt":"2011-02-18T23:31:53","guid":{"rendered":"http:\/\/www.r2cpress.com.br\/v1\/?p=8944"},"modified":"2011-02-18T20:31:53","modified_gmt":"2011-02-18T23:31:53","slug":"prefeitura-municipal-de-ilheus-76","status":"publish","type":"post","link":"https:\/\/www.r2cpress.com.br\/v1\/2011\/02\/18\/prefeitura-municipal-de-ilheus-76\/","title":{"rendered":"Prefeitura Municipal de Ilh\u00e9us"},"content":{"rendered":"<p><div id=\"attachment_8945\" style=\"width: 290px\" class=\"wp-caption alignnone\"><a href=\"http:\/\/www.r2cpress.com.br\/v1\/wp-content\/uploads\/PMI-18-02-2011.jpg\"><img aria-describedby=\"caption-attachment-8945\" loading=\"lazy\" src=\"http:\/\/www.r2cpress.com.br\/v1\/wp-content\/uploads\/PMI-18-02-2011-280x300.jpg\" alt=\"\" title=\"PMI 18 02 2011\" width=\"280\" height=\"300\" class=\"size-medium wp-image-8945\" srcset=\"https:\/\/www.r2cpress.com.br\/v1\/wp-content\/uploads\/PMI-18-02-2011-280x300.jpg 280w, https:\/\/www.r2cpress.com.br\/v1\/wp-content\/uploads\/PMI-18-02-2011.jpg 680w\" sizes=\"(max-width: 280px) 100vw, 280px\" \/><\/a><p id=\"caption-attachment-8945\" class=\"wp-caption-text\">A\u00c7\u00d5ES DA PREFEITURA DE ILH\u00c9US<\/p><\/div><br \/>\n  Ilh\u00e9us recebe tr\u00eas ambul\u00e2ncias do Samu e participa de mobiliza\u00e7\u00e3o contra dengue<br \/>\nConselho da Cidade define crit\u00e9rios  para o \u201cMinha Casa, Minha Vida\u201d<br \/>\n  Ilh\u00e9us realiza a 2\u00aa etapa projeto  de mobiliza\u00e7\u00e3o social contra da dengue<br \/>\nEduca\u00e7\u00e3o promove Jornada Pedag\u00f3gica<br \/>\nMO\u00c7\u00c3O DE PESAR<br \/>\n  Sa\u00fade lan\u00e7a projeto que  beneficia distritos de Ilh\u00e9us<br \/>\nTudo pronto para a primeira etapa do circuito ilheense de corridas r\u00fasticas<br \/>\nMaria Gadu e Jau se apresentam na Concha Ac\u00fastica neste s\u00e1bado<\/p>\n<p><!--more--><\/p>\n<p>***<\/p>\n<p><strong>  Ilh\u00e9us recebe tr\u00eas ambul\u00e2ncias do Samu e participa de mobiliza\u00e7\u00e3o contra dengue<\/strong><\/p>\n<p>O prefeito de Ilh\u00e9us, Newton Lima, acompanhado do secret\u00e1rio da Sa\u00fade do Munic\u00edpio, Jorge Arouca, participou na manh\u00e3 desta sexta-feira (18), em Salvador, do Encontro de Sensibiliza\u00e7\u00e3o de Gestores Municipais para o Controle da Dengue. Ainda na Reitoria, as autoridades apresentaram a campanha deste ano de combate \u00e0 dengue. Antes, eles receberam do governador Jaques Wagner e o ministro da Sa\u00fade, Alexandre Padilha, tr\u00eas ambul\u00e2ncias do Servi\u00e7o de Atendimento M\u00f3vel de Urg\u00eancia (Samu-192). <\/p>\n<p>As tr\u00eas ambul\u00e2ncias completam a renova\u00e7\u00e3o de 100% da frota do Samu em Ilh\u00e9us, j\u00e1 que uma foi entregue no final do ano passado. Na opini\u00e3o do prefeito Newton Lima, os ve\u00edculos chegam em boa hora, haja vista a necessidade de manuten\u00e7\u00e3o nos ve\u00edculos antigos, o que demandava um custo alto. \u201cAl\u00e9m disso, com as novas ambul\u00e2ncias a popula\u00e7\u00e3o ser\u00e1 atendida com mais brevidade\u201d, prev\u00ea. Grande parte da popula\u00e7\u00e3o de Ilh\u00e9us reside em \u00e1reas de morros, nos distritos e zona rural, o que facilitar\u00e1 o atendimento.<\/p>\n<p>Dengue &#8211; O Encontro de Sensibiliza\u00e7\u00e3o reuniu prefeitos, secret\u00e1rios municipais e representantes dos conselhos municipais de Sa\u00fade dos 198 munic\u00edpios com maior risco de epidemia de dengue neste ano, inclusive Ilh\u00e9us. O objetivo \u00e9 reverter este quadro e n\u00e3o deixar que a redu\u00e7\u00e3o no n\u00famero de casos registrados no come\u00e7o de 2011 enfraque\u00e7a as medidas de preven\u00e7\u00e3o. O secret\u00e1rio da Sa\u00fade de Ilh\u00e9us, Jorge Arouca, considerou a reuni\u00e3o muito produtiva e enfatizou que o combate \u00e0 dengue tem sido uma a\u00e7\u00e3o constante no munic\u00edpio, com a finalidade de reduzir os focos dos insetos.<\/p>\n<p>Arouca destacou que a import\u00e2ncia da mobiliza\u00e7\u00e3o conta a dengue atrav\u00e9s da participa\u00e7\u00e3o dos diversos setores da sociedade no Comit\u00ea Intersetorial. \u201cVamos estruturar uma ampla rede de atendimento, com as unidades de sa\u00fade b\u00e1sica, as unidades hospitalares da rede p\u00fablica e privada, envolvendo tamb\u00e9m as igrejas, associa\u00e7\u00f5es de bairros, escolas e outras institui\u00e7\u00f5es para, de forma estruturada, planejar e executar as a\u00e7\u00f5es contra a dengue\u201d, explicou. <\/p>\n<p>O secret\u00e1rio estadual da Sa\u00fade, Jorge Solla, disse que, at\u00e9 o momento, a participa\u00e7\u00e3o da sociedade no combate \u00e0 dengue \u00e9 o melhor mecanismo para evitar a doen\u00e7a. &#8220;N\u00e3o temos vacina e a ferramenta mais eficaz, at\u00e9 agora, \u00e9 a mobiliza\u00e7\u00e3o social&#8221;. Segundo Solla, nos \u00faltimos anos, a Secretaria Estadual de Sa\u00fade tem ampliado as parcerias com as prefeituras para aumentar a quantidade de agentes de endemias. &#8220;No ano passado fizemos a sele\u00e7\u00e3o de novos agentes em 80 munic\u00edpios e distribu\u00edmos mais de 250 mil capas para proteger reservat\u00f3rios de \u00e1gua&#8221;. O secret\u00e1rio anunciou que, no m\u00eas de abril, a organiza\u00e7\u00e3o social Moscamed Brasil vai come\u00e7ar a realizar testes de campo para esterilizar os mosquitos para que eles n\u00e3o se reproduzam.<\/p>\n<p><strong>Conselho da Cidade define crit\u00e9rios  para o \u201cMinha Casa, Minha Vida\u201d<\/strong><\/p>\n<p>Definir os crit\u00e9rios municipais de inser\u00e7\u00e3o das fam\u00edlias a serem contempladas no programa federal Minha Casa, Minha Vida. Esta foi a pauta principal da reuni\u00e3o extraordin\u00e1ria realizada entre os membros do Conselho Municipal da Cidade de Ilh\u00e9us na tarde da \u00faltima quinta-feira (17) no sal\u00e3o nobre do Pal\u00e1cio Paranagu\u00e1. Mais de sete mil pessoas est\u00e3o inscritas no programa, em Ilh\u00e9us, que, assim como os demais munic\u00edpios, j\u00e1 segue os crit\u00e9rios federais previstos na Portaria 140\/ 2010 e no caso das cidades baianas, \u00e0 Resolu\u00e7\u00e3o Estadual 003\/2009.<br \/>\nA discuss\u00e3o dos crit\u00e9rios que ser\u00e3o levados em considera\u00e7\u00e3o para escolher as fam\u00edlias que ser\u00e3o beneficiadas com o programa no munic\u00edpio, explicou o presidente do Conselho da Cidade, o secret\u00e1rio de Planejamento Alisson Mendon\u00e7a, foi pautada a partir de dois crit\u00e9rios federais: fam\u00edlias residentes em \u00e1reas de risco ou que estejam desabrigadas e fam\u00edlias tendo a mulher como respons\u00e1vel pela unidade familiar. \u201cEsses dois crit\u00e9rios, mais a resolu\u00e7\u00e3o estadual 003\/2009, s\u00e3o a base para nortear a escolha de mais tr\u00eas crit\u00e9rios, formulados pelo Conselho, visando atender \u00e0s fam\u00edlias ilheenses mais carentes\u201d. <\/p>\n<p>Ilh\u00e9us possui 986 unidades habitacionais j\u00e1 liberadas e em fase de constru\u00e7\u00e3o, de um total de 1.300 unidades contratadas pelo Governo Federal, somente no ano passado. Elas est\u00e3o localizadas na rodovia Ilh\u00e9us-Itabuna, pr\u00f3ximo ao bairro Banco da Vit\u00f3ria, em \u00e1rea da antiga fazenda Porto Novo. No local est\u00e3o sendo constru\u00eddos villages, casas e pequenos pr\u00e9dios, que est\u00e3o distribu\u00eddos por condom\u00ednios. O Residencial Morada da Brisa contar\u00e1 com 496 unidades, o Residencial Morada das \u00c1guas ter\u00e1 488 unidades e o Residencial Morada do Porto (ainda em fase de libera\u00e7\u00e3o) contar\u00e1 com 316 unidades habitacionais.<br \/>\nAp\u00f3s leitura e discuss\u00e3o da Resolu\u00e7\u00e3o 003\/2009 e com o objetivo de buscar uma adequa\u00e7\u00e3o de tr\u00eas, dos principais crit\u00e9rios estaduais, que mais se adequassem ao perfil das fam\u00edlias ilheenses que pleiteiam inser\u00e7\u00e3o no programa, o Conselho da Cidade adotou os seguintes crit\u00e9rios: a) fam\u00edlias em situa\u00e7\u00e3o de deslocamento e despejos em raz\u00e3o de execu\u00e7\u00e3o de obras e empreendimentos promovidos com recursos p\u00fablicos ou em \u00e1reas onde seja constatado comprometimento ambiental em raz\u00e3o de ocupa\u00e7\u00e3o prec\u00e1ria existente; b) fam\u00edlias em aluguel social custeado pelo munic\u00edpio e c) fam\u00edlias com renda familiar per capita inferior a um quarto do sal\u00e1rio m\u00ednimo. <\/p>\n<p>Segundo o vice-presidente do Conselho da Cidade, Marcos Lessa, o pr\u00f3ximo passo, ap\u00f3s a aprova\u00e7\u00e3o, \u00e9 a divulga\u00e7\u00e3o no Di\u00e1rio Oficial. \u201cEm seguida, esse documento ser\u00e1 enviado para a Caixa Econ\u00f4mica, para valer junto com os demais j\u00e1 estabelecidos nas est\u00e2ncias federal e estadual\u201d, afirmou. <\/p>\n<p>A reuni\u00e3o contou com a participa\u00e7\u00e3o de representantes da Associa\u00e7\u00e3o de Moradores do S\u00e3o Miguel, Federa\u00e7\u00e3o das Associa\u00e7\u00f5es de Moradores de Ilh\u00e9us (Fami), Sindicato dos Servidores P\u00fablicos municipais (Sinsepi), Associa\u00e7\u00e3o Agr\u00edcola Nova Jerusal\u00e9m, secretarias municipais de Governo e Assist\u00eancia Social e trabalho, Sindicato dos Banc\u00e1rios, Sindicato dos Radialistas, Associa\u00e7\u00e3o de Turismo de Ilh\u00e9us (Atil), Grupo a\u00e7\u00e3o Tupinamb\u00e1, Associa\u00e7\u00e3o Regional de Engenheiros e Arquitetos (Arena), Conselho Regional de Engenharia, Arquitetura e Agronomia da Bahia (Crea) e Associa\u00e7\u00e3o Centro Educacional de A\u00e7\u00e3o Integrada (Aceai). <\/p>\n<p><strong>  Ilh\u00e9us realiza a 2\u00aa etapa projeto  de mobiliza\u00e7\u00e3o social contra da dengue<\/strong><\/p>\n<p>Representantes da Funda\u00e7\u00e3o Luis Eduardo Magalh\u00e3es (Flem) e da Secretaria de Sa\u00fade do Estado estiveram em Ilh\u00e9us nesta sexta-feira (18), para a realiza\u00e7\u00e3o da 2\u00ba etapa do projeto de mobiliza\u00e7\u00e3o social para a preven\u00e7\u00e3o e o controle da dengue, executado em parceria com a Secretaria da Sa\u00fade do munic\u00edpio. O objetivo do trabalho \u00e9 envolver a popula\u00e7\u00e3o nas a\u00e7\u00f5es contra a doen\u00e7a e formar articuladores que espalhem essa id\u00e9ia em suas comunidades. O grupo de trabalho realiza esse projeto em 10 cidades baianas, incluindo Ilh\u00e9us.<\/p>\n<p>As atividades foram realizadas nas instala\u00e7\u00f5es da Faculdade de Ilh\u00e9us, na zona sul da cidade, e foram ministradas por M\u00e1rcia Torres, representando a Secretaria da Sa\u00fade do Estado; Melissa Santos, Adriana Podest\u00e1 e Jorge Guenna, representando a Funda\u00e7\u00e3o Luis Eduardo Magalh\u00e3es. Como representantes da secretaria da Sa\u00fade de Ilh\u00e9us estiveram presentes as coordenadoras e representantes do projeto no munic\u00edpio, Heleny Chaves, Daiane Santos e Jeruza Cristina, al\u00e9m de Orlando Mendes (Coordenador de Endemias), Cristiane Bastos (coordenadora da Vigil\u00e2ncia Epidemiol\u00f3gica), e C\u00e1ssia Virg\u00ednia (diretora da Vigil\u00e2ncia \u00e0 Sa\u00fade).<\/p>\n<p>A 2\u00aa etapa do projeto de Mobiliza\u00e7\u00e3o Social para a preven\u00e7\u00e3o e o controle da dengue consiste na capacita\u00e7\u00e3o dos l\u00edderes comunit\u00e1rios de 10 bairros do munic\u00edpio. Os bairros escolhidos foram os altos do Coqueiro, do Carvalho, da Boa Vontade e da Soledade, al\u00e9m dos bairros do Bas\u00edlio, Fund\u00e3o, Teot\u00f4nio Vilela, Novo Vilela, Nelson Costa e Nossa Senhora da Vit\u00f3ria. Os crit\u00e9rios para a sele\u00e7\u00e3o dos bairros participantes da mobiliza\u00e7\u00e3o foram o alto \u00edndice de infesta\u00e7\u00e3o e a quantidade de casos notificados de dengue.<\/p>\n<p>As atividades tiveram in\u00edcio \u00e0s 9h30min e prosseguiram at\u00e9 as 17 horas. No primeiro momento foi realizada uma din\u00e2mica de integra\u00e7\u00e3o e apresenta\u00e7\u00e3o dos participantes. Em seguida, foi apresentado o projeto, seu funcionamento e estrutura de mobiliza\u00e7\u00e3o. Al\u00e9m disso, foram discutidos o papel da mobiliza\u00e7\u00e3o social, as formas de atuar na comunidade e como criar iniciativas no local em que residem, atrav\u00e9s do trabalho em rede, articulado atrav\u00e9s de parcerias. Ainda pela manh\u00e3, foram apresentados v\u00eddeos educativos e um momento para apresentar a situa\u00e7\u00e3o epidemiol\u00f3gica do munic\u00edpio e o plano de a\u00e7\u00e3o.<\/p>\n<p>Na segunda parte dos trabalhos realizado no per\u00edodo da tarde, haver\u00e1 a apresenta\u00e7\u00e3o e treinamento para que os l\u00edderes comunit\u00e1rios possam usar o Sismob, sistema de informa\u00e7\u00e3o da mobiliza\u00e7\u00e3o social. Esse processo informatizado ir\u00e1 permitir que os bairros publiquem na rede as atividades desenvolvidas, proporcionando o acompanhamento das a\u00e7\u00f5es em tempo real, a difus\u00e3o de boas id\u00e9ias pela rede, divulga\u00e7\u00e3o na internet, al\u00e9m da troca de experi\u00eancias entre os bairros e munic\u00edpios. Para conhecer o projeto e obter maiores informa\u00e7\u00f5es \u00e9 s\u00f3 acessar o site: www.bahiacontraadengue.com.<\/p>\n<p>N\u00fameros &#8211; Segundo os \u00faltimos dados divulgados pela Vigil\u00e2ncia Epidemiol\u00f3gica do munic\u00edpio, de 1\u00ba de janeiro at\u00e9 o dia 12 de fevereiro foram notificados em Ilh\u00e9us 109 casos de dengue. Neste mesmo per\u00edodo foram notificados dois casos suspeitos de dengue hemorr\u00e1gica, um no bairro da Conquista e o outro no bairro do Bas\u00edlio, e que ser\u00e3o confirmados atrav\u00e9s de exames laboratoriais. Segundo a diretora de Vigil\u00e2ncia \u00e0 Sa\u00fade do Munic\u00edpio, C\u00e1ssia Virg\u00ednia, \u2019\u2019no in\u00edcio do m\u00eas de fevereiro foi notificado um caso de morte com suspeita de dengue hemorr\u00e1gica, mas ap\u00f3s os exames laboratoriais ficou comprovado de que a causa da morte n\u00e3o foi por dengue\u2019\u2019.<\/p>\n<p>A prepara\u00e7\u00e3o dos profissionais da \u00e1rea da sa\u00fade para lidar com os casos de dengue \u00e9 de extrema import\u00e2ncia. Pensando nisto, a secretaria da sa\u00fade promover\u00e1 o curso de capacita\u00e7\u00e3o em manejo cl\u00ednico da dengue para m\u00e9dicos e enfermeiros dos hospitais e postos de sa\u00fade do munic\u00edpio. A capacita\u00e7\u00e3o ocorrer\u00e1 no dia 23 de fevereiro, \u00e0s 18 horas no audit\u00f3rio do Centro de Testagem de Amostragem (CTA), na antiga Funda\u00e7\u00e3o Sesp. O curso ser\u00e1 ministrado pelos m\u00e9dicos J\u00falio Diaz e Edmundo Patury.<\/p>\n<p>A Secretaria da Sa\u00fade v\u00eam realizando tamb\u00e9m a\u00e7\u00f5es no sentido de eliminar os criadouros, reduzir os n\u00edveis de infesta\u00e7\u00e3o, e tranquilizar a popula\u00e7\u00e3o. O departamento de Vigil\u00e2ncia \u00e0 Sa\u00fade est\u00e1 realizando o monitoramento semanal da dengue, recolhendo todas as notifica\u00e7\u00f5es de casos apresentados nos hospitais e unidades de sa\u00fade do munic\u00edpio. Al\u00e9m disso, h\u00e1 o trabalho de bloqueio ao foco atrav\u00e9s do fumac\u00ea costal, que s\u00e3o aplicados nas proximidades das resid\u00eancias que possuem os casos notificados. Assim, \u00e9 importante que o paciente disponibilize corretamente seu endere\u00e7o nas unidades e hospitais, para que posteriormente este trabalho possa ser realizado.  <\/p>\n<p><strong>Educa\u00e7\u00e3o promove Jornada Pedag\u00f3gica <\/strong><\/p>\n<p>A semana que antecede o in\u00edcio do ano letivo da rede municipal de ensino em Ilh\u00e9us ser\u00e1 marcada pela realiza\u00e7\u00e3o de mais uma edi\u00e7\u00e3o da Jornada Pedag\u00f3gica, evento promovido pela Secretaria da Educa\u00e7\u00e3o, e que este ano, deve contar com a participa\u00e7\u00e3o de 900 profissionais. O evento ser\u00e1 aberto \u00e0s 14 horas da pr\u00f3xima ter\u00e7a-feira (22), durante solenidade que ser\u00e1 realizada no Centro de Conven\u00e7\u00f5es Lu\u00eds Eduardo Magalh\u00e3es e prossegue at\u00e9 o dia 25. Com o tema \u201cDo dever de ensinar ao direito de aprender\u201d, o evento pretende promover reflex\u00f5es acerca da garantia do direito de crian\u00e7as, jovens e adultos ao acesso e perman\u00eancia na escola com aprendizagem. <\/p>\n<p>Apresenta\u00e7\u00f5es culturais e palestras far\u00e3o parte da programa\u00e7\u00e3o da Jornada pedag\u00f3gica que tem in\u00edcio \u00e0s 14 horas, ap\u00f3s credenciamento, com show do cantor Luciano de Lucas. Em seguida, o prefeito de Ilh\u00e9us, Newton Lima; a secret\u00e1ria da educa\u00e7\u00e3o, Lidiney Campos e representantes da C\u00e2mara de Vereadores, Minist\u00e9rio P\u00fablico, Associa\u00e7\u00e3o dos Professores Profissionais de Ilh\u00e9us (APPI), Direc-6, conselhos municipais e demais autoridades formam a mesa de abertura. O evento traz ainda a palestra \u201cO Ideb e o Projeto Pol\u00edtico Pedag\u00f3gico: do dever de ensinar ao direito de aprender\u201d, ministrada pela professora Gilv\u00e2nia Nascimento, e em seguida o p\u00fablico \u00e9 convidado para prestigiar a performance de dan\u00e7a com a apresenta\u00e7\u00e3o da core\u00f3grafa Soanne Marry.<\/p>\n<p>A programa\u00e7\u00e3o do primeiro dia de Jornada Pedag\u00f3gica tem ainda a palestra \u201cO humano e o divino no papel do educador\u201d, com o professor Antonio Balbino Mar\u00e7al Lima, com previs\u00e3o de encerramento para as 17 horas, com coffee break musical. De acordo com a secret\u00e1ria da Educa\u00e7\u00e3o, Lidiney Campos, entre os dias 23 e 25, o trabalho pedag\u00f3gico prossegue nas escolas. \u201cAs 44 unidades mais as conveniadas iniciaram sua pr\u00f3pria jornada e a Secretaria da Educa\u00e7\u00e3o vai coordenar essa a\u00e7\u00e3o, visitando e orientando as equipes pedag\u00f3gicas\u201d. O objetivo de descentralizar essa atividade \u00e9 focar a pol\u00edtica educacional no processo de aprendizagem nas escolas e articular a constru\u00e7\u00e3o coletiva de a\u00e7\u00f5es que contribuam para a valoriza\u00e7\u00e3o de todos os sujeitos educacionais.<\/p>\n<p>Esfor\u00e7o coletivo \u2013 Na opini\u00e3o da secret\u00e1ria Lidiney Campos, a melhoria da qualidade da educa\u00e7\u00e3o est\u00e1 diretamente vinculada ao cumprimento de metas tra\u00e7adas pelos gestores p\u00fablicos nos diversos planos governamentais e tamb\u00e9m do esfor\u00e7o de todos os profissionais em acreditar na necessidade da mudan\u00e7a de rumo do fazer educacional. \u201cPor isso, buscamos no planejamento, em todos os n\u00edveis, o elemento de integra\u00e7\u00e3o entre o pensamento individual e a concretiza\u00e7\u00e3o das demandas coletivas\u201d, ressaltou.<\/p>\n<p>A secret\u00e1ria Lidney Campo disse, ainda, que diante das in\u00fameras dificuldades, n\u00e3o basta o ato de discutir, planejar e aguardar. \u201cEnt\u00e3o, faz-se necess\u00e1rio que cada um de n\u00f3s compreenda a sua fun\u00e7\u00e3o e import\u00e2ncia dentro deste grande projeto de oferta universal de Educa\u00e7\u00e3o de qualidade para todos e, em pequenos gestos, tome para si a responsabilidade de concretizar a t\u00e3o esperada mudan\u00e7a\u201d, finaliza.<\/p>\n<p>Estrutura f\u00edsica \u2013 O ano letivo ser\u00e1 iniciado no pr\u00f3ximo dia 28 e desde o encerramento das aulas em 2010 o ano passado o governo municipal vem realizando reformas e manuten\u00e7\u00e3o em diversas unidades da sede e do campo. Assim como o Instituto Municipal de Ensino (IME) Eus\u00ednio Lavigne, as escolas Paulo Freire, Them\u00edstocles Andrade, IME Princesa Isabel e anexo do col\u00e9gio Nelson de Oliveira receberam reforma total. Outras unidades escolares est\u00e3o sendo contempladas com servi\u00e7os de manuten\u00e7\u00e3o das redes el\u00e9trica e hidr\u00e1ulica, telhado, rede de esgotamento, pintura interna e externa, entre outras a\u00e7\u00f5es. <\/p>\n<p><strong>MO\u00c7\u00c3O DE PESAR<\/strong><\/p>\n<p>O prefeito de Ilh\u00e9us, Newton Lima, e secret\u00e1rios municipais, manifestam profundo pesar pelo falecimento do engenheiro agr\u00f4nomo Paulo de Tarso Alvim, ocorrido nesta sexta-feira (18) de fevereiro deste ano, em nosso munic\u00edpio, ao tempo em que nos irmanamos em solidariedade aos seus familiares e amigos.<\/p>\n<p>Paulo Alvim, como cidad\u00e3o e cientista, engrandeceu nossa cidade e nossa regi\u00e3o pelo seu trabalho em prol da cacauicultura. Sob sua lideran\u00e7a, forjou os t\u00e9cnicos respons\u00e1veis pela transforma\u00e7\u00e3o da nossa economia em uma das mais pujantes do pa\u00eds.<br \/>\nIlh\u00e9us, 18 de fevereiro de 2011.<\/p>\n<p>Newton Lima Silva<br \/>\nPrefeito Municipal de Ilh\u00e9us<\/p>\n<p><strong>  Sa\u00fade lan\u00e7a projeto que  beneficia distritos de Ilh\u00e9us<\/strong><\/p>\n<p>A secretaria da Sa\u00fade de Ilh\u00e9us, atrav\u00e9s da coordena\u00e7\u00e3o administrativa de zonas distritais do departamento de Aten\u00e7\u00e3o B\u00e1sica, implantar\u00e1 nesta segunda-feira (21) o primeiro Espa\u00e7o de Conviv\u00eancia social e cultural, na localidade de Vila Santaninha. O p\u00fablico-alvo desta atividade \u00e9 a comunidade dos distritos, incluindo jovens, mulheres, crian\u00e7as, idosos, pacientes hipertensos e diab\u00e9ticos.<br \/>\nO objetivo deste projeto \u00e9 reunir essas pessoas para a realiza\u00e7\u00e3o de atividades l\u00fadicas e orienta\u00e7\u00e3o e preven\u00e7\u00e3o sobre temas de sa\u00fade. As atividades ser\u00e3o orientadas por profissionais como fisioterapeutas, educadores f\u00edsicos, musicoterapeuta e enfermeiros. Al\u00e9m disso, ser\u00e1 reservado um momento para a realiza\u00e7\u00e3o de terapia comunit\u00e1ria, um procedimento terap\u00eautico com a finalidade de promover a sa\u00fade e a aten\u00e7\u00e3o prim\u00e1ria em sa\u00fade mental.<\/p>\n<p>Esse tipo de procedimento terap\u00eautico funciona como um fomentador de cidadania, de rede sociais solid\u00e1rias e de identidade cultural das comunidades, abrangendo diversos contextos familiares, institucionais e sociais. O encontro para a realiza\u00e7\u00e3o das atividades do Espa\u00e7o de Conviv\u00eancia Social e Cultural acontecer\u00e1 uma vez por m\u00eas. <\/p>\n<p>Segundo o coordenador de zonas distritais, Orlins Ferreira, a previs\u00e3o \u00e9 de que at\u00e9 o final deste ano sejam implantados mais 19 espa\u00e7os em outras comunidades de distritos do munic\u00edpio. O projeto conta tamb\u00e9m com o apoio de diversas parcerias como a Associa\u00e7\u00f5es de Pequenos Produtores Rurais, Conselho Rural e a Cooperativa de Desenvolvimento Sustent\u00e1vel da Agricultura Familiar do Sul da Bahia (Coofasulba). <\/p>\n<p><strong>Tudo pronto para a primeira etapa do circuito ilheense de corridas r\u00fasticas<\/strong><\/p>\n<p>A primeira etapa do circuito ilheense de corridas r\u00fasticas, que ser\u00e1 realizada neste domingo (20), a partir das 7h30min, na avenida Soares Lopes, contar\u00e1 com a participa\u00e7\u00e3o de cerca de 80 pessoas oriundas do munic\u00edpio e de v\u00e1rias cidades do Sul da Bahia. De acordo com o superintendente municipal de Esportes, Alberto Kruschewsky, o kit com a camisa e com o respectivo n\u00famero de competi\u00e7\u00e3o estar\u00e1 sendo entregue neste s\u00e1bado (19), das 14 \u00e0s 17 horas, na Funda\u00e7\u00e3o Cultural de Ilh\u00e9us (Fundaci).<\/p>\n<p>Kruschewsky chama aten\u00e7\u00e3o para o hor\u00e1rio da largada da prova, prevista para \u00e0s 7h30min, em frente ao estande \u201cVida Saud\u00e1vel\u201d, montado pela Unimed Ilh\u00e9us, patrocinadora do evento. \u201c\u00c9 importante fazer esta ressalva porque os competidores n\u00e3o est\u00e3o acostumados a uma largada realizada antes das 8 horas da manh\u00e3\u201d, enfatiza o superintendente.<\/p>\n<p>Com um percurso total de 4,8 quil\u00f4metros, a prova constar\u00e1 de uma volta completa no sentido Concha Ac\u00fastica, entrando na rua Coronel Paiva, contornando a avenida 2 de Julho e retornando ao ponto de largada. Al\u00e9m do patroc\u00ednio da Unimed, o evento conta com a parceria do Sesi e da Cicon, \u201crealidade que possibilitou, por exemplo, a disponibiliza\u00e7\u00e3o de kits de hidrata\u00e7\u00e3o e distribui\u00e7\u00e3o de pr\u00eamios ao final da prova\u201d, informa Alberto, acrescentando que \u201ca Prefeitura ficou respons\u00e1vel pela montagem da estrutura da competi\u00e7\u00e3o, incluindo toldos e p\u00f3rticos\u201d.<\/p>\n<p>Na corrida, os Jogos Mundiais Militares, que acontecem este ano no Rio de Janeiro, ser\u00e3o lembrados pela 18\u00aa CSM na corrida, que contar\u00e1 com participa\u00e7\u00e3o da corpora\u00e7\u00e3o.<\/p>\n<p><strong>Maria Gadu e Jau se apresentam na Concha Ac\u00fastica neste s\u00e1bado<\/strong><\/p>\n<p>Neste s\u00e1bado (19), por volta das 22 horas, a Concha Ac\u00fastica de Ilh\u00e9us, na avenida Soares Lopes, ser\u00e1 palco de um dos mais esperados shows musicais do ano com as apresenta\u00e7\u00f5es dos cantores Maria Gadu e Jau. O espet\u00e1culo integra a XIV Regata Salvador\/Ilh\u00e9us, \u00fanica regata oce\u00e2nica de longo percurso do Estado, que tamb\u00e9m acontece na cidade neste final de semana (18, 19 e 20). De acordo com os organizadores, a agenda de shows passa a ser mais uma op\u00e7\u00e3o para o evento, trazendo a Ilh\u00e9us, al\u00e9m de velejadores de toda a Bahia, grandes nomes da m\u00fasica brasileira.<\/p>\n<p>A XIV Regata Salvador-Ilh\u00e9us, uma das mais tradicionais competi\u00e7\u00f5es n\u00e1uticas do estado, sempre existiu como uma prova restrita aos competidores em fun\u00e7\u00e3o das suas caracter\u00edsticas de disputa em alto-mar. \u201cEste ano, entretanto, ser\u00e1 diferente. A prova ter\u00e1 a participa\u00e7\u00e3o efetiva da comunidade, com atrativos extras, competi\u00e7\u00f5es e exibi\u00e7\u00f5es esportivas na Ba\u00eda do Pontal\u201d, garante Marcelo Tavares, coordenador do evento.<\/p>\n<p>De acordo com o calend\u00e1rio elaborado pelos organizadores, a competi\u00e7\u00e3o ter\u00e1 in\u00edcio \u00e0s 13 horas do dia 18 de fevereiro, com sa\u00edda da base do Iate Clube da Bahia, em Salvador. A chegada dever\u00e1 ocorrer em Ilh\u00e9us a partir das 5 horas da manh\u00e3 do dia seguinte, no Ilh\u00e9us Iate Clube. Neste mesmo dia, uma feijoada de confraterniza\u00e7\u00e3o entre velejadores e patrocinadores ser\u00e1 oferecida no Hotel Jardim Atl\u00e2ntico Beach Resort, localizado no litoral sul da cidade. No domingo (20), pela manh\u00e3, dois eventos esportivos acontecem na Ba\u00eda do Pontal. Um dos convidados \u00e9 o novo campe\u00e3o mundial de Jet Ski, Bruno Jacob, de 23 anos, que far\u00e1 uma apresenta\u00e7\u00e3o p\u00fablica. Jacob \u00e9 o mais talentoso piloto de Jet Ski da atualidade e promete uma s\u00e9rie de manobras radicais em sua apresenta\u00e7\u00e3o na ba\u00eda do Pontal em Ilh\u00e9us. Para a ba\u00eda do Pontal, tamb\u00e9m est\u00e1 confirmado um desafio de nata\u00e7\u00e3o na Praia do Cristo, com 800 metros de percurso em 2 voltas de 400 metros. Atletas de Ilh\u00e9us e de toda a regi\u00e3o v\u00e3o participar da prova.<\/p>\n<p>Apoios e patroc\u00ednios &#8211; Apostando nesta nova dimens\u00e3o dada \u00e0 Regata Salvador-Ilh\u00e9us, o Governo da Bahia e a Prefeitura, atrav\u00e9s da Secretaria de Turismo (Setur), al\u00e9m de entidades como Atil e CDL, ap\u00f3iam a iniciativa do evento. A proposta foi abra\u00e7ada tamb\u00e9m por patrocinadores de peso, como o Jequitib\u00e1 Plaza Shopping,         TV Santa Cruz, Bahia FM, Bivolt, Jardim Atl\u00e2ntico Beach Resort e Bav\u00e1ria Premium. <\/p>\n","protected":false},"excerpt":{"rendered":"<p>Ilh\u00e9us recebe tr\u00eas ambul\u00e2ncias do Samu e participa de mobiliza\u00e7\u00e3o contra dengue Conselho da Cidade define crit\u00e9rios para o \u201cMinha Casa, Minha Vida\u201d Ilh\u00e9us realiza a 2\u00aa etapa projeto de mobiliza\u00e7\u00e3o social contra da dengue Educa\u00e7\u00e3o promove Jornada Pedag\u00f3gica MO\u00c7\u00c3O DE PESAR Sa\u00fade lan\u00e7a projeto que beneficia distritos de Ilh\u00e9us Tudo pronto para a primeira [&hellip;]<\/p>\n","protected":false},"author":2,"featured_media":0,"comment_status":"open","ping_status":"open","sticky":false,"template":"","format":"standard","meta":{"_links_to":"","_links_to_target":""},"categories":[23],"tags":[],"_links":{"self":[{"href":"https:\/\/www.r2cpress.com.br\/v1\/wp-json\/wp\/v2\/posts\/8944"}],"collection":[{"href":"https:\/\/www.r2cpress.com.br\/v1\/wp-json\/wp\/v2\/posts"}],"about":[{"href":"https:\/\/www.r2cpress.com.br\/v1\/wp-json\/wp\/v2\/types\/post"}],"author":[{"embeddable":true,"href":"https:\/\/www.r2cpress.com.br\/v1\/wp-json\/wp\/v2\/users\/2"}],"replies":[{"embeddable":true,"href":"https:\/\/www.r2cpress.com.br\/v1\/wp-json\/wp\/v2\/comments?post=8944"}],"version-history":[{"count":2,"href":"https:\/\/www.r2cpress.com.br\/v1\/wp-json\/wp\/v2\/posts\/8944\/revisions"}],"predecessor-version":[{"id":8947,"href":"https:\/\/www.r2cpress.com.br\/v1\/wp-json\/wp\/v2\/posts\/8944\/revisions\/8947"}],"wp:attachment":[{"href":"https:\/\/www.r2cpress.com.br\/v1\/wp-json\/wp\/v2\/media?parent=8944"}],"wp:term":[{"taxonomy":"category","embeddable":true,"href":"https:\/\/www.r2cpress.com.br\/v1\/wp-json\/wp\/v2\/categories?post=8944"},{"taxonomy":"post_tag","embeddable":true,"href":"https:\/\/www.r2cpress.com.br\/v1\/wp-json\/wp\/v2\/tags?post=8944"}],"curies":[{"name":"wp","href":"https:\/\/api.w.org\/{rel}","templated":true}]}}