{"id":89440,"date":"2014-12-10T17:36:53","date_gmt":"2014-12-10T20:36:53","guid":{"rendered":"http:\/\/www.r2cpress.com.br\/v1\/?p=89440"},"modified":"2014-12-10T17:36:53","modified_gmt":"2014-12-10T20:36:53","slug":"projeto-verao-na-avenida-dinamiza-a-soares-lopes-a-partir-de-janeiro","status":"publish","type":"post","link":"https:\/\/www.r2cpress.com.br\/v1\/2014\/12\/10\/projeto-verao-na-avenida-dinamiza-a-soares-lopes-a-partir-de-janeiro\/","title":{"rendered":"Projeto Ver\u00e3o na Avenida dinamiza a Soares Lopes a partir de janeiro"},"content":{"rendered":"<p align=\"center\"><i>A a\u00e7\u00e3o vai reunir vendedores de alimentos, espa\u00e7os pra shows, brinquedos infantis em uma estrutura montada na avenida.<\/i><\/p>\n<div id=\"attachment_89441\" style=\"width: 560px\" class=\"wp-caption aligncenter\"><a href=\"http:\/\/www.r2cpress.com.br\/v1\/wp-content\/uploads\/2014\/12\/Reuni\u00e3o-com-ambulantes-da-Avenida-Soares-Lopes-Foto-Alfredo-Filho-13.jpg\"><img aria-describedby=\"caption-attachment-89441\" loading=\"lazy\" class=\"size-full wp-image-89441\" src=\"http:\/\/www.r2cpress.com.br\/v1\/wp-content\/uploads\/2014\/12\/Reuni\u00e3o-com-ambulantes-da-Avenida-Soares-Lopes-Foto-Alfredo-Filho-13.jpg\" alt=\"Reuni\u00e3o com ambulantes da Avenida Soares Lopes  - Foto Alfredo Filho.\" width=\"550\" height=\"367\" srcset=\"https:\/\/www.r2cpress.com.br\/v1\/wp-content\/uploads\/2014\/12\/Reuni\u00e3o-com-ambulantes-da-Avenida-Soares-Lopes-Foto-Alfredo-Filho-13.jpg 550w, https:\/\/www.r2cpress.com.br\/v1\/wp-content\/uploads\/2014\/12\/Reuni\u00e3o-com-ambulantes-da-Avenida-Soares-Lopes-Foto-Alfredo-Filho-13-300x200.jpg 300w\" sizes=\"(max-width: 550px) 100vw, 550px\" \/><\/a><p id=\"caption-attachment-89441\" class=\"wp-caption-text\">Reuni\u00e3o com ambulantes da Avenida Soares Lopes &#8211; Foto Alfredo Filho.<\/p><\/div>\n<p style=\"text-align: justify;\" align=\"center\">\u00a0Os secret\u00e1rios de Ind\u00fastria e Com\u00e9rcio, Roberto Garcia, e do Meio Ambiente, Ant\u00f4nio Vieira, apresentaram aos vendedores ambulantes que atualmente est\u00e3o instalados na Pra\u00e7a Castro Alves (Pra\u00e7a de Irene), o Projeto Ver\u00e3o na Avenida. A finalidade \u00e9 implantar de pra\u00e7a de alimenta\u00e7\u00e3o a c\u00e9u aberto, na Avenida Soares Lopes, com o objetivo de dinamizar ainda mais um dos cart\u00f5es postais de Ilh\u00e9us, bem como permitir a melhor comercializa\u00e7\u00e3o e manipula\u00e7\u00e3o dos alimentos e bebidas. O encontro ocorreu no audit\u00f3rio Sos\u00edgenes Costa, na Casa de Cultura Jorge Amado, na tarde da ter\u00e7a-feira, dia 9.<\/p>\n<p>Conforme discutido na reuni\u00e3o, a estrutura deve come\u00e7ar a funcionar a partir do pr\u00f3ximo m\u00eas de janeiro. Al\u00e9m de relocar os comerciantes que t\u00eam barracas, trailers e outras formas itinerantes de vender comida de rua para um espa\u00e7o moderno (em frente \u00e0 Pra\u00e7a da Irene), dotado de conforto aos visitantes, o secret\u00e1rio Roberto Garcia informou que a pra\u00e7a de alimenta\u00e7\u00e3o ter\u00e1 \u00e1rea de recrea\u00e7\u00e3o com brinquedos infantis, local para shows, seguran\u00e7a feita em parceria com a Pol\u00edcia Militar, al\u00e9m de sanit\u00e1rios qu\u00edmicos.<\/p>\n<p>De acordo com Roberto Garcia, a atual gest\u00e3o tem se preocupado tamb\u00e9m com a mobilidade urbana. \u201cA popula\u00e7\u00e3o se queixa porque a Pra\u00e7a de Irene e outras da cidade s\u00e3o ocupadas com mesas e cadeiras por barraqueiros, donos bares e outros profissionais que est\u00e3o na economia informal. E diante disso, o prefeito Jabes Ribeiro solicitou a implanta\u00e7\u00e3o de reordenamento de \u00e1reas p\u00fablicas\u201d, informou.<\/p>\n<p>J\u00e1 o secret\u00e1rio e arquiteto Ant\u00f4nio Vieira, disse que a pra\u00e7a de alimenta\u00e7\u00e3o a c\u00e9u aberto ter\u00e1 \u00e1reas ajardinadas e coleta seleta de lixo org\u00e2nico. Em paralelo a isso, a Prefeitura de Ilh\u00e9us elaborou um calend\u00e1rio especial para que os comerciantes de alimentos possam sair da ilegalidade e se cadastrar no Balc\u00e3o do Empreendedor, no t\u00e9rreo, do Anexo de Secretarias. \u201cO que for para beneficiar o consumidor e os vendedores ambulantes ser\u00e1 priorizado\u201d, afirmou.<\/p>\n<p>Na oportunidade, Catiane Pinto, chefe da Vigil\u00e2ncia Sanit\u00e1ria, da Secretaria Municipal de Sa\u00fade (Sesau), informou \u00e0s baianas de acaraj\u00e9, vendedores de massas, hot dogs, salgados, espetinhos e queijos, caldo de cana, sucos de frutas tropicais, capeteiros e drinks, sobre a seguran\u00e7a alimentar, manipula\u00e7\u00e3o de alimentos, higiene pessoal e boas pr\u00e1ticas.<\/p>\n<p>&#8212;<\/p>\n<p><b>Secretaria de Comunica\u00e7\u00e3o Social \u2013 Secom<\/b><\/p>\n","protected":false},"excerpt":{"rendered":"<p>A a\u00e7\u00e3o vai reunir vendedores de alimentos, espa\u00e7os pra shows, brinquedos infantis em uma estrutura montada na avenida. \u00a0Os secret\u00e1rios de Ind\u00fastria e Com\u00e9rcio, Roberto Garcia, e do Meio Ambiente, Ant\u00f4nio Vieira, apresentaram aos vendedores ambulantes que atualmente est\u00e3o instalados na Pra\u00e7a Castro Alves (Pra\u00e7a de Irene), o Projeto Ver\u00e3o na Avenida. A finalidade \u00e9 [&hellip;]<\/p>\n","protected":false},"author":2,"featured_media":0,"comment_status":"open","ping_status":"open","sticky":false,"template":"","format":"standard","meta":{"_links_to":"","_links_to_target":""},"categories":[1],"tags":[],"_links":{"self":[{"href":"https:\/\/www.r2cpress.com.br\/v1\/wp-json\/wp\/v2\/posts\/89440"}],"collection":[{"href":"https:\/\/www.r2cpress.com.br\/v1\/wp-json\/wp\/v2\/posts"}],"about":[{"href":"https:\/\/www.r2cpress.com.br\/v1\/wp-json\/wp\/v2\/types\/post"}],"author":[{"embeddable":true,"href":"https:\/\/www.r2cpress.com.br\/v1\/wp-json\/wp\/v2\/users\/2"}],"replies":[{"embeddable":true,"href":"https:\/\/www.r2cpress.com.br\/v1\/wp-json\/wp\/v2\/comments?post=89440"}],"version-history":[{"count":1,"href":"https:\/\/www.r2cpress.com.br\/v1\/wp-json\/wp\/v2\/posts\/89440\/revisions"}],"predecessor-version":[{"id":89442,"href":"https:\/\/www.r2cpress.com.br\/v1\/wp-json\/wp\/v2\/posts\/89440\/revisions\/89442"}],"wp:attachment":[{"href":"https:\/\/www.r2cpress.com.br\/v1\/wp-json\/wp\/v2\/media?parent=89440"}],"wp:term":[{"taxonomy":"category","embeddable":true,"href":"https:\/\/www.r2cpress.com.br\/v1\/wp-json\/wp\/v2\/categories?post=89440"},{"taxonomy":"post_tag","embeddable":true,"href":"https:\/\/www.r2cpress.com.br\/v1\/wp-json\/wp\/v2\/tags?post=89440"}],"curies":[{"name":"wp","href":"https:\/\/api.w.org\/{rel}","templated":true}]}}