{"id":89456,"date":"2014-12-10T18:31:29","date_gmt":"2014-12-10T21:31:29","guid":{"rendered":"http:\/\/www.r2cpress.com.br\/v1\/?p=89456"},"modified":"2014-12-10T18:31:29","modified_gmt":"2014-12-10T21:31:29","slug":"ilheus-ponte-centro-pontal","status":"publish","type":"post","link":"https:\/\/www.r2cpress.com.br\/v1\/2014\/12\/10\/ilheus-ponte-centro-pontal\/","title":{"rendered":"ILH\u00c9US \/ PONTE CENTRO &#8211; PONTAL"},"content":{"rendered":"<h2 style=\"text-align: center;\"><span style=\"color: #000000;\"><strong>Sonora do Diretor do Derba, Saulo Pontes, sobre a situa\u00e7\u00e3o da obra da Ponte Ilh\u00e9us-Pontal.<\/strong><\/span><\/h2>\n<p><center><iframe loading=\"lazy\" src=\"http:\/\/www.4shared.com\/web\/embed\/file\/RjX9gXVdba\" width=\"470\" height=\"60\" frameborder=\"0\" scrolling=\"no\"><\/iframe><\/center><\/p>\n","protected":false},"excerpt":{"rendered":"<p>Sonora do Diretor do Derba, Saulo Pontes, sobre a situa\u00e7\u00e3o da obra da Ponte Ilh\u00e9us-Pontal.<\/p>\n","protected":false},"author":2,"featured_media":0,"comment_status":"open","ping_status":"open","sticky":false,"template":"","format":"standard","meta":{"_links_to":"","_links_to_target":""},"categories":[13],"tags":[],"_links":{"self":[{"href":"https:\/\/www.r2cpress.com.br\/v1\/wp-json\/wp\/v2\/posts\/89456"}],"collection":[{"href":"https:\/\/www.r2cpress.com.br\/v1\/wp-json\/wp\/v2\/posts"}],"about":[{"href":"https:\/\/www.r2cpress.com.br\/v1\/wp-json\/wp\/v2\/types\/post"}],"author":[{"embeddable":true,"href":"https:\/\/www.r2cpress.com.br\/v1\/wp-json\/wp\/v2\/users\/2"}],"replies":[{"embeddable":true,"href":"https:\/\/www.r2cpress.com.br\/v1\/wp-json\/wp\/v2\/comments?post=89456"}],"version-history":[{"count":3,"href":"https:\/\/www.r2cpress.com.br\/v1\/wp-json\/wp\/v2\/posts\/89456\/revisions"}],"predecessor-version":[{"id":89459,"href":"https:\/\/www.r2cpress.com.br\/v1\/wp-json\/wp\/v2\/posts\/89456\/revisions\/89459"}],"wp:attachment":[{"href":"https:\/\/www.r2cpress.com.br\/v1\/wp-json\/wp\/v2\/media?parent=89456"}],"wp:term":[{"taxonomy":"category","embeddable":true,"href":"https:\/\/www.r2cpress.com.br\/v1\/wp-json\/wp\/v2\/categories?post=89456"},{"taxonomy":"post_tag","embeddable":true,"href":"https:\/\/www.r2cpress.com.br\/v1\/wp-json\/wp\/v2\/tags?post=89456"}],"curies":[{"name":"wp","href":"https:\/\/api.w.org\/{rel}","templated":true}]}}