{"id":89475,"date":"2014-12-11T14:49:05","date_gmt":"2014-12-11T17:49:05","guid":{"rendered":"http:\/\/www.r2cpress.com.br\/v1\/?p=89475"},"modified":"2014-12-11T14:49:05","modified_gmt":"2014-12-11T17:49:05","slug":"projeto-retalhos-criativos-atua-em-pontos-turisticos-de-ilheus","status":"publish","type":"post","link":"https:\/\/www.r2cpress.com.br\/v1\/2014\/12\/11\/projeto-retalhos-criativos-atua-em-pontos-turisticos-de-ilheus\/","title":{"rendered":"Projeto Retalhos Criativos atua em pontos tur\u00edsticos de Ilh\u00e9us"},"content":{"rendered":"<p><em>Fora do campus da Maramata, por\u00e9m com atividades cont\u00ednuas numa parceria entre os Projetos Hernani S\u00e1 Criativo e Pontal Criativo.<\/em><\/p>\n<p>As mulheres do Programa Retalhos Criativos, desenvolvido pela Universidade Livre do Mar e da Mata (Maramata) deram in\u00edcio ao recesso das atividades na Maramata no dia 29 de novembro, mas continuam atuando em a\u00e7\u00f5es socioculturais e empreendedoras.<\/p>\n<p>O programa continua ativo mesmo longe do campus da Maramata, o trabalho \u00e9 realizado em parceria com os projetos Hernani S\u00e1 Criativo e Pontal criativo que desenvolvem exposi\u00e7\u00f5es de seus produtos artesanais em pontos tur\u00edsticos da cidade. A uni\u00e3o teve in\u00edcio no evento Primavera Criativa realizado pela Universidade em comemora\u00e7\u00e3o \u00e0 abertura da chegada da Primavera no dia 19 de setembro.<\/p>\n<p>O Retalhos Criativos \u00e9 um projeto da Maramata que busca desenvolver uma atividade artesanal utilizando materiais que seriam descartados, como caixas de leite, que s\u00e3o transformados em bolsas, cds, que viram portas chaves, pufs de garrafa pet e outros.<\/p>\n<p>Cerca de 10 mulheres que residem no Pontal participam do projeto que al\u00e9m de ser uma a\u00e7\u00e3o de conscientiza\u00e7\u00e3o ambiental, pode ser visto tamb\u00e9m como uma fonte de renda extra, como afirma o Presidente da Maramata Frederico Andrade \u201co Projeto Retalhos Criativos incentiva a economia criativa com pr\u00e1ticas sustent\u00e1veis, pontuando aspectos tang\u00edveis e intang\u00edveis, al\u00e9m de promover a intera\u00e7\u00e3o entre as participantes\u201d conclui.<\/p>\n<p>A previs\u00e3o \u00e9 que no m\u00eas de fevereiro as mulheres voltem \u00e0 ativa no espa\u00e7o da Universidade e as vagas para quem desejar participar est\u00e3o abertas, basta entrar em contato com a Maramata atrav\u00e9s do telefone 3632-3698 ou <a href=\"mailto:maramatacursos@gmail.com\">maramatacursos@gmail.com<\/a><\/p>\n<p>&#8212;<\/p>\n<p>Secretaria de Comunica\u00e7\u00e3o Social \u2013 Secom<\/p>\n","protected":false},"excerpt":{"rendered":"<p>Fora do campus da Maramata, por\u00e9m com atividades cont\u00ednuas numa parceria entre os Projetos Hernani S\u00e1 Criativo e Pontal Criativo. As mulheres do Programa Retalhos Criativos, desenvolvido pela Universidade Livre do Mar e da Mata (Maramata) deram in\u00edcio ao recesso das atividades na Maramata no dia 29 de novembro, mas continuam atuando em a\u00e7\u00f5es socioculturais [&hellip;]<\/p>\n","protected":false},"author":2,"featured_media":0,"comment_status":"open","ping_status":"open","sticky":false,"template":"","format":"standard","meta":{"_links_to":"","_links_to_target":""},"categories":[23],"tags":[],"_links":{"self":[{"href":"https:\/\/www.r2cpress.com.br\/v1\/wp-json\/wp\/v2\/posts\/89475"}],"collection":[{"href":"https:\/\/www.r2cpress.com.br\/v1\/wp-json\/wp\/v2\/posts"}],"about":[{"href":"https:\/\/www.r2cpress.com.br\/v1\/wp-json\/wp\/v2\/types\/post"}],"author":[{"embeddable":true,"href":"https:\/\/www.r2cpress.com.br\/v1\/wp-json\/wp\/v2\/users\/2"}],"replies":[{"embeddable":true,"href":"https:\/\/www.r2cpress.com.br\/v1\/wp-json\/wp\/v2\/comments?post=89475"}],"version-history":[{"count":1,"href":"https:\/\/www.r2cpress.com.br\/v1\/wp-json\/wp\/v2\/posts\/89475\/revisions"}],"predecessor-version":[{"id":89476,"href":"https:\/\/www.r2cpress.com.br\/v1\/wp-json\/wp\/v2\/posts\/89475\/revisions\/89476"}],"wp:attachment":[{"href":"https:\/\/www.r2cpress.com.br\/v1\/wp-json\/wp\/v2\/media?parent=89475"}],"wp:term":[{"taxonomy":"category","embeddable":true,"href":"https:\/\/www.r2cpress.com.br\/v1\/wp-json\/wp\/v2\/categories?post=89475"},{"taxonomy":"post_tag","embeddable":true,"href":"https:\/\/www.r2cpress.com.br\/v1\/wp-json\/wp\/v2\/tags?post=89475"}],"curies":[{"name":"wp","href":"https:\/\/api.w.org\/{rel}","templated":true}]}}