{"id":89662,"date":"2014-12-16T12:38:23","date_gmt":"2014-12-16T15:38:23","guid":{"rendered":"http:\/\/www.r2cpress.com.br\/v1\/?p=89662"},"modified":"2014-12-16T12:38:23","modified_gmt":"2014-12-16T15:38:23","slug":"anunciados-nomes-de-14-secretarios-de-estado-para-a-proxima-gestao","status":"publish","type":"post","link":"https:\/\/www.r2cpress.com.br\/v1\/2014\/12\/16\/anunciados-nomes-de-14-secretarios-de-estado-para-a-proxima-gestao\/","title":{"rendered":"Anunciados nomes de 14 secret\u00e1rios de Estado para a pr\u00f3xima gest\u00e3o"},"content":{"rendered":"<div>\n<div>O governador diplomado Rui Costa anunciou, na manh\u00e3 desta ter\u00e7a-feira (16), os nomes que v\u00e3o assumir 14 das 24 secretarias estaduais. O evento que revelou os novos secret\u00e1rios, realizado no Sal\u00e3o de Atos da Governadoria do Estado, no Centro Administrativo, aconteceu depois da cerim\u00f4nia de diploma\u00e7\u00e3o dos eleitos no pleito de 2014, que legitimou o novo governador, vice, senador, al\u00e9m dos deputados estaduais e federais para tomarem posse de seus cargos em 2015.<\/div>\n<div>\n<div id=\"attachment_89663\" style=\"width: 560px\" class=\"wp-caption aligncenter\"><a href=\"http:\/\/www.r2cpress.com.br\/v1\/wp-content\/uploads\/2014\/12\/Foto-by-Carol-Garcia_GOVBA.jpg\"><img aria-describedby=\"caption-attachment-89663\" loading=\"lazy\" class=\"size-full wp-image-89663\" src=\"http:\/\/www.r2cpress.com.br\/v1\/wp-content\/uploads\/2014\/12\/Foto-by-Carol-Garcia_GOVBA.jpg\" alt=\"Governador doplomado Rui Costa, anuncia novo secretariado.\" width=\"550\" height=\"367\" srcset=\"https:\/\/www.r2cpress.com.br\/v1\/wp-content\/uploads\/2014\/12\/Foto-by-Carol-Garcia_GOVBA.jpg 550w, https:\/\/www.r2cpress.com.br\/v1\/wp-content\/uploads\/2014\/12\/Foto-by-Carol-Garcia_GOVBA-300x200.jpg 300w\" sizes=\"(max-width: 550px) 100vw, 550px\" \/><\/a><p id=\"caption-attachment-89663\" class=\"wp-caption-text\">Governador doplomado Rui Costa, anuncia novo secretariado.<\/p><\/div>\n<\/div>\n<div><\/div>\n<div>Pouco antes de anunciar os nomes, o governador diplomado afirmou que ter\u00e1 a responsabilidade de articular e cobrar um trabalho de qualidade para um governo de forte parceria com os munic\u00edpios. &#8220;Todos os nomes fazem parte de uma equipe formada por pessoas com caracter\u00edsticas e perfis diferentes, mas com uma coisa que eu n\u00e3o abro m\u00e3o, n\u00e3o haver\u00e1 trabalhos isolados, todas as secretarias trabalhar\u00e3o para o conjunto das for\u00e7as pol\u00edticas que apoiam esse governo&#8221;.<\/div>\n<div><\/div>\n<div>A partir de janeiro, o vice governador Jo\u00e3o Le\u00e3o assume a Secretaria de Planejamento (Seplan). Continuam no governo: Maur\u00edcio Barbosa, na Seguran\u00e7a P\u00fablica (SSP); Marcus Cavalcanti, na Infraestrutura (Seinfra); Eug\u00eanio Spengler no Meio Ambiente (Sema); Osvaldo Barreto, na Educa\u00e7\u00e3o (Sec); Nestor Duarte, na Administra\u00e7\u00e3o Penitenci\u00e1ria e Ressocializa\u00e7\u00e3o (Seap), e Manoel Vit\u00f3rio, na Fazenda.<\/div>\n<div><\/div>\n<div>Entram para a equipe de secret\u00e1rios: F\u00e1bio Vilas-Boas, na Secretaria da Sa\u00fade (Sesab); Andr\u00e9 Curvello vai para Secretaria de Comunica\u00e7\u00e3o Social (Secom); a nova Secretaria de Direitos Humanos e Desenvolvimento Social (SDHDS) fica com Geraldo Reis; \u00c1lvaro Gomes vai para a Secretaria do Trabalho, Emprego, Renda e Esporte &#8211; (Setre); e a rec\u00e9m criada Secretaria de Infraestrutura H\u00eddrica e Saneamento (SIHS) ser\u00e1 comandada por C\u00e1ssio Peixoto. J\u00e1 a Secretaria de Rela\u00e7\u00f5es Institucionais (Serin) fica com Josias Gomes.<\/div>\n<div><\/div>\n<div>Houve ainda o an\u00fancio de Paulo Moreno como procurador-geral do Estado. Segundo Rui Costa, na quinta-feira (18), ainda ser\u00e3o definidos os nomes que v\u00e3o assumir a Casa Civil, Secretaria da Administra\u00e7\u00e3o (Saeb), Secretaria da Agricultura, Pecu\u00e1ria, Irriga\u00e7\u00e3o, Pesca e Aquicultura (Seagri), Secretaria de Desenvolvimento Econ\u00f4mico (SDE), Secretaria de Desenvolvimento Rural (SDR), Secretaria de Desenvolvimento Urbano (Sedur), Secretaria de Ci\u00eancia, Tecnologia e Inova\u00e7\u00e3o (Secti), Secretaria de Turismo (Setur), Secretaria de Promo\u00e7\u00e3o da Igualdade Racial (Sepromi), Secretaria de Pol\u00edticas para as Mulheres (SPM) e Secretaria da Cultura (Secult).<\/div>\n<div><\/div>\n<div>J\u00e1 o an\u00fancio dos comandantes das pol\u00edcias Militar e Civil acontecer\u00e1 no dia 31 de dezembro, na v\u00e9spera da cerim\u00f4nia de posse, dia 1\u00ba de janeiro.<\/div>\n<div>\n<div><strong><span style=\"font-family: Times;\">\u00a0<\/span><\/strong><\/div>\n<\/div>\n<div><b>&#8230;<\/b><\/div>\n<\/div>\n<p><span style=\"font-family: Times;\"><strong>Secom\u00a0<\/strong>\u00a0<strong>&#8211; Secretaria de Comunica\u00e7\u00e3o Social\u00a0&#8211; Governo da Bahia<\/strong><\/span><\/p>\n","protected":false},"excerpt":{"rendered":"<p>O governador diplomado Rui Costa anunciou, na manh\u00e3 desta ter\u00e7a-feira (16), os nomes que v\u00e3o assumir 14 das 24 secretarias estaduais. O evento que revelou os novos secret\u00e1rios, realizado no Sal\u00e3o de Atos da Governadoria do Estado, no Centro Administrativo, aconteceu depois da cerim\u00f4nia de diploma\u00e7\u00e3o dos eleitos no pleito de 2014, que legitimou o [&hellip;]<\/p>\n","protected":false},"author":2,"featured_media":0,"comment_status":"open","ping_status":"open","sticky":false,"template":"","format":"standard","meta":{"_links_to":"","_links_to_target":""},"categories":[29],"tags":[],"_links":{"self":[{"href":"https:\/\/www.r2cpress.com.br\/v1\/wp-json\/wp\/v2\/posts\/89662"}],"collection":[{"href":"https:\/\/www.r2cpress.com.br\/v1\/wp-json\/wp\/v2\/posts"}],"about":[{"href":"https:\/\/www.r2cpress.com.br\/v1\/wp-json\/wp\/v2\/types\/post"}],"author":[{"embeddable":true,"href":"https:\/\/www.r2cpress.com.br\/v1\/wp-json\/wp\/v2\/users\/2"}],"replies":[{"embeddable":true,"href":"https:\/\/www.r2cpress.com.br\/v1\/wp-json\/wp\/v2\/comments?post=89662"}],"version-history":[{"count":2,"href":"https:\/\/www.r2cpress.com.br\/v1\/wp-json\/wp\/v2\/posts\/89662\/revisions"}],"predecessor-version":[{"id":89665,"href":"https:\/\/www.r2cpress.com.br\/v1\/wp-json\/wp\/v2\/posts\/89662\/revisions\/89665"}],"wp:attachment":[{"href":"https:\/\/www.r2cpress.com.br\/v1\/wp-json\/wp\/v2\/media?parent=89662"}],"wp:term":[{"taxonomy":"category","embeddable":true,"href":"https:\/\/www.r2cpress.com.br\/v1\/wp-json\/wp\/v2\/categories?post=89662"},{"taxonomy":"post_tag","embeddable":true,"href":"https:\/\/www.r2cpress.com.br\/v1\/wp-json\/wp\/v2\/tags?post=89662"}],"curies":[{"name":"wp","href":"https:\/\/api.w.org\/{rel}","templated":true}]}}