{"id":89671,"date":"2014-12-16T17:26:56","date_gmt":"2014-12-16T20:26:56","guid":{"rendered":"http:\/\/www.r2cpress.com.br\/v1\/?p=89671"},"modified":"2014-12-16T17:26:56","modified_gmt":"2014-12-16T20:26:56","slug":"os-franco-macons-parte-v","status":"publish","type":"post","link":"https:\/\/www.r2cpress.com.br\/v1\/2014\/12\/16\/os-franco-macons-parte-v\/","title":{"rendered":"OS FRANCO &#8211; MA\u00c7ONS &#8211; PARTE V"},"content":{"rendered":"<blockquote>\n<div style=\"width: 210px\" class=\"wp-caption alignright\"><img loading=\"lazy\" class=\"\" src=\"http:\/\/www.r2cpress.com.br\/v1\/wp-content\/uploads\/2014\/09\/Irm%C3%A3o-Everaldo-paramentado.jpg\" alt=\"\" width=\"200\" height=\"337\" \/><p class=\"wp-caption-text\">Ir.\u2019. Everaldo<\/p><\/div>\n<p><em><strong>Caros leitores, integrantes e simpatizantes da Ordem Ma\u00e7\u00f4nica;<\/strong><\/em><\/p>\n<p><em><strong>Conforme anunciamos em nosso texto anterior, relativo \u00e0 Ma\u00e7onaria ao redor do mundo,<\/strong><\/em><br \/>\n<em><strong> discorreremos sobre a sua hist\u00f3ria no S\u00e9culo XX.<\/strong><\/em><\/p><\/blockquote>\n<p style=\"text-align: center;\"><strong>O S\u00c9CULO XX<\/strong><\/p>\n<p>Os \u00faltimos 100 anos presenciaram o surgimento de regimes totalit\u00e1rios de esquerda e de direita em muitos pa\u00edses da Europa e o continente foi palco de dois campos de batalha. A Ma\u00e7onaria sofreu bastante, tendo sido envolvida em atividades pol\u00edticas contra o governo por ditadores desconfiados.<\/p>\n<p>Na R\u00fassia, o banimento da Ma\u00e7onaria imposto pelo reacion\u00e1rio Alexandre I, em 1822, continuou at\u00e9 1917, quando, ap\u00f3s a revolu\u00e7\u00e3o, Alexandre Karensky, o l\u00edder democr\u00e1tico e ma\u00e7om, derrubou o banimento e uma Grande Loja foi estabelecida na Ucr\u00e2nia, mas n\u00e3o durou muito tempo. Alguns meses depois, os comunistas assumiram o poder, e a Franco-Ma\u00e7onaria foi banida novamente. Quando a Ucr\u00e2nia foi absorvida pela Uni\u00e3o Sovi\u00e9tica, a Grande Loja foi extinta.<\/p>\n<p>O fim da Primeira Guerra Mundial trouxe consigo a fragmenta\u00e7\u00e3o do Imp\u00e9rio \u00c1ustro-H\u00fangaro, que havia controlado grande parte da Europa Central durante s\u00e9culos.<\/p>\n<p>Com o fim desse conflito mundial, tamb\u00e9m houve o in\u00edcio do surgimento do poder de ditaduras de direita em outras partes do continente. Em aproximadamente 15 anos do Armist\u00edcio de 1918, na It\u00e1lia de Mussolini, na Espanha de Franco, em Portugal de Salazar e na Alemanha de Hitler, toda oposi\u00e7\u00e3o ou suspeita de oposi\u00e7\u00e3o, que inclu\u00eda a Ma\u00e7onaria, foi suprimida, principalmente e mais acirradamente na Alemanha Nazista.<\/p>\n<p><!--more--><\/p>\n<p>Em 1933, o Partido Nazista assumiu o poder e fez uso do fervor antissem\u00edtico e antima\u00e7\u00f4nico, incentivado por Protocolos e outros panfletos, para unir o povo alem\u00e3o aos seus ideais. O argumento de Hitler de que os ma\u00e7ons e os judeus tinham conspirado para se apossarem da Alemanha, levando o pa\u00eds a uma crise econ\u00f4mica, afetou os alem\u00e3es que viram a sua moeda ( o Reichsmark ) ser desvalorizada cada vez mais.<\/p>\n<p>A prova\u00e7\u00e3o infernal dos judeus na Alemanha de Hitler permanece, quase 80 anos depois, como uma mancha na consci\u00eancia do mundo, mas a atitude nazista para com a Franco-Ma\u00e7onaria n\u00e3o \u00e9 bem conhecida. Era proibido aos ma\u00e7ons se alistarem nas For\u00e7as Armadas, e os que j\u00e1 serviam foram demitidos de suas fun\u00e7\u00f5es, o mesmo ocorrendo com os ma\u00e7ons membros do Servi\u00e7o Civil.<\/p>\n<p>No in\u00edcio da Segunda Grande Guerra, os ma\u00e7ons da Noruega, Finl\u00e2ndia, Dinamarca, Holanda, B\u00e9lgica, Fran\u00e7a, Gr\u00e9cia, Luxemburgo, Pol\u00f4nia, Tchecoslov\u00e1quia, Hungria, \u00c1ustria e Rom\u00eania &#8211; e de todos os lugares que os homens de Hitler controlavam &#8211; tiveram a mesma sorte que seus Irm\u00e3os alem\u00e3es sofreram na Alemanha no per\u00edodo que antecedeu a guerra. Muitos ma\u00e7ons n\u00e3o judeus tiveram o mesmo destino de seus Irm\u00e3os judeus nos campos de concentra\u00e7\u00e3o do Terceiro Reich.<\/p>\n<p>No entanto, a Ma\u00e7onaria sobreviveu e com a vit\u00f3ria dos Aliados logo se restabeleceu nos pa\u00edses que haviam sido ocupados pelos alem\u00e3es e, na pr\u00f3pria Alemanha. Ncio de1946, planos estavam sendo preparados para reavivar a Franco-Ma\u00e7onaria sob os ausp\u00edcios de uma Grande Loja unificada..<\/p>\n<p>Atualmente, com a dissolu\u00e7\u00e3o da Uni\u00e3o Sovi\u00e9tica e o restabelecimento de governos democr\u00e1ticos por meio do antigo imp\u00e9rio sovi\u00e9tico, os ma\u00e7ons estavam novamente livres para se reunir em suas Lojas e praticar seus Rituais e seus ideais.<\/p>\n<p>Hoje em dia, da Finl\u00e2ndia at\u00e9 o norte da Gr\u00e9cia e ao sul, da Costa Atl\u00e2ntica a oeste at\u00e9 os Montes Urais ao leste, em todos os pa\u00edses da Europa, a Franco &#8211; Ma\u00e7onaria prospera como uma for\u00e7a para o Bem de um mundo atribulado.<\/p>\n<p>Em nossa pr\u00f3xima edi\u00e7\u00e3o, abordaremos a presen\u00e7a da Ma\u00e7onaria nos Continentes Africano e Asi\u00e1tico.<\/p>\n<p style=\"text-align: center;\">JOS\u00c9 EVERALDO ANDRADE SOUZA<br \/>\nMESTRE MA\u00c7OM DA LOJA ELIAS OCK\u00c9 &#8211; N\u00b0 1841<br \/>\nFEDERADA AO GRANDE ORIENTE DO BRASIL &#8211; RITO BRASILEIRO<br \/>\nORIENTE DE ILH\u00c9US &#8211; BAHIA<\/p>\n<p>REFER\u00caNCIAS BIBIOGR\u00c1FICAS<br \/>\nJohnstone, Michael<br \/>\nOs Franco-Ma\u00e7ons &#8211; Trad. F\u00falvio Lubisco &#8211; S\u00e3o Paulo; Madras, 2010.<br \/>\nBrennan, J.H.<br \/>\nReich Oculto &#8211; Madras Editora.<\/p>\n<p><strong><span style=\"color: #000080;\">PARA LER A PARTE I CLIQUE<\/span><\/strong> <a href=\"http:\/\/www.r2cpress.com.br\/v1\/2014\/11\/22\/os-franco-macons-parte-i\/\" target=\"_news\"><b>AQUI.<\/b><\/a><br \/>\n<strong><span style=\"color: #000080;\">PARA LER A PARTE II CLIQUE<\/span><\/strong> <a href=\"http:\/\/www.r2cpress.com.br\/v1\/2014\/11\/27\/88912\/\" target=\"_news\"><b>AQUI.<\/b><\/a><br \/>\n<strong><span style=\"color: #000080;\">PARA LER A PARTE III CLIQUE<\/span><\/strong> <a href=\"http:\/\/www.r2cpress.com.br\/v1\/2014\/12\/02\/os-franco-macons-parte-iii\/\" target=\"_news\"><b>AQUI.<\/b><\/a><br \/>\n<strong><span style=\"color: #000080;\">PARA LER A PARTE IV CLIQUE<\/span><\/strong> <a href=\"http:\/\/www.r2cpress.com.br\/v1\/2014\/12\/08\/os-franco-macons-parte-iv\/\" target=\"_news\"><b>AQUI.<\/b><\/a><\/p>\n","protected":false},"excerpt":{"rendered":"<p>Caros leitores, integrantes e simpatizantes da Ordem Ma\u00e7\u00f4nica; Conforme anunciamos em nosso texto anterior, relativo \u00e0 Ma\u00e7onaria ao redor do mundo, discorreremos sobre a sua hist\u00f3ria no S\u00e9culo XX. O S\u00c9CULO XX Os \u00faltimos 100 anos presenciaram o surgimento de regimes totalit\u00e1rios de esquerda e de direita em muitos pa\u00edses da Europa e o continente [&hellip;]<\/p>\n","protected":false},"author":2,"featured_media":0,"comment_status":"open","ping_status":"open","sticky":false,"template":"","format":"standard","meta":{"_links_to":"","_links_to_target":""},"categories":[34],"tags":[],"_links":{"self":[{"href":"https:\/\/www.r2cpress.com.br\/v1\/wp-json\/wp\/v2\/posts\/89671"}],"collection":[{"href":"https:\/\/www.r2cpress.com.br\/v1\/wp-json\/wp\/v2\/posts"}],"about":[{"href":"https:\/\/www.r2cpress.com.br\/v1\/wp-json\/wp\/v2\/types\/post"}],"author":[{"embeddable":true,"href":"https:\/\/www.r2cpress.com.br\/v1\/wp-json\/wp\/v2\/users\/2"}],"replies":[{"embeddable":true,"href":"https:\/\/www.r2cpress.com.br\/v1\/wp-json\/wp\/v2\/comments?post=89671"}],"version-history":[{"count":4,"href":"https:\/\/www.r2cpress.com.br\/v1\/wp-json\/wp\/v2\/posts\/89671\/revisions"}],"predecessor-version":[{"id":89675,"href":"https:\/\/www.r2cpress.com.br\/v1\/wp-json\/wp\/v2\/posts\/89671\/revisions\/89675"}],"wp:attachment":[{"href":"https:\/\/www.r2cpress.com.br\/v1\/wp-json\/wp\/v2\/media?parent=89671"}],"wp:term":[{"taxonomy":"category","embeddable":true,"href":"https:\/\/www.r2cpress.com.br\/v1\/wp-json\/wp\/v2\/categories?post=89671"},{"taxonomy":"post_tag","embeddable":true,"href":"https:\/\/www.r2cpress.com.br\/v1\/wp-json\/wp\/v2\/tags?post=89671"}],"curies":[{"name":"wp","href":"https:\/\/api.w.org\/{rel}","templated":true}]}}