{"id":89715,"date":"2014-12-17T21:23:23","date_gmt":"2014-12-18T00:23:23","guid":{"rendered":"http:\/\/www.r2cpress.com.br\/v1\/?p=89715"},"modified":"2014-12-17T21:23:23","modified_gmt":"2014-12-18T00:23:23","slug":"a-situacao-da-avenida-itabuna","status":"publish","type":"post","link":"https:\/\/www.r2cpress.com.br\/v1\/2014\/12\/17\/a-situacao-da-avenida-itabuna\/","title":{"rendered":"A SITUA\u00c7\u00c3O DA AVENIDA ITABUNA"},"content":{"rendered":"<p><img loading=\"lazy\" class=\"alignright\" src=\"http:\/\/www.r2cpress.com.br\/v1\/wp-content\/uploads\/zecarlos-r2cpress_reduzida.jpg\" alt=\"\" width=\"300\" height=\"207\" \/>Perguntar n\u00e3o ofende: quando \u00e9 que o poder p\u00fablico vai fazer alguma coisa para melhorar o estado cr\u00edtico em que se encontra a Avenida Itabuna?<\/p>\n<p>Esperava-se que com o projeto do recapeamento asf\u00e1ltico, a nossa Avenida Itabuna viesse a ser contemplada com este servi\u00e7o, e o que se v\u00ea hoje \u00e9 uma avenida entregue \u00e0 pr\u00f3pria sorte.<\/p>\n<p>Parece at\u00e9 que a nossa prefeitura n\u00e3o entende que esta avenida faz parte da entrada da cidade e o seu movimento de ve\u00edculos \u00e9 intenso, mas o descaso est\u00e1 imperando e a situa\u00e7\u00e3o do tr\u00e1fego complica a cada dia.<\/p>\n<p>A partir do Posto Brasil, entrando pelas laterais da 6\u00ba DIRES, at\u00e9 o trevo, a situa\u00e7\u00e3o est\u00e1 complicada, s\u00e3o buracos incont\u00e1veis e a\u00ed a situa\u00e7\u00e3o vai adiante, via Carandiru e Rodovi\u00e1ria.<\/p>\n<p>Hoje fui a Itabuna com um amigo e ele me disse que soube que a prefeitura n\u00e3o incluiu a Avenida Itabuna no projeto do recapeamento, por achar que a avenida est\u00e1 nesse estado devido \u00e0s obras feitas pela COELBA, e que a responsabilidade em deix\u00e1-la em condi\u00e7\u00f5es normais de tr\u00e1fego era daquela empresa, portanto, se for uma briga de compadres \u00e9 sinal que a situa\u00e7\u00e3o vai perdurar por muito tempo.<\/p>\n<p>Dif\u00edcil sob todos os aspectos entender o que est\u00e1 ocorrendo com a nossa bela e sofrida cidade, dif\u00edcil entender como uma avenida com esse porte fique abandonada e sem nenhuma aten\u00e7\u00e3o do poder p\u00fablico.<\/p>\n<p>Tamb\u00e9m o que causa estranheza \u00e9 n\u00e3o se v\u00ea nenhuma manifesta\u00e7\u00e3o dos empres\u00e1rios da avenida, em cobrar provid\u00eancias da prefeitura.<\/p>\n<p>Fazer o que? Os homens do poder n\u00e3o est\u00e3o sens\u00edveis a estas aberra\u00e7\u00f5es, porque, n\u00e3o sei.<\/p>\n<p>Obrigado. Com licen\u00e7a.<\/p>\n<p><strong>Z\u00c9CARLOS JUNIOR<\/strong><\/p>\n","protected":false},"excerpt":{"rendered":"<p>Perguntar n\u00e3o ofende: quando \u00e9 que o poder p\u00fablico vai fazer alguma coisa para melhorar o estado cr\u00edtico em que se encontra a Avenida Itabuna? Esperava-se que com o projeto do recapeamento asf\u00e1ltico, a nossa Avenida Itabuna viesse a ser contemplada com este servi\u00e7o, e o que se v\u00ea hoje \u00e9 uma avenida entregue \u00e0 [&hellip;]<\/p>\n","protected":false},"author":2,"featured_media":0,"comment_status":"open","ping_status":"open","sticky":false,"template":"","format":"standard","meta":{"_links_to":"","_links_to_target":""},"categories":[10],"tags":[],"_links":{"self":[{"href":"https:\/\/www.r2cpress.com.br\/v1\/wp-json\/wp\/v2\/posts\/89715"}],"collection":[{"href":"https:\/\/www.r2cpress.com.br\/v1\/wp-json\/wp\/v2\/posts"}],"about":[{"href":"https:\/\/www.r2cpress.com.br\/v1\/wp-json\/wp\/v2\/types\/post"}],"author":[{"embeddable":true,"href":"https:\/\/www.r2cpress.com.br\/v1\/wp-json\/wp\/v2\/users\/2"}],"replies":[{"embeddable":true,"href":"https:\/\/www.r2cpress.com.br\/v1\/wp-json\/wp\/v2\/comments?post=89715"}],"version-history":[{"count":1,"href":"https:\/\/www.r2cpress.com.br\/v1\/wp-json\/wp\/v2\/posts\/89715\/revisions"}],"predecessor-version":[{"id":89716,"href":"https:\/\/www.r2cpress.com.br\/v1\/wp-json\/wp\/v2\/posts\/89715\/revisions\/89716"}],"wp:attachment":[{"href":"https:\/\/www.r2cpress.com.br\/v1\/wp-json\/wp\/v2\/media?parent=89715"}],"wp:term":[{"taxonomy":"category","embeddable":true,"href":"https:\/\/www.r2cpress.com.br\/v1\/wp-json\/wp\/v2\/categories?post=89715"},{"taxonomy":"post_tag","embeddable":true,"href":"https:\/\/www.r2cpress.com.br\/v1\/wp-json\/wp\/v2\/tags?post=89715"}],"curies":[{"name":"wp","href":"https:\/\/api.w.org\/{rel}","templated":true}]}}