{"id":89720,"date":"2014-12-18T10:56:03","date_gmt":"2014-12-18T13:56:03","guid":{"rendered":"http:\/\/www.r2cpress.com.br\/v1\/?p=89720"},"modified":"2014-12-18T10:56:03","modified_gmt":"2014-12-18T13:56:03","slug":"heckel-januario-em-lembrancas-da-extensao-rural-2","status":"publish","type":"post","link":"https:\/\/www.r2cpress.com.br\/v1\/2014\/12\/18\/heckel-januario-em-lembrancas-da-extensao-rural-2\/","title":{"rendered":"Heckel Janu\u00e1rio em: LEMBRAN\u00c7AS DA EXTENS\u00c3O RURAL (2)"},"content":{"rendered":"<p><img loading=\"lazy\" class=\"alignleft\" src=\"http:\/\/www.r2cpress.com.br\/v1\/wp-content\/uploads\/HECKEL-NOVA.jpg\" alt=\"\" width=\"300\" height=\"129\" \/>A primeira \u201cLembran\u00e7as&#8230;\u201d de outras ocorr\u00eancias meio jocosas da vida laboral da extens\u00e3o rural, pintara aqui na Capitania dos Ilh\u00e9us e de modo imprevisto. \u00a0Resolvemos ent\u00e3o retroceder um pouco mais no tempo e continuar com as recorda\u00e7\u00f5es.<\/p>\n<p>Ao ingressar na Ceplac (revivendo, era um \u00f3rg\u00e3o que retendo via lei 15% da produ\u00e7\u00e3o do cacau brasileiro, agia na Regi\u00e3o Cacaueira da Bahia como um verdadeiro governo, uma esp\u00e9cie de \u2018governo paralelo\u2019 baiano, em virtude de sua autonomia e poderio financeiro) fui designado <strong>\u2013<\/strong>orientado por Guilherme Paternostro, um dos diretores do Departamento de Extens\u00e3o -Depex, \u00a0\u00a0de\u00a0 que o local era bom para iniciantes<strong>\u2013<\/strong> para o escrit\u00f3rio de\u00a0 \u00a0Itapebi. Comandava-o Arnaldo (pecado, n\u00e3o lembro o sobrenome do cidad\u00e3o) que, n\u00e3o demorou muito, fora transferido para o especial de Salvador. Para o seu lugar, veio, Jos\u00e9 Ribeiro (conhecido como Zezito), agr\u00f4nomo rec\u00e9m-formado.<\/p>\n<p>Localizado no fim do Rabo da Gata, perto da Pra\u00e7a do Hava\u00ed, de sua varanda ao fundo e ao alto, descortinava-se uma deslumbrante paisagem do Jequitinhonha, que ainda n\u00e3o se cogitava nele a constru\u00e7\u00e3o da <a href=\"http:\/\/pt.wikipedia.org\/wiki\/Usina_Hidrel%C3%A9trica\">Usina Hidrel\u00e9trica<\/a>\u00a0de\u00a0<a href=\"http:\/\/pt.wikipedia.org\/wiki\/Itapebi\">Itapebi<\/a>.<\/p>\n<p>Floresciam os anos 70. Desfrutar as \u00e1guas mornas, calmas e quase l\u00edmpidas do rio, era imprescind\u00edvel. \u00a0A\u00ed, de um momento pra outro, a colora\u00e7\u00e3o come\u00e7a a mudar e a predominar a cor barrenta.\u00a0 \u00a0Sinal de enchente, n\u00e3o restava a menor d\u00favida. Apesar de j\u00e1 \u201ccansado de guerra\u201d em raz\u00e3o de evidentes e ininterruptas agress\u00f5es humanas desde a nascente, notadamente a do descontrol\u00e1vel desmatamento de suas margens, consequ\u00eancia de assoreamentos ao longo de seu curso, n\u00e3o obstante, o fen\u00f4meno das cheias assustava e podia causar transtornos aos ribeirinhos. O armaz\u00e9m de insumos agr\u00edcolas \u2013abrigando fertilizantes, fungicidas como o badalado Cobre Sandoz, controlador da Podrid\u00e3o Parda, doen\u00e7a superada nos dias atuais pela famigerada Vassoura de Bruxa, e o pol\u00eamico BHC etc. etc. \u2013 ficava na parte baixa do im\u00f3vel e o piso a mais ou menos dois metros do leito do rio em estado normal.<\/p>\n<p>E l\u00e1 v\u00eam as \u00e1guas subindo. Zezito, novo no peda\u00e7o e ao deparar com aquela situa\u00e7\u00e3o \u00edmpar, extracurricular, procurou \u2013preocupad\u00edssimo com o que viria \u00a0pela frente\u2013, um meio de contatar-se com a chefia da referida se\u00e7\u00e3o extensionista (hoje Centro de Extens\u00e3o\u2013Cenex) no eixo Ilh\u00e9us-Itabuna. Mas como o termo \u2018comunica\u00e7\u00e3o\u2019 naquela \u00e9poca, podia ser considerado, em todos os aspectos, um palavr\u00e3o \u2013al\u00e9m disso, mesmo j\u00e1 sendo produzido em escala, o escrit\u00f3rio carecia de um \u2018fax\u2019, revolucion\u00e1ria inven\u00e7\u00e3o comunicativa de outrora\u2013, somado \u00e0 rigidez or\u00e7ament\u00e1ria de n\u00e3o ser permitido extrapolar custos, no que a burocracia obrigaria o funcion\u00e1rio respons\u00e1vel a provar tim-tim por tim-tim os motivos de tal decis\u00e3o (possivelmente reflexos do aparente, mas intensamente propagado moralismo dos \u2018anos de chumbo\u2019 da ditadura militar), resolvera, sem alternativa, tomar uma iniciativa: ap\u00f3s ficar de cal\u00e7\u00e3o e sem camisa, desceu a escadaria de mais de 20 degraus, botou um saco de adubo nas costas e, subindo, de retorno, dava os primeiros passos para salvar os materiais das \u00e1guas caudalosas que avan\u00e7avam. \u00a0\u00a0Diante de laborioso ato encabe\u00e7ado pelo chefe, o escritur\u00e1rio Laerte Andrade n\u00e3o hesitou em empreender o mesmo roteiro e, haja saco pra transportar&#8230; \u00a0\u00a0De minha parte, n\u00e3o sendo rebelde e as circunst\u00e2ncias a exigir esfor\u00e7os cooperativos, tamb\u00e9m meti m\u00e3os a obras.<\/p>\n<p>Com o Jequitinhonha se avolumando rapidamente, horas depois, chega (atrav\u00e9s de um r\u00e1dio amador se n\u00e3o me falha a mem\u00f3ria) a aguardad\u00edssima ordem liberando a contrata\u00e7\u00e3o necess\u00e1ria de carregadores profissionais, o que fora fundamental no socorro completo do estoque e em nos livrar de chegar a uma extenuante fadiga.<\/p>\n<p><strong>Heckel Janu\u00e1rio<\/strong><\/p>\n<p><strong>Para ler a PARTE 1 clique<\/strong> <a href = \"http:\/\/www.r2cpress.com.br\/v1\/2014\/10\/18\/heckel-januario-em-lembrancas-da-extensao-rural\/\" target = \"_news\"><b>AQUI.<\/b><\/a><\/p>\n<p>&nbsp;<\/p>\n<p>&nbsp;<\/p>\n","protected":false},"excerpt":{"rendered":"<p>A primeira \u201cLembran\u00e7as&#8230;\u201d de outras ocorr\u00eancias meio jocosas da vida laboral da extens\u00e3o rural, pintara aqui na Capitania dos Ilh\u00e9us e de modo imprevisto. \u00a0Resolvemos ent\u00e3o retroceder um pouco mais no tempo e continuar com as recorda\u00e7\u00f5es. Ao ingressar na Ceplac (revivendo, era um \u00f3rg\u00e3o que retendo via lei 15% da produ\u00e7\u00e3o do cacau brasileiro, [&hellip;]<\/p>\n","protected":false},"author":2,"featured_media":0,"comment_status":"open","ping_status":"open","sticky":false,"template":"","format":"standard","meta":{"_links_to":"","_links_to_target":""},"categories":[10],"tags":[],"_links":{"self":[{"href":"https:\/\/www.r2cpress.com.br\/v1\/wp-json\/wp\/v2\/posts\/89720"}],"collection":[{"href":"https:\/\/www.r2cpress.com.br\/v1\/wp-json\/wp\/v2\/posts"}],"about":[{"href":"https:\/\/www.r2cpress.com.br\/v1\/wp-json\/wp\/v2\/types\/post"}],"author":[{"embeddable":true,"href":"https:\/\/www.r2cpress.com.br\/v1\/wp-json\/wp\/v2\/users\/2"}],"replies":[{"embeddable":true,"href":"https:\/\/www.r2cpress.com.br\/v1\/wp-json\/wp\/v2\/comments?post=89720"}],"version-history":[{"count":2,"href":"https:\/\/www.r2cpress.com.br\/v1\/wp-json\/wp\/v2\/posts\/89720\/revisions"}],"predecessor-version":[{"id":89722,"href":"https:\/\/www.r2cpress.com.br\/v1\/wp-json\/wp\/v2\/posts\/89720\/revisions\/89722"}],"wp:attachment":[{"href":"https:\/\/www.r2cpress.com.br\/v1\/wp-json\/wp\/v2\/media?parent=89720"}],"wp:term":[{"taxonomy":"category","embeddable":true,"href":"https:\/\/www.r2cpress.com.br\/v1\/wp-json\/wp\/v2\/categories?post=89720"},{"taxonomy":"post_tag","embeddable":true,"href":"https:\/\/www.r2cpress.com.br\/v1\/wp-json\/wp\/v2\/tags?post=89720"}],"curies":[{"name":"wp","href":"https:\/\/api.w.org\/{rel}","templated":true}]}}