{"id":89729,"date":"2014-12-18T17:10:45","date_gmt":"2014-12-18T20:10:45","guid":{"rendered":"http:\/\/www.r2cpress.com.br\/v1\/?p=89729"},"modified":"2014-12-18T17:13:01","modified_gmt":"2014-12-18T20:13:01","slug":"credenciamento-para-posse-do-governador-eleito-da-bahia-rui-costa","status":"publish","type":"post","link":"https:\/\/www.r2cpress.com.br\/v1\/2014\/12\/18\/credenciamento-para-posse-do-governador-eleito-da-bahia-rui-costa\/","title":{"rendered":"Credenciamento para posse do governador eleito da Bahia, Rui Costa"},"content":{"rendered":"<p>A solicita\u00e7\u00e3o de credenciamento deve ser feita at\u00e9 o dia 26\/12. A entrega das credenciais ser\u00e1 nos dias 29 e 30<\/p>\n<p>Os \u00f3rg\u00e3os de imprensa interessados na cobertura da cerim\u00f4nia de posse do governador eleito da Bahia, Rui Costa, devem credenciar seus profissionais (rep\u00f3rter, rep\u00f3rter cinematogr\u00e1fico, rep\u00f3rter fotogr\u00e1fico, radialista, t\u00e9cnicos e auxiliares) at\u00e9 o dia 26 de dezembro de 2014. O credenciamento ser\u00e1 feito atrav\u00e9s do envio dos dados dos profissionais para o endere\u00e7o de e-mail: <a href=\"mailto:credenciamento@alba.ba.gov.br\" target=\"_blank\">credenciamento@alba.ba.gov.br<\/a>, com as seguintes informa\u00e7\u00f5es: ve\u00edculo, nome completo, profiss\u00e3o e RG.<\/p>\n<p align=\"left\">Ap\u00f3s enviar a solicita\u00e7\u00e3o de credenciamento com as informa\u00e7\u00f5es solicitadas, o profissional deve aguardar a confirma\u00e7\u00e3o de recebimento da mensagem.\u00a0As credenciais ser\u00e3o entregues nos dias 29 e 30 de dezembro, das 9h \u00e0s 18h, no Comit\u00ea de Imprensa da Assembleia Legislativa da Bahia. A cerim\u00f4nia de posse do governador ser\u00e1 realizada no dia 1\u00ba de janeiro de 2015, \u00e0s 8 horas, na Assembleia Legislativa.<\/p>\n","protected":false},"excerpt":{"rendered":"<p>A solicita\u00e7\u00e3o de credenciamento deve ser feita at\u00e9 o dia 26\/12. A entrega das credenciais ser\u00e1 nos dias 29 e 30 Os \u00f3rg\u00e3os de imprensa interessados na cobertura da cerim\u00f4nia de posse do governador eleito da Bahia, Rui Costa, devem credenciar seus profissionais (rep\u00f3rter, rep\u00f3rter cinematogr\u00e1fico, rep\u00f3rter fotogr\u00e1fico, radialista, t\u00e9cnicos e auxiliares) at\u00e9 o dia [&hellip;]<\/p>\n","protected":false},"author":2,"featured_media":0,"comment_status":"open","ping_status":"open","sticky":false,"template":"","format":"standard","meta":{"_links_to":"","_links_to_target":""},"categories":[29],"tags":[],"_links":{"self":[{"href":"https:\/\/www.r2cpress.com.br\/v1\/wp-json\/wp\/v2\/posts\/89729"}],"collection":[{"href":"https:\/\/www.r2cpress.com.br\/v1\/wp-json\/wp\/v2\/posts"}],"about":[{"href":"https:\/\/www.r2cpress.com.br\/v1\/wp-json\/wp\/v2\/types\/post"}],"author":[{"embeddable":true,"href":"https:\/\/www.r2cpress.com.br\/v1\/wp-json\/wp\/v2\/users\/2"}],"replies":[{"embeddable":true,"href":"https:\/\/www.r2cpress.com.br\/v1\/wp-json\/wp\/v2\/comments?post=89729"}],"version-history":[{"count":2,"href":"https:\/\/www.r2cpress.com.br\/v1\/wp-json\/wp\/v2\/posts\/89729\/revisions"}],"predecessor-version":[{"id":89731,"href":"https:\/\/www.r2cpress.com.br\/v1\/wp-json\/wp\/v2\/posts\/89729\/revisions\/89731"}],"wp:attachment":[{"href":"https:\/\/www.r2cpress.com.br\/v1\/wp-json\/wp\/v2\/media?parent=89729"}],"wp:term":[{"taxonomy":"category","embeddable":true,"href":"https:\/\/www.r2cpress.com.br\/v1\/wp-json\/wp\/v2\/categories?post=89729"},{"taxonomy":"post_tag","embeddable":true,"href":"https:\/\/www.r2cpress.com.br\/v1\/wp-json\/wp\/v2\/tags?post=89729"}],"curies":[{"name":"wp","href":"https:\/\/api.w.org\/{rel}","templated":true}]}}