{"id":89737,"date":"2014-12-18T18:05:11","date_gmt":"2014-12-18T21:05:11","guid":{"rendered":"http:\/\/www.r2cpress.com.br\/v1\/?p=89737"},"modified":"2014-12-18T23:12:02","modified_gmt":"2014-12-19T02:12:02","slug":"as-dificuldades-do-alcaide","status":"publish","type":"post","link":"https:\/\/www.r2cpress.com.br\/v1\/2014\/12\/18\/as-dificuldades-do-alcaide\/","title":{"rendered":"AS DIFICULDADES DO ALCAIDE"},"content":{"rendered":"<p><img loading=\"lazy\" class=\"alignright\" src=\"http:\/\/www.r2cpress.com.br\/v1\/wp-content\/uploads\/zecarlos-r2cpress_reduzida.jpg\" alt=\"\" width=\"300\" height=\"207\" \/>Este ano que est\u00e1 se encerrando, deixa para todos uma li\u00e7\u00e3o muito importante, principalmente para aqueles que se acham o bambam da situa\u00e7\u00e3o e saem por a\u00ed alardeando feitos e bravatas.<\/p>\n<p>Veja o caso do nosso alcaide, passou o ano inteiro a divulgar aqui, ali e acol\u00e1 a sua agenda dos projetos que est\u00e3o para ser realizados em nossa bela e sofrida cidade.<\/p>\n<p>Aqui no <strong>R2CPRESS<\/strong>, tive o cuidado de sempre alertar sobre o excesso de otimismo praticado pelo alcaide.<\/p>\n<p>Os ventos de uma hora pra outra tomaram nova dire\u00e7\u00e3o, notadamente l\u00e1 pelos lados da capital federal, e a coisa pode respingar para o nosso lado e j\u00e1 est\u00e1 respingando.<\/p>\n<p>Algumas coisas poder\u00e3o vir, mas teremos que ter bastante paci\u00eancia, e muitos n\u00e3o poder\u00e3o sequer participar da inaugura\u00e7\u00e3o.<\/p>\n<p>Ainda bem que o nosso alcaide j\u00e1 sentiu o drama e parou de dar entrevistas sobre a sua poderosa agenda, que por sinal j\u00e1 estava ficando sem sentido e sem gra\u00e7a.<\/p>\n<p>Agora senhor alcaide \u00e9 procurar colocar em pauta a nossa agenda do dia a dia da cidade, e esta agenda vosmic\u00ea j\u00e1 est\u00e1 cansado de saber e fica fazendo pirra\u00e7a, pois s\u00f3 lhe interessa as coisas que fa\u00e7am bem ao seu ego e a sua vaidade.<\/p>\n<p>Segundo as m\u00e1s l\u00ednguas, dizem por a\u00ed que o senhor mora l\u00e1 pros lado da Zona Norte, ainda bem, pois com certeza suas idas e vindas est\u00e3o tamb\u00e9m estragando o seu ve\u00edculo, caso seja de sua propriedade, e acredito que a sua vis\u00e3o, mesmo usando \u00f3culos, dar para ver os milhares de buracos e as dificuldades de chegar at\u00e9 ao centro.<\/p>\n<p>Como o senhor se sente com essa situa\u00e7\u00e3o? E o recapeamento eleitoreiro?<\/p>\n<p>Senhor alcaide! Tenho alguma d\u00favida sobre esse amor exagerado que demonstra por Ilh\u00e9us, ou estou errado?<\/p>\n<p><strong>N\u00e3o aguento esta afirma\u00e7\u00e3o, mas vou repetir: \u201cFoi um compromisso de campanha, \u00e9 um compromisso de governo e \u00e9 um compromisso com a minha vida\u201d. Jabes Ribeiro.<\/strong><\/p>\n<p>Obrigado. Com licen\u00e7a.<\/p>\n<p><strong>Z\u00c9CARLOS JUNIOR<\/strong><\/p>\n","protected":false},"excerpt":{"rendered":"<p>Este ano que est\u00e1 se encerrando, deixa para todos uma li\u00e7\u00e3o muito importante, principalmente para aqueles que se acham o bambam da situa\u00e7\u00e3o e saem por a\u00ed alardeando feitos e bravatas. Veja o caso do nosso alcaide, passou o ano inteiro a divulgar aqui, ali e acol\u00e1 a sua agenda dos projetos que est\u00e3o para [&hellip;]<\/p>\n","protected":false},"author":2,"featured_media":0,"comment_status":"open","ping_status":"open","sticky":false,"template":"","format":"standard","meta":{"_links_to":"","_links_to_target":""},"categories":[10],"tags":[],"_links":{"self":[{"href":"https:\/\/www.r2cpress.com.br\/v1\/wp-json\/wp\/v2\/posts\/89737"}],"collection":[{"href":"https:\/\/www.r2cpress.com.br\/v1\/wp-json\/wp\/v2\/posts"}],"about":[{"href":"https:\/\/www.r2cpress.com.br\/v1\/wp-json\/wp\/v2\/types\/post"}],"author":[{"embeddable":true,"href":"https:\/\/www.r2cpress.com.br\/v1\/wp-json\/wp\/v2\/users\/2"}],"replies":[{"embeddable":true,"href":"https:\/\/www.r2cpress.com.br\/v1\/wp-json\/wp\/v2\/comments?post=89737"}],"version-history":[{"count":1,"href":"https:\/\/www.r2cpress.com.br\/v1\/wp-json\/wp\/v2\/posts\/89737\/revisions"}],"predecessor-version":[{"id":89738,"href":"https:\/\/www.r2cpress.com.br\/v1\/wp-json\/wp\/v2\/posts\/89737\/revisions\/89738"}],"wp:attachment":[{"href":"https:\/\/www.r2cpress.com.br\/v1\/wp-json\/wp\/v2\/media?parent=89737"}],"wp:term":[{"taxonomy":"category","embeddable":true,"href":"https:\/\/www.r2cpress.com.br\/v1\/wp-json\/wp\/v2\/categories?post=89737"},{"taxonomy":"post_tag","embeddable":true,"href":"https:\/\/www.r2cpress.com.br\/v1\/wp-json\/wp\/v2\/tags?post=89737"}],"curies":[{"name":"wp","href":"https:\/\/api.w.org\/{rel}","templated":true}]}}