{"id":8975,"date":"2011-02-19T09:01:10","date_gmt":"2011-02-19T12:01:10","guid":{"rendered":"http:\/\/www.r2cpress.com.br\/v1\/?p=8975"},"modified":"2011-02-19T09:01:10","modified_gmt":"2011-02-19T12:01:10","slug":"salvador-baianas-de-acaraje-terao-que-deixar-as-praias","status":"publish","type":"post","link":"https:\/\/www.r2cpress.com.br\/v1\/2011\/02\/19\/salvador-baianas-de-acaraje-terao-que-deixar-as-praias\/","title":{"rendered":"Salvador \/ BAIANAS DE ACARAJ\u00c9 TER\u00c3O QUE DEIXAR AS PRAIAS"},"content":{"rendered":"<p>N\u00e3o bastasse os problemas ocasionados pela retirada das barracas das praias de Salvador, mais uma decis\u00e3o pol\u00eamica ter\u00e1 fortes conseq\u00fc\u00eancias na capital baiana: a retirada dos tabuleiros das baianas de acaraj\u00e9 das praias. A titular da Superintend\u00eancia do Patrim\u00f4nio da Uni\u00e3o (SPU) na Bahia, Ana Vila Boas, justificou que a lei federal de gerenciamento costeiro n\u00e3o permite a ocupa\u00e7\u00e3o cotidiana das areias para o com\u00e9rcio. De acordo com a presidente da Associa\u00e7\u00e3o de Baianas de Acaraj\u00e9, Mingau, Receptivo e Similares do Estado da Bahia (Abam), Rita dos Santos, a decis\u00e3o prejudica cerca de 650 baianas que hoje atuam nas areias de Salvador \u2013 de S\u00e3o Tom\u00e9 de Paripe \u00e0 Praia do Flamengo. A SPU divulgou que s\u00f3 vai se posicionar sobre a decis\u00e3o caso provocada pelo munic\u00edpio. Mas, conforme Ana Vila Boas, o \u00f3rg\u00e3o dever\u00e1 agendar uma reuni\u00e3o para encontrar alternativas de acomoda\u00e7\u00e3o das baianas que est\u00e3o atuando nas praias com licen\u00e7a municipal. Ao A Tarde, Ana explicou que a comercializa\u00e7\u00e3o deve ser coordenada pelo munic\u00edpio, e a estrutura das baianas, ajustada nas cal\u00e7adas. O titular da Sesp,  Ocimar Torres, j\u00e1 afirmou que vai seguir a recomenda\u00e7\u00e3o da Procuradoria Geral do Munic\u00edpio (PGM) com rela\u00e7\u00e3o \u00e0s baianas que n\u00e3o possuem licen\u00e7a. \u201cA fiscaliza\u00e7\u00e3o vai acontecer e vamos notificar\u201d, afirmou. Eis mais um problema para a prefeitura de Salvador, que ainda colhe os amargos frutos da derrubada das barracas.<\/p>\n<p>&#8212;<br \/>\n<a href = \"http:\/\/www.bahianoticias.com.br\/noticias\/noticia\/2011\/02\/19\/86679,baianas-de-acaraje-terao-que-deixar-as-praias.html\" target = \"_news\"><b>BAHIA NOT\u00cdCIAS<\/b><\/a><\/p>\n","protected":false},"excerpt":{"rendered":"<p>N\u00e3o bastasse os problemas ocasionados pela retirada das barracas das praias de Salvador, mais uma decis\u00e3o pol\u00eamica ter\u00e1 fortes conseq\u00fc\u00eancias na capital baiana: a retirada dos tabuleiros das baianas de acaraj\u00e9 das praias. A titular da Superintend\u00eancia do Patrim\u00f4nio da Uni\u00e3o (SPU) na Bahia, Ana Vila Boas, justificou que a lei federal de gerenciamento costeiro [&hellip;]<\/p>\n","protected":false},"author":2,"featured_media":0,"comment_status":"open","ping_status":"open","sticky":false,"template":"","format":"standard","meta":{"_links_to":"","_links_to_target":""},"categories":[13],"tags":[],"_links":{"self":[{"href":"https:\/\/www.r2cpress.com.br\/v1\/wp-json\/wp\/v2\/posts\/8975"}],"collection":[{"href":"https:\/\/www.r2cpress.com.br\/v1\/wp-json\/wp\/v2\/posts"}],"about":[{"href":"https:\/\/www.r2cpress.com.br\/v1\/wp-json\/wp\/v2\/types\/post"}],"author":[{"embeddable":true,"href":"https:\/\/www.r2cpress.com.br\/v1\/wp-json\/wp\/v2\/users\/2"}],"replies":[{"embeddable":true,"href":"https:\/\/www.r2cpress.com.br\/v1\/wp-json\/wp\/v2\/comments?post=8975"}],"version-history":[{"count":2,"href":"https:\/\/www.r2cpress.com.br\/v1\/wp-json\/wp\/v2\/posts\/8975\/revisions"}],"predecessor-version":[{"id":8977,"href":"https:\/\/www.r2cpress.com.br\/v1\/wp-json\/wp\/v2\/posts\/8975\/revisions\/8977"}],"wp:attachment":[{"href":"https:\/\/www.r2cpress.com.br\/v1\/wp-json\/wp\/v2\/media?parent=8975"}],"wp:term":[{"taxonomy":"category","embeddable":true,"href":"https:\/\/www.r2cpress.com.br\/v1\/wp-json\/wp\/v2\/categories?post=8975"},{"taxonomy":"post_tag","embeddable":true,"href":"https:\/\/www.r2cpress.com.br\/v1\/wp-json\/wp\/v2\/tags?post=8975"}],"curies":[{"name":"wp","href":"https:\/\/api.w.org\/{rel}","templated":true}]}}