{"id":89806,"date":"2014-12-19T22:00:32","date_gmt":"2014-12-20T01:00:32","guid":{"rendered":"http:\/\/www.r2cpress.com.br\/v1\/?p=89806"},"modified":"2014-12-19T22:00:32","modified_gmt":"2014-12-20T01:00:32","slug":"psicomundo-a-ignorancia-e-uma-das-maiores-pobrezas-i","status":"publish","type":"post","link":"https:\/\/www.r2cpress.com.br\/v1\/2014\/12\/19\/psicomundo-a-ignorancia-e-uma-das-maiores-pobrezas-i\/","title":{"rendered":"PSICOMUNDO &#8211; A IGNOR\u00c2NCIA \u00c9 UMA DAS MAIORES POBREZAS (I)"},"content":{"rendered":"<p><img loading=\"lazy\" class=\"alignleft\" src=\"http:\/\/www.r2cpress.com.br\/v1\/wp-content\/uploads\/eduardo-afondo-cortado_150.jpg\" alt=\"\" width=\"150\" height=\"154\" \/>Os homens continuam se martirizando e destinando a sua imaturidade atrav\u00e9s dos nefastos males que praticam na face da Terra. O desconhecimento da origem da cria\u00e7\u00e3o da exist\u00eancia da humanidade em sua plena liga\u00e7\u00e3o com um Ser Superior, pela mal\u00e9fica ignor\u00e2ncia, vem perdendo o relacionamento e o sentido da continuidade das suas metas e qualidades humanas, tornando assunto de vital import\u00e2ncia na vida em sociedade. Ser\u00e1 que a ignor\u00e2ncia \u201cprovoca crises, podendo ocorrer com as pessoas e pa\u00edses criando progressos\u201d? Assim, perguntamos: a ignor\u00e2ncia nos faz mal ou bem.<\/p>\n<p>O mundo diante de inusitadas transforma\u00e7\u00f5es nos deixa marcas de tanta criatividade. H\u00e1 necessidade da calma em momentos de d\u00favidas, pois o desconhecimento das coisas obriga-nos aos inevit\u00e1veis decl\u00ednios de desaten\u00e7\u00f5es, provocando o surgimento de in\u00fameras ang\u00fastias sociais. Quando entramos no fluxo da ignor\u00e2ncia, estamos em fases de conflitos! Somos incrivelmente atra\u00eddos por grandes descobertas e nascem vagas decis\u00f5es em nossa ansiedade, passando por estado positivo ou negativo. Estamos alimentados por momentos importantes de supera\u00e7\u00f5es, no entanto, somente quem supera com intelig\u00eancia a crise de tanta ignor\u00e2ncia, com certeza est\u00e1 superando a si mesmo.<\/p>\n<p><!--more--><\/p>\n<p>A viol\u00eancia de muitas pessoas, por exemplo, quando est\u00e3o diante de fracassos e pen\u00farias ou extrema mis\u00e9ria, necessitam de coragem e determina\u00e7\u00e3o para n\u00e3o deixar que a vida seja violentada pelo seu pr\u00f3prio talento. Devemos notar os espa\u00e7os ligados ao desenvolvimento humano a fim de dirimir os vitais problemas e erradicar com s\u00e1bias solu\u00e7\u00f5es as dificuldades que surgem pela verdadeira crise da pr\u00f3pria incompet\u00eancia de visualizar os desafios, pois a vida \u00e9 uma rotina e nada mais. Existem pessoas que dizem: \u201cser ignorante n\u00e3o \u00e9 t\u00e3o tr\u00e1gico, \u00e9 uma ben\u00e7\u00e3o\u201d! Olhando bem, vale salientar que: \u201c<em>Se voc\u00ea n\u00e3o sabe o que n\u00e3o \u00e9 poss\u00edvel, ent\u00e3o tudo \u00e9 poss\u00edvel\u201d? O certo \u00e9 que <\/em>a intelig\u00eancia jamais combinar\u00e1 com a ignor\u00e2ncia. O que fazer com as impropriedades atribu\u00eddas \u00e0 ignor\u00e2ncia?<\/p>\n<p>Por muitos anos tenho visto e ouvido tantas pessoas propalarem que a ignor\u00e2ncia \u00e9 uma das maiores pobrezas! Em an\u00e1lise adjetiva e substantiva \u00e9 \u201cum estado de quem n\u00e3o est\u00e1 a par da exist\u00eancia ou ocorr\u00eancia de algo\u201d. Caracterizando melhor, passa a ser um \u201cestado de quem n\u00e3o tem conhecimento, cultura, por falta de estudo, experi\u00eancia ou pr\u00e1tica\u201d. E n\u00e3o podemos deixar de verificar que essa \u00e9 uma dura e real verdade que precisamos analisar todos os dias e medir as suas consequ\u00eancias.<\/p>\n<p>O mundo est\u00e1 marginalizado e cheio de tantos atributos relacionados \u00e0 aus\u00eancia de bom senso humano. Possuem enormes contingentes de pessoas vivendo a falta de iniciativa, desligados das convic\u00e7\u00f5es de que nasceram para servi\u00e7os \u00fateis. Desconhecem que foram livremente predeterminados para o \u00e1rduo trabalho da constru\u00e7\u00e3o de um mundo bom. Seria a predomin\u00e2ncia da ignor\u00e2ncia que projetou a aus\u00eancia das necessidades de associa\u00e7\u00f5es? \u00a0Quanta gente ignora o que representa as suas reais qualidades e quais as raz\u00f5es de sua exist\u00eancia na face da Terra? Assim, alguns permanecem vivendo nos conchavos merit\u00f3rios esperando uma exist\u00eancia sempre de forma marota!<\/p>\n<p>Os chamados pais da ignor\u00e2ncia, relacionada \u00e0 pobreza humana, aliados aos homens p\u00fablicos enganadores que fazem da pol\u00edtica a riqueza material, continuam as suas f\u00fanebres escaladas, caracterizadas por a\u00e7\u00f5es indigestas dos pol\u00edticos. Quantos governantes procuram incitar a perman\u00eancia de tantas criaturas a insistirem em lutas vision\u00e1rias do analfabetismo cruel, da ignor\u00e2ncia! Provocam desordenadamente as vis\u00edveis necessidades do povo, os quais diariamente vivem vegetando e se transformando perante sua extrema e radical ansiedade de n\u00e3o acordar para usufruir os sentidos da vida. S\u00e3o muitos os que desfalecem espalhados com indigentes pelas ruas do nosso mundo a fora. Os famigerados pol\u00edticos profissionais fazem de atos inver\u00eddicos o seu quartel general e continuam soltos em nosso pa\u00eds, mesmo sabendo que um cobertor de mentiras \u00e9 muito curto para cobrir muita gente carente de justi\u00e7a e lealdade! <strong>PENSEM NISSO!!! <\/strong><\/p>\n<p><strong>Eduardo Afonso &#8211; Ilh\u00e9us-Bahia<\/strong><\/p>\n","protected":false},"excerpt":{"rendered":"<p>Os homens continuam se martirizando e destinando a sua imaturidade atrav\u00e9s dos nefastos males que praticam na face da Terra. O desconhecimento da origem da cria\u00e7\u00e3o da exist\u00eancia da humanidade em sua plena liga\u00e7\u00e3o com um Ser Superior, pela mal\u00e9fica ignor\u00e2ncia, vem perdendo o relacionamento e o sentido da continuidade das suas metas e qualidades [&hellip;]<\/p>\n","protected":false},"author":2,"featured_media":0,"comment_status":"open","ping_status":"open","sticky":false,"template":"","format":"standard","meta":{"_links_to":"","_links_to_target":""},"categories":[10],"tags":[],"_links":{"self":[{"href":"https:\/\/www.r2cpress.com.br\/v1\/wp-json\/wp\/v2\/posts\/89806"}],"collection":[{"href":"https:\/\/www.r2cpress.com.br\/v1\/wp-json\/wp\/v2\/posts"}],"about":[{"href":"https:\/\/www.r2cpress.com.br\/v1\/wp-json\/wp\/v2\/types\/post"}],"author":[{"embeddable":true,"href":"https:\/\/www.r2cpress.com.br\/v1\/wp-json\/wp\/v2\/users\/2"}],"replies":[{"embeddable":true,"href":"https:\/\/www.r2cpress.com.br\/v1\/wp-json\/wp\/v2\/comments?post=89806"}],"version-history":[{"count":3,"href":"https:\/\/www.r2cpress.com.br\/v1\/wp-json\/wp\/v2\/posts\/89806\/revisions"}],"predecessor-version":[{"id":89809,"href":"https:\/\/www.r2cpress.com.br\/v1\/wp-json\/wp\/v2\/posts\/89806\/revisions\/89809"}],"wp:attachment":[{"href":"https:\/\/www.r2cpress.com.br\/v1\/wp-json\/wp\/v2\/media?parent=89806"}],"wp:term":[{"taxonomy":"category","embeddable":true,"href":"https:\/\/www.r2cpress.com.br\/v1\/wp-json\/wp\/v2\/categories?post=89806"},{"taxonomy":"post_tag","embeddable":true,"href":"https:\/\/www.r2cpress.com.br\/v1\/wp-json\/wp\/v2\/tags?post=89806"}],"curies":[{"name":"wp","href":"https:\/\/api.w.org\/{rel}","templated":true}]}}