{"id":89909,"date":"2014-12-23T15:42:08","date_gmt":"2014-12-23T18:42:08","guid":{"rendered":"http:\/\/www.r2cpress.com.br\/v1\/?p=89909"},"modified":"2014-12-23T15:42:08","modified_gmt":"2014-12-23T18:42:08","slug":"secretario-de-saude-de-ilheus-faz-balanco-e-destaca-pagamento-em-dia-aos-hospitais-e-laboratorios","status":"publish","type":"post","link":"https:\/\/www.r2cpress.com.br\/v1\/2014\/12\/23\/secretario-de-saude-de-ilheus-faz-balanco-e-destaca-pagamento-em-dia-aos-hospitais-e-laboratorios\/","title":{"rendered":"Secret\u00e1rio de Sa\u00fade de Ilh\u00e9us faz balan\u00e7o e destaca pagamento em dia aos hospitais e laborat\u00f3rios"},"content":{"rendered":"<p>O secret\u00e1rio Ant\u00f4nio Ock\u00e9 se reuniu com os prestadores de servi\u00e7o e destacou a\u00e7\u00f5es voltadas para assegurar o atendimento \u00e0 popula\u00e7\u00e3o.<br \/>\n<div id=\"attachment_89910\" style=\"width: 560px\" class=\"wp-caption aligncenter\"><a href=\"http:\/\/www.r2cpress.com.br\/v1\/wp-content\/uploads\/2014\/12\/Secret\u00e1rio-de-Sa\u00fade-Ant\u00f4nio-Ock\u00e9-Foto-Gidelzo-Silva-Secom-Ilh\u00e9us.jpg\"><img aria-describedby=\"caption-attachment-89910\" loading=\"lazy\" src=\"http:\/\/www.r2cpress.com.br\/v1\/wp-content\/uploads\/2014\/12\/Secret\u00e1rio-de-Sa\u00fade-Ant\u00f4nio-Ock\u00e9-Foto-Gidelzo-Silva-Secom-Ilh\u00e9us.jpg\" alt=\"Secret\u00e1rio de Sa\u00fade, Ant\u00f4nio Ock\u00e9 - Foto Gidelzo Silva (Secom Ilh\u00e9us).\" width=\"550\" height=\"367\" class=\"size-full wp-image-89910\" srcset=\"https:\/\/www.r2cpress.com.br\/v1\/wp-content\/uploads\/2014\/12\/Secret\u00e1rio-de-Sa\u00fade-Ant\u00f4nio-Ock\u00e9-Foto-Gidelzo-Silva-Secom-Ilh\u00e9us.jpg 550w, https:\/\/www.r2cpress.com.br\/v1\/wp-content\/uploads\/2014\/12\/Secret\u00e1rio-de-Sa\u00fade-Ant\u00f4nio-Ock\u00e9-Foto-Gidelzo-Silva-Secom-Ilh\u00e9us-300x200.jpg 300w\" sizes=\"(max-width: 550px) 100vw, 550px\" \/><\/a><p id=\"caption-attachment-89910\" class=\"wp-caption-text\">Secret\u00e1rio de Sa\u00fade, Ant\u00f4nio Ock\u00e9 &#8211; Foto Gidelzo Silva (Secom Ilh\u00e9us).<\/p><\/div>  A Secretaria de Sa\u00fade de Ilh\u00e9us (Sesau) promoveu, na tarde de ontem,  dia 22, um encontro os prestadores de servi\u00e7o do setor privado, na sede da secretaria, no Bairro Cidade Nova, para uma avalia\u00e7\u00e3o das a\u00e7\u00f5es voltadas para assegurar o atendimento \u00e0 popula\u00e7\u00e3o. Na oportunidade, o secret\u00e1rio Ant\u00f4nio Ock\u00e9 apresentou um balan\u00e7o de atividades durante o ano de 2014, no qual destacou as dificuldades encontradas, os avan\u00e7os obtidos em v\u00e1rios setores da sa\u00fade, e o pagamento em dia dos prestadores de servi\u00e7os, no sentido de garantir a assist\u00eancia aos pacientes, conforme determina\u00e7\u00e3o do prefeito Jabes Ribeiro.<\/p>\n<p>O secret\u00e1rio discorreu sobre a\u00e7\u00f5es importantes para a comunidade, como a aquisi\u00e7\u00e3o de novas ambul\u00e2ncias e equipamentos para o Samu; inaugura\u00e7\u00e3o da nova Central de Regula\u00e7\u00e3o, no Bairro do Malhado; aquisi\u00e7\u00e3o de v\u00e1rios ve\u00edculos para atender aos programas permanenetes; contrata\u00e7\u00e3o de servi\u00e7os de sa\u00fade atrav\u00e9s de chamamento p\u00fablico; sele\u00e7\u00e3o simplificada para contrata\u00e7\u00e3o de novos profissionais; aumento significativo na aquisi\u00e7\u00e3o de rem\u00e9dios; participa\u00e7\u00e3o efetiva em todas as campanhas nacionais de vacina\u00e7\u00e3o, e inaugura\u00e7\u00e3o da nova sede do CAPS na Pra\u00e7a Flor\u00eancio Gomes, no Centro.<\/p>\n<p><!--more--><\/p>\n<p>Al\u00e9m disso, destacou a realiza\u00e7\u00e3o de mutir\u00f5es de Resson\u00e2ncia Magn\u00e9tica e de Tomografia, campanhas do Outubro Rosa e Novembro Azul; abertura do Posto de Atendimento da Dengue; realiza\u00e7\u00e3o de cirurgias eletivas; reforma do Centro de Especializa\u00e7\u00e3o Odontol\u00f3gica (CEO); realiza\u00e7\u00e3o do Programa Sa\u00fade em Movimento, em combate \u00e0 catarata; aprova\u00e7\u00e3o pelo Conselho Municipal de Sa\u00fade para a contrata\u00e7\u00e3o de novos procedimentos e realiza\u00e7\u00f5es de cirurgias eletivas com tabelas diferenciadas.<\/p>\n<p>O encontro contou com a participa\u00e7\u00e3o do Provedor Eus\u00ednio Lavigne Gesteira e da diretora Naide Silveira, da Santa Casa de Miseric\u00f3rdia de Ilh\u00e9us\/Hospital S\u00e3o Jos\u00e9; Jorge Viana, diretor do Hospital S\u00e3o Jorge; Aldemir Almeida, diretor da COCI; Carlos Santos Fagundes, diretor da SACRO; Alessandra Nogueira, diretora do CENOE; Jabes Dantas, diretor da COTI, al\u00e9m dos representantes do Conselho Municipal de Sa\u00fade, Fred Oliveira e Dyala Magalh\u00e3es.<\/p>\n<p>Primeiro a se pronunciar, o Provedor Eus\u00ednio Lavigne fez quest\u00e3o de ressaltar o apoio recebido pela Sesau durante todo o ano. A diretora da Santa Casa, Naide Silveira, ressaltou que, \u201cfelizmente, a institui\u00e7\u00e3o conseguiu arcar com seus compromissos, pois conseguimos pagar o d\u00e9cimo terceiro, j\u00e1 quitamos o sal\u00e1rio do m\u00eas de dezembro, e esperamos que consigamos manter este n\u00edvel\u201d. O diretor da Casa de Sa\u00fade S\u00e3o Jorge, Jorge Viana, ratificou o pronunciamento dos diretores da Santa Casa de Ilh\u00e9us.<\/p>\n<p>Reformas \u2013 No que se refere a obras de reforma e amplia\u00e7\u00e3o das unidades de sa\u00fade, Ant\u00f4nio Ock\u00e9 ressaltou as que j\u00e1 foram totalmente reequipadas e as que est\u00e3o em fase final: Unidades de Sa\u00fade da Fam\u00edlia (USF) do Nossa Senhora da Vit\u00f3ria (I, II e III), Bas\u00edlio (I e II), Ilh\u00e9us II, Herval Soledade, Banco da Vit\u00f3ria, e Teot\u00f4nio Vilela III e IV; o Centro de Sa\u00fade Euler \u00c1zaro, tamb\u00e9m no Vilela; a Farm\u00e1cia Popular; os postos de sa\u00fade de Aritagu\u00e1, Santo Ant\u00f4nio, Vila Cachoeira, Vila Ol\u00edmpio, Couto e Juerana, assim como a unidade b\u00e1sica de sa\u00fade do Iguape.<\/p>\n<p>\u201cAcreditamos que conseguimos promover v\u00e1rios avan\u00e7os numa \u00e1rea que foi encontrada praticamente sucateada pelo prefeito Jabes Ribeiro,  e quase sem a m\u00ednima condi\u00e7\u00e3o de oferecer atendimentos dignos \u00e0 popula\u00e7\u00e3o em geral\u201d, afirmou Ant\u00f4nio Ock\u00e9. Conforme salientou, mesmo com as p\u00e9ssimas not\u00edcias advindas do governo federal, que decidiu cortar 50 bilh\u00f5es de reais no or\u00e7amento 2015 destinado \u00e1 sa\u00fade, \u201cvamos continuar enfrentando as intemp\u00e9ries, driblando as dificuldades, para que no final do pr\u00f3ximo ano possamos novamente comemorar os avan\u00e7os\u201d, finalizou.<\/p>\n<p>Tamb\u00e9m estavam presentes os laboratoristas Hugo Magalh\u00e3es e D\u00e9lio Santiago; Josu\u00e9 Gon\u00e7alves Lins, do Laborat\u00f3rio Sousa Lins; Hila Zanelli, da Biolife; Maria Aparecida, da Nossa Cl\u00ednica, e Luciene Cerqueira, do Laborat\u00f3rio de Fitopalogia, entre outros.<\/p>\n<p>&#8212;<br \/>\nSecretaria de Comunica\u00e7\u00e3o Social (Secom)<\/p>\n","protected":false},"excerpt":{"rendered":"<p>O secret\u00e1rio Ant\u00f4nio Ock\u00e9 se reuniu com os prestadores de servi\u00e7o e destacou a\u00e7\u00f5es voltadas para assegurar o atendimento \u00e0 popula\u00e7\u00e3o. A Secretaria de Sa\u00fade de Ilh\u00e9us (Sesau) promoveu, na tarde de ontem, dia 22, um encontro os prestadores de servi\u00e7o do setor privado, na sede da secretaria, no Bairro Cidade Nova, para uma avalia\u00e7\u00e3o [&hellip;]<\/p>\n","protected":false},"author":2,"featured_media":0,"comment_status":"open","ping_status":"open","sticky":false,"template":"","format":"standard","meta":{"_links_to":"","_links_to_target":""},"categories":[23],"tags":[],"_links":{"self":[{"href":"https:\/\/www.r2cpress.com.br\/v1\/wp-json\/wp\/v2\/posts\/89909"}],"collection":[{"href":"https:\/\/www.r2cpress.com.br\/v1\/wp-json\/wp\/v2\/posts"}],"about":[{"href":"https:\/\/www.r2cpress.com.br\/v1\/wp-json\/wp\/v2\/types\/post"}],"author":[{"embeddable":true,"href":"https:\/\/www.r2cpress.com.br\/v1\/wp-json\/wp\/v2\/users\/2"}],"replies":[{"embeddable":true,"href":"https:\/\/www.r2cpress.com.br\/v1\/wp-json\/wp\/v2\/comments?post=89909"}],"version-history":[{"count":2,"href":"https:\/\/www.r2cpress.com.br\/v1\/wp-json\/wp\/v2\/posts\/89909\/revisions"}],"predecessor-version":[{"id":89912,"href":"https:\/\/www.r2cpress.com.br\/v1\/wp-json\/wp\/v2\/posts\/89909\/revisions\/89912"}],"wp:attachment":[{"href":"https:\/\/www.r2cpress.com.br\/v1\/wp-json\/wp\/v2\/media?parent=89909"}],"wp:term":[{"taxonomy":"category","embeddable":true,"href":"https:\/\/www.r2cpress.com.br\/v1\/wp-json\/wp\/v2\/categories?post=89909"},{"taxonomy":"post_tag","embeddable":true,"href":"https:\/\/www.r2cpress.com.br\/v1\/wp-json\/wp\/v2\/tags?post=89909"}],"curies":[{"name":"wp","href":"https:\/\/api.w.org\/{rel}","templated":true}]}}