{"id":89913,"date":"2014-12-23T15:56:08","date_gmt":"2014-12-23T18:56:08","guid":{"rendered":"http:\/\/www.r2cpress.com.br\/v1\/?p=89913"},"modified":"2014-12-23T15:56:08","modified_gmt":"2014-12-23T18:56:08","slug":"primeira-apresentacao-do-seis-e-meia-ocorre-nesta-terca-feira-dia-23","status":"publish","type":"post","link":"https:\/\/www.r2cpress.com.br\/v1\/2014\/12\/23\/primeira-apresentacao-do-seis-e-meia-ocorre-nesta-terca-feira-dia-23\/","title":{"rendered":"Primeira apresenta\u00e7\u00e3o do Seis e Meia ocorre nesta ter\u00e7a-feira, dia 23"},"content":{"rendered":"<p><em>A cantora Amanda Andrade se apresenta \u00e0s 18h30, na Avenida Governador Paulo Souto, no Bairro Teot\u00f4nio Vilela.<\/em><\/p>\n<p><div id=\"attachment_89915\" style=\"width: 310px\" class=\"wp-caption alignright\"><a href=\"http:\/\/www.r2cpress.com.br\/v1\/wp-content\/uploads\/2014\/12\/Cantora-Amanda-Andrade-foto-Gidelzo-Silva-Secom-Ilh\u00e9us.jpg\"><img aria-describedby=\"caption-attachment-89915\" loading=\"lazy\" src=\"http:\/\/www.r2cpress.com.br\/v1\/wp-content\/uploads\/2014\/12\/Cantora-Amanda-Andrade-foto-Gidelzo-Silva-Secom-Ilh\u00e9us.jpg\" alt=\"Cantora Amanda Andrade-foto Gidelzo Silva (Secom Ilh\u00e9us)\" width=\"300\" height=\"261\" class=\"size-full wp-image-89915\" \/><\/a><p id=\"caption-attachment-89915\" class=\"wp-caption-text\">Cantora Amanda Andrade-foto Gidelzo Silva (Secom Ilh\u00e9us)<\/p><\/div>O Projeto Seis e Meia, iniciativa da Secretaria Municipal de Cultura, tem in\u00edcio nesta ter\u00e7a-feira, dia 23, na Avenida Governador Paulo Souto, no Bairro Teot\u00f4nio Vilela a partir das 18h30. A primeira apresenta\u00e7\u00e3o ficar\u00e1 por conta da cantora Amanda Andrade, que far\u00e1 uma apresenta\u00e7\u00e3o interpretando grandes sucessos da m\u00fasica popular brasileira, incluindo tr\u00eas can\u00e7\u00f5es autorais, conforme a determina\u00e7\u00e3o do projeto.  <\/p>\n<p>A iniciativa visa estimular a produ\u00e7\u00e3o art\u00edstica musical de Ilh\u00e9us, movimentando o cen\u00e1rio musical do munic\u00edpio, al\u00e9m de criar espa\u00e7o para revelar talentos e divulgar os valores art\u00edsticos da cidade. Nesta edi\u00e7\u00e3o, haver\u00e1 ainda mais quatro apresenta\u00e7\u00f5es. Na pr\u00f3xima ter\u00e7a-feira, dia 30, a iniciativa ocorre no Bairro de Oliven\u00e7a.<\/p>\n<p>Em janeiro as atividades come\u00e7am na quarta-feira, dia 7, no bairro Nossa Senhora da Vit\u00f3ria e ocorrem tamb\u00e9m nos dias 14, no Hernani S\u00e1, e 21, no Centro, marcando o encerramento da temporada.<\/p>\n<p>Amanda Andrade &#8211; Amanda come\u00e7ou a sua carreira aos nove anos de idade, quando j\u00e1 cantava na igreja de Santa Rita de C\u00e1ssia. Aos quinze anos, tornou-se profissional ao cantar em bandas como a Di Bali e vencendo diversos festivais, entre eles, o Festival de M\u00fasica do Servidor, o Trof\u00e9u Jupar\u00e1, entre outros.<\/p>\n<p>&#8212;<br \/>\nSecretaria de Comunica\u00e7\u00e3o Social \u2013 Secom<\/p>\n","protected":false},"excerpt":{"rendered":"<p>A cantora Amanda Andrade se apresenta \u00e0s 18h30, na Avenida Governador Paulo Souto, no Bairro Teot\u00f4nio Vilela. O Projeto Seis e Meia, iniciativa da Secretaria Municipal de Cultura, tem in\u00edcio nesta ter\u00e7a-feira, dia 23, na Avenida Governador Paulo Souto, no Bairro Teot\u00f4nio Vilela a partir das 18h30. A primeira apresenta\u00e7\u00e3o ficar\u00e1 por conta da cantora [&hellip;]<\/p>\n","protected":false},"author":2,"featured_media":0,"comment_status":"open","ping_status":"open","sticky":false,"template":"","format":"standard","meta":{"_links_to":"","_links_to_target":""},"categories":[23],"tags":[],"_links":{"self":[{"href":"https:\/\/www.r2cpress.com.br\/v1\/wp-json\/wp\/v2\/posts\/89913"}],"collection":[{"href":"https:\/\/www.r2cpress.com.br\/v1\/wp-json\/wp\/v2\/posts"}],"about":[{"href":"https:\/\/www.r2cpress.com.br\/v1\/wp-json\/wp\/v2\/types\/post"}],"author":[{"embeddable":true,"href":"https:\/\/www.r2cpress.com.br\/v1\/wp-json\/wp\/v2\/users\/2"}],"replies":[{"embeddable":true,"href":"https:\/\/www.r2cpress.com.br\/v1\/wp-json\/wp\/v2\/comments?post=89913"}],"version-history":[{"count":3,"href":"https:\/\/www.r2cpress.com.br\/v1\/wp-json\/wp\/v2\/posts\/89913\/revisions"}],"predecessor-version":[{"id":89917,"href":"https:\/\/www.r2cpress.com.br\/v1\/wp-json\/wp\/v2\/posts\/89913\/revisions\/89917"}],"wp:attachment":[{"href":"https:\/\/www.r2cpress.com.br\/v1\/wp-json\/wp\/v2\/media?parent=89913"}],"wp:term":[{"taxonomy":"category","embeddable":true,"href":"https:\/\/www.r2cpress.com.br\/v1\/wp-json\/wp\/v2\/categories?post=89913"},{"taxonomy":"post_tag","embeddable":true,"href":"https:\/\/www.r2cpress.com.br\/v1\/wp-json\/wp\/v2\/tags?post=89913"}],"curies":[{"name":"wp","href":"https:\/\/api.w.org\/{rel}","templated":true}]}}