{"id":89972,"date":"2014-12-26T11:07:12","date_gmt":"2014-12-26T14:07:12","guid":{"rendered":"http:\/\/www.r2cpress.com.br\/v1\/?p=89972"},"modified":"2014-12-26T11:07:12","modified_gmt":"2014-12-26T14:07:12","slug":"careca-de-falar","status":"publish","type":"post","link":"https:\/\/www.r2cpress.com.br\/v1\/2014\/12\/26\/careca-de-falar\/","title":{"rendered":"CARECA DE FALAR"},"content":{"rendered":"<h2 style=\"text-align: center;\"><span style=\"color: #000000; font-family: 'Times New Roman', sans-serif; font-size: x-large;\"><strong>CARECA DE FALAR<\/strong><\/span><\/p>\n<p><span style=\"color: #000000; font-family: 'Times New Roman', sans-serif; font-size: medium;\">Extra\u00eddo do <a href=\"http:\/\/g1.com.br\/\" target=\"_blank\">G1.COM.BR<\/a><\/span><br \/>\n<span style=\"color: #000000; font-family: 'Times New Roman', sans-serif; font-size: medium;\"><br \/>\n<\/span><br \/>\nQue sirva de mais um alerta \u00e0 popula\u00e7\u00e3o e \u00e0s autoridades municipais de Ilh\u00e9us.<\/p>\n<p><a href=\"http:\/\/g1.globo.com\/pa\/para\/noticia\/2014\/12\/piloto-de-monomotor-perde-dentes-apos-aeronave-ser-atingida-por-urubu.html\" target=\"_blank\">http:\/\/g1.globo.com\/pa\/para\/<wbr><\/wbr>noticia\/2014\/12\/piloto-de-<wbr><\/wbr>monomotor-perde-dentes-apos-<wbr><\/wbr>aeronave-ser-atingida-por-<wbr><\/wbr>urubu.html<\/a><\/h2>\n<div class=\"yj6qo ajU\">\n<div id=\":1b7\" class=\"ajR\" tabindex=\"0\" data-tooltip=\"Mostrar conte\u00fado cortado\"><img class=\"ajT\" src=\"https:\/\/ssl.gstatic.com\/ui\/v1\/icons\/mail\/images\/cleardot.gif\" alt=\"\" \/>&#8212;<\/div>\n<div class=\"ajR\" tabindex=\"0\" data-tooltip=\"Mostrar conte\u00fado cortado\"><em><strong>Enviado por Nilson Pessoa<\/strong><\/em>.<\/div>\n<\/div>\n","protected":false},"excerpt":{"rendered":"<p>CARECA DE FALAR Extra\u00eddo do G1.COM.BR Que sirva de mais um alerta \u00e0 popula\u00e7\u00e3o e \u00e0s autoridades municipais de Ilh\u00e9us. http:\/\/g1.globo.com\/pa\/para\/noticia\/2014\/12\/piloto-de-monomotor-perde-dentes-apos-aeronave-ser-atingida-por-urubu.html &#8212; Enviado por Nilson Pessoa.<\/p>\n","protected":false},"author":2,"featured_media":0,"comment_status":"open","ping_status":"open","sticky":false,"template":"","format":"standard","meta":{"_links_to":"","_links_to_target":""},"categories":[10],"tags":[],"_links":{"self":[{"href":"https:\/\/www.r2cpress.com.br\/v1\/wp-json\/wp\/v2\/posts\/89972"}],"collection":[{"href":"https:\/\/www.r2cpress.com.br\/v1\/wp-json\/wp\/v2\/posts"}],"about":[{"href":"https:\/\/www.r2cpress.com.br\/v1\/wp-json\/wp\/v2\/types\/post"}],"author":[{"embeddable":true,"href":"https:\/\/www.r2cpress.com.br\/v1\/wp-json\/wp\/v2\/users\/2"}],"replies":[{"embeddable":true,"href":"https:\/\/www.r2cpress.com.br\/v1\/wp-json\/wp\/v2\/comments?post=89972"}],"version-history":[{"count":1,"href":"https:\/\/www.r2cpress.com.br\/v1\/wp-json\/wp\/v2\/posts\/89972\/revisions"}],"predecessor-version":[{"id":89973,"href":"https:\/\/www.r2cpress.com.br\/v1\/wp-json\/wp\/v2\/posts\/89972\/revisions\/89973"}],"wp:attachment":[{"href":"https:\/\/www.r2cpress.com.br\/v1\/wp-json\/wp\/v2\/media?parent=89972"}],"wp:term":[{"taxonomy":"category","embeddable":true,"href":"https:\/\/www.r2cpress.com.br\/v1\/wp-json\/wp\/v2\/categories?post=89972"},{"taxonomy":"post_tag","embeddable":true,"href":"https:\/\/www.r2cpress.com.br\/v1\/wp-json\/wp\/v2\/tags?post=89972"}],"curies":[{"name":"wp","href":"https:\/\/api.w.org\/{rel}","templated":true}]}}