{"id":89977,"date":"2014-12-26T15:49:52","date_gmt":"2014-12-26T18:49:52","guid":{"rendered":"http:\/\/www.r2cpress.com.br\/v1\/?p=89977"},"modified":"2014-12-26T15:49:52","modified_gmt":"2014-12-26T18:49:52","slug":"iluminacao-do-estadio-mario-pessoa-passa-por-ultimos-ajustes","status":"publish","type":"post","link":"https:\/\/www.r2cpress.com.br\/v1\/2014\/12\/26\/iluminacao-do-estadio-mario-pessoa-passa-por-ultimos-ajustes\/","title":{"rendered":"Ilumina\u00e7\u00e3o do Est\u00e1dio M\u00e1rio Pessoa passa por \u00faltimos ajustes"},"content":{"rendered":"<p align=\"center\"><i>Em teste realizado na ter\u00e7a-feira, 23 de dezembro, 98% do sistema de ilumina\u00e7\u00e3o j\u00e1 estava funcionando.<\/i><\/p>\n<div id=\"attachment_89978\" style=\"width: 560px\" class=\"wp-caption aligncenter\"><a href=\"http:\/\/www.r2cpress.com.br\/v1\/wp-content\/uploads\/2014\/12\/Instala\u00e7\u00e3o-dos-refletores-nos-postes-do-est\u00e1dio-M\u00e1rio-Pessoa-Foto-Alfredo-Filho-7.jpg\"><img aria-describedby=\"caption-attachment-89978\" loading=\"lazy\" class=\"size-full wp-image-89978\" src=\"http:\/\/www.r2cpress.com.br\/v1\/wp-content\/uploads\/2014\/12\/Instala\u00e7\u00e3o-dos-refletores-nos-postes-do-est\u00e1dio-M\u00e1rio-Pessoa-Foto-Alfredo-Filho-7.jpg\" alt=\"Instala\u00e7\u00e3o dos refletores nos postes do est\u00e1dio M\u00e1rio Pessoa - Foto Alfredo Filho.\" width=\"550\" height=\"367\" srcset=\"https:\/\/www.r2cpress.com.br\/v1\/wp-content\/uploads\/2014\/12\/Instala\u00e7\u00e3o-dos-refletores-nos-postes-do-est\u00e1dio-M\u00e1rio-Pessoa-Foto-Alfredo-Filho-7.jpg 550w, https:\/\/www.r2cpress.com.br\/v1\/wp-content\/uploads\/2014\/12\/Instala\u00e7\u00e3o-dos-refletores-nos-postes-do-est\u00e1dio-M\u00e1rio-Pessoa-Foto-Alfredo-Filho-7-300x200.jpg 300w\" sizes=\"(max-width: 550px) 100vw, 550px\" \/><\/a><p id=\"caption-attachment-89978\" class=\"wp-caption-text\">Instala\u00e7\u00e3o dos refletores nos postes do est\u00e1dio M\u00e1rio Pessoa &#8211; Foto Alfredo Filho.<\/p><\/div>\n<p>O Est\u00e1dio Municipal M\u00e1rio Pessoa, localizado no Bairro Cidade Nova, em Ilh\u00e9us, passa pelos \u00faltimos ajustes em seu novo sistema de ilumina\u00e7\u00e3o. Em teste realizado na ter\u00e7a-feira, 23 de dezembro, 98% do sistema j\u00e1 estava funcionando. A nova aparelhagem resulta de uma solicita\u00e7\u00e3o do prefeito Jabes Ribeiro e do presidente da C\u00e2mara de Vereadores, Josevaldo Machado, \u00e0 Superintend\u00eancia dos Desportos do Estado da Bahia (Sudesb), vinculada \u00e0 Secretaria\u00a0Estadual do Trabalho, Emprego, Renda e Esporte.<\/p>\n<p>A nova ilumina\u00e7\u00e3o \u00e9 composta por 64 refletores, distribu\u00eddos em quatro torres, que possibilitar\u00e1 a transmiss\u00e3o dos jogos pelas emissoras de televis\u00e3o. De acordo com o titular da Secretaria Municipal de Desenvolvimento Urbano (Sedur), Isaac Albagli, o servi\u00e7o \u00e9 feito pela empresa Via Reta (vencedora da licita\u00e7\u00e3o), sob a supervis\u00e3o do Engenheiro El\u00e9trico Hamilton Caldeira. O secret\u00e1rio afirmou que o primeiro teste realizado no sistema de ilumina\u00e7\u00e3o foi um sucesso, ficando para os primeiros dias de 2015 apenas ajustes na angula\u00e7\u00e3o dos refletores e servi\u00e7os b\u00e1sicos por conta da Coelba.<\/p>\n<p>O novo sistema, que atende a reivindica\u00e7\u00e3o do da comunidade esportiva de Ilh\u00e9us, \u00a0permitir\u00e1 que Colo-Colo Futebol e Regatas, representante de Ilh\u00e9us na primeira divis\u00e3o do Campeonato Baiano Profissional, mande seus jogos de 2015 em casa, inclusive \u00e0 noite. Al\u00e9m disso, vai beneficiar as equipes da Liga Ilheense de Futebol (LIF), cujos atletas sempre treinam durante \u00e0 noite.<\/p>\n<p><b>Mais obras\u00a0&#8211;<\/b>\u00a0Segundo Hermano Fahning, engenheiro civil do munic\u00edpio e um dos diretores do Colo-Colo, a prefeitura tamb\u00e9m est\u00e1 executando obras para a melhoria na infraestrutura do est\u00e1dio, a exemplo da pintura geral, reforma geral dos vesti\u00e1rios, inclusive o dos \u00e1rbitros, reparo nos alambrados, na sinaliza\u00e7\u00e3o de emerg\u00eancia, al\u00e9m de ro\u00e7agem e prepara\u00e7\u00e3o do gramado.<\/p>\n<p>\u201cPossuir um est\u00e1dio com um iluminamento melhor se tornou um requisito obrigat\u00f3rio, para que o Colo-Colo possa sediar seus jogos na elite do futebol baiano, perto da torcida. O Est\u00e1dio M\u00e1rio Pessoa depois de passar por mais esta reforma, dar\u00e1 a comunidade ilheense, um espa\u00e7o melhor iluminado, com possibilidades para ocorrer mais campeonatos esportivos\u201d, declarou o engenheiro.<\/p>\n<p>&#8212;<\/p>\n<p>&nbsp;<\/p>\n<p>Secretaria de Comunica\u00e7\u00e3o Social \u2013 Secom<\/p>\n","protected":false},"excerpt":{"rendered":"<p>Em teste realizado na ter\u00e7a-feira, 23 de dezembro, 98% do sistema de ilumina\u00e7\u00e3o j\u00e1 estava funcionando. O Est\u00e1dio Municipal M\u00e1rio Pessoa, localizado no Bairro Cidade Nova, em Ilh\u00e9us, passa pelos \u00faltimos ajustes em seu novo sistema de ilumina\u00e7\u00e3o. Em teste realizado na ter\u00e7a-feira, 23 de dezembro, 98% do sistema j\u00e1 estava funcionando. A nova aparelhagem [&hellip;]<\/p>\n","protected":false},"author":2,"featured_media":0,"comment_status":"open","ping_status":"open","sticky":false,"template":"","format":"standard","meta":{"_links_to":"","_links_to_target":""},"categories":[23],"tags":[],"_links":{"self":[{"href":"https:\/\/www.r2cpress.com.br\/v1\/wp-json\/wp\/v2\/posts\/89977"}],"collection":[{"href":"https:\/\/www.r2cpress.com.br\/v1\/wp-json\/wp\/v2\/posts"}],"about":[{"href":"https:\/\/www.r2cpress.com.br\/v1\/wp-json\/wp\/v2\/types\/post"}],"author":[{"embeddable":true,"href":"https:\/\/www.r2cpress.com.br\/v1\/wp-json\/wp\/v2\/users\/2"}],"replies":[{"embeddable":true,"href":"https:\/\/www.r2cpress.com.br\/v1\/wp-json\/wp\/v2\/comments?post=89977"}],"version-history":[{"count":2,"href":"https:\/\/www.r2cpress.com.br\/v1\/wp-json\/wp\/v2\/posts\/89977\/revisions"}],"predecessor-version":[{"id":89980,"href":"https:\/\/www.r2cpress.com.br\/v1\/wp-json\/wp\/v2\/posts\/89977\/revisions\/89980"}],"wp:attachment":[{"href":"https:\/\/www.r2cpress.com.br\/v1\/wp-json\/wp\/v2\/media?parent=89977"}],"wp:term":[{"taxonomy":"category","embeddable":true,"href":"https:\/\/www.r2cpress.com.br\/v1\/wp-json\/wp\/v2\/categories?post=89977"},{"taxonomy":"post_tag","embeddable":true,"href":"https:\/\/www.r2cpress.com.br\/v1\/wp-json\/wp\/v2\/tags?post=89977"}],"curies":[{"name":"wp","href":"https:\/\/api.w.org\/{rel}","templated":true}]}}