{"id":89987,"date":"2014-12-27T09:28:46","date_gmt":"2014-12-27T12:28:46","guid":{"rendered":"http:\/\/www.r2cpress.com.br\/v1\/?p=89987"},"modified":"2014-12-27T09:28:46","modified_gmt":"2014-12-27T12:28:46","slug":"noticias-da-avep-53","status":"publish","type":"post","link":"https:\/\/www.r2cpress.com.br\/v1\/2014\/12\/27\/noticias-da-avep-53\/","title":{"rendered":"NOT\u00cdCIAS DA AVEP"},"content":{"rendered":"<h2 style=\"text-align: center;\"><span style=\"color: #000000;\"><strong>PELUDO E SILVIO REIS GANHAM NA FINAL<\/strong><\/span><\/h2>\n<p><img loading=\"lazy\" class=\"alignleft\" src=\"http:\/\/www.r2cpress.com.br\/v1\/wp-content\/uploads\/CART%C3%83O-HECKEL-AVEP-300x115.jpg\" alt=\"\" width=\"300\" height=\"115\" \/>Em raz\u00e3o dos festejos natalinos atrasamos um pouco este Not\u00edcias da Avep, motivo de reclama\u00e7\u00f5es de interessados. Lamentamos tamb\u00e9m, mas as fotos novamente sa\u00edram desfocadas. Sem nenhum defeito aparente na c\u00e2mara, ent\u00e3o a escarafunchando mais ami\u00fade, notamos que a lente do obturador estava suja em raz\u00e3o da maresia. Falta de experi\u00eancia, naturalmente. Problema solucionado, mas s\u00f3 pra pr\u00f3xima.<\/p>\n<p>Na \u00faltima rodada de \u201cbabas de praia\u201d da Programa\u00e7\u00e3o 2014 da Avep-Associa\u00e7\u00e3o dos Veteranos de Esporte Praiano, realizada domingo(21) pela manh\u00e3 na praia, como de praxe, da Av. Soares Lopes(imedia\u00e7\u00f5es da <em>Tenda Teatro Popular de Ilh\u00e9us), no <strong>Campo\u00a0 1 ou Grimaldo<\/strong>, <\/em>a equipe do\u00a0 <strong><em>Capit\u00e3o Silvio Reis <\/em><\/strong>venceu a do <strong><em>Capit\u00e3o Haroldo<\/em><\/strong> pelo escore de 4 a 1. No <strong><em>2 ou Martial<\/em><\/strong>, a do <strong><em>Capit\u00e3o Djalma Peludo<\/em><\/strong> abateu a do <strong><em>Capit\u00e3o Crispiniano da Galera do Fla<\/em><\/strong> por 7 a 3. No primeiro o <strong><em>atacante Wagner<\/em><\/strong> fez 4 gols e o <strong><em>beque-de-espera Paulo Gois<\/em><\/strong> do mesmo quadro fez um contra. No segundo, dos sete o atacante <strong><em>Renatinho<\/em><\/strong> fez 4, <strong><em>Paulo Bundinha<\/em><\/strong> 2 e <strong><em>Duda Reis<\/em><\/strong> 1; para os derrotados marcaram os <strong><em>atacantes Lu\u00eds Humberto e Tabosa\u00a0 e o meia Zugaib. <\/em><\/strong><\/p>\n<p>Os \u00e1rbitros Wil<strong><em>son Salviano(Campo1) e Carlos Santos Cardoso<\/em><\/strong>, ambos da <strong><em>Liga Ilheense de Futebol<\/em><\/strong>, de acordo os coment\u00e1rios, atuaram bem.<\/p>\n<p><em>Equipes no Campo 1: (<strong>Cap. Silvio Rei<\/strong>s): Rosivaldo, Ti\u00faba, Everaldo Cabe\u00e7a de Flande, Silvio Reis,\u00a0 Paulo Gois, Vado, Erisvan, Sena, Ralio e Wagner\u00a0 <strong>X (Cap. Haroldo<\/strong>): Ricardo, Valmick, Jorge Reis, Mario Cabe\u00e7a Branca, Danilo, Haroldo, Luis Eduardo, Caio, Wendell e Carqueija<\/em><\/p>\n<p><em>Equipes no Campo 2: (<strong>Cap. Djalma Peludo<\/strong>): Pedro Paulo Chama Gol, Alvinho da Financeira, Djalma Peludo, Heckel, Eduardo Japon\u00eas, Adauto, Silva, Nilton(depois Paulo Bundinha no intervalo do jogo), Duda Pantera e Renatinho\u00a0 <strong>X <\/strong>\u00a0(<strong>Cap. Crispiniano da Galera do Fla)<\/strong> Zeca do PT, Galletti, Muritiba, Passos, Melga\u00e7o, Luis Humberto,\u00a0 Zugaib, Tabosa, Torquato e Crispiniano da Galera do Fla<\/em><\/p>\n<p>O <em>m\u00e9dio volante Erisvan <\/em>recebeu em <em>sequ\u00eancia Cart\u00e3o Amarelo, Azul e Vermelho<\/em>.<\/p>\n<p>No campo onde jogou este atleta destacou-se o <em>atacante Wagner<\/em> que, al\u00e9m de uma boa atua\u00e7\u00e3o marcou os quatros gols da partida. No Campo 2 tamb\u00e9m com boa atua\u00e7\u00e3o foram destaques o <em>avante Renatinho,<\/em> marcando 4 gols na competi\u00e7\u00e3o, <em>o beque-de-espera Alvinho da Financeira <\/em>e o <em>lateral esquerdo Eduardo Japon\u00eas<\/em>.<\/p>\n<p><strong>FAM\u00cdLIA ARAG\u00c3O\u00a0 X\u00a0 FAM\u00cdLIA AMORIM<\/strong><\/p>\n<p><!--more--><\/p>\n<p>No Campo 1, estavam atuando numa equipe o <em>zagueiro direito defensivo e \u2018atacativo\u2019 Everaldo (Arag\u00e3o) Cabe\u00e7a de Flande e o filho, atacante Wagner<\/em> , e noutra \u00a0o <em>ala direito Mario Cabe\u00e7a Branca e o filho<\/em>,\u00a0 <em>volante Danilo<\/em>. Ap\u00f3s o jogo comentou-se de sacanagem que a <strong><em>Fam\u00edlia Arag\u00e3o<\/em><\/strong> havia derrotado a <strong><em>Fam\u00edlia Amorim.<\/em><\/strong>\u00a0 Diz-se que <em>Cabe\u00e7a Branca<\/em> n\u00e3o aceitou o coment\u00e1rio e alegou aus\u00eancia do outro filho, o <em>avante velocista Mario Filho<\/em>. Meio a discuss\u00e3o entra com a \u2018delicadeza\u2019 que lhe \u00e9 peculiar, o <strong><em>centroavante Torquato<\/em><\/strong> que tamb\u00e9m \u00e9 Amorim e dispara: \u201c\u00d3 seu Everaldo Cabe\u00e7a de Flande, nessa voc\u00ea nos pegou de surpresa, mas pode marcar um jogo com onze de cada lado, que \u00a0vou trazer meu <strong><em>irm\u00e3o <\/em><\/strong>\u00a0<em>Ederlane Amorim<\/em> e uns cinco do <strong><em>Esporte Clube Primeiro Passo Vit\u00f3ria da Conquista<\/em><\/strong>. E escreva com letras garrafais desde j\u00e1: vai tomar de goleada. Sim, pode convidar para completar seus craques que a gente n\u00e3o tem medo n\u00e3o\u201d. A discuss\u00e3o evoluiu tanto que o compromisso da partida ser\u00e1 registrado em cart\u00f3rio com testemunhas e tudo o mais exigido por lei.<\/p>\n<p><strong>\u201cAVO\u201d FAZ FESTA DE CONFRATERNIZA\u00c7\u00c3O<\/strong><\/p>\n<p>A AVO-Associa\u00e7\u00e3o de Veteranos do Outeiro, parceira da Banda Podre, fac\u00e7\u00e3o avepiana para jogos aleat\u00f3rios, realizou dia 14 sua festa de confraterniza\u00e7\u00e3o numa barraca de praia perto de Oliven\u00e7a. Segundo associados desta entidade, o <strong><em>beque Paulo Gois<\/em><\/strong>, tamb\u00e9m integrante da referida agremia\u00e7\u00e3o, soltou a franga pra valer. Dan\u00e7ou at\u00e9 a \u201cdan\u00e7a da garrafa\u201d com um seu amiguinho secreto.<\/p>\n<p><strong>NOT\u00cdCIARIO \u201cBANDA PODRE\u201d<\/strong><\/p>\n<p>O promoter <strong><em>Zezinho da Baixa Fria<\/em><\/strong> reconfirma os \u201cbabas\u201d da Banda Podre.<\/p>\n<p><strong><em>Dia 4 de Janeiro<\/em><\/strong><\/p>\n<p><em>Local: Praia da Avenida Soares Lopes(imedia\u00e7\u00f5es da Tenda Teatro Popular de Ilh\u00e9us)<\/em><\/p>\n<p><em>Assinatura: a partir das 7 horas da matina<\/em><\/p>\n<p><strong><em>Dia 8 de Fevereiro<\/em><\/strong><\/p>\n<p><strong><em>5\u00ba Baba das Estrelas\u00a0 (dois \u201ccampos\u201d) e o 1\u00ba Grito de Carnaval da Banda Podre<\/em><\/strong><\/p>\n<p><em>Local dos jogos: Praia da Avenida Soares Lopes(imedia\u00e7\u00f5es da Tenda Teatro Popular de Ilh\u00e9us)<\/em><\/p>\n<p><em>Assinatura: a partir das 7 horas da matina<\/em><\/p>\n<p><em>Local do evento carnavalesco com cerveja na marra e Trio El\u00e9trico: Baixa Fria<\/em><\/p>\n<p><strong><em>Obs<\/em><\/strong><em>. Aquisi\u00e7\u00e3o das camisas do evento com o promoter Zezinho a um pre\u00e7o de $ 30,00 (trinta reais). EST\u00c3O ACABANDO<\/em><\/p>\n<p><strong>ZONA NORTE\u00a0 X\u00a0 ZONA SUL<\/strong><\/p>\n<p>Mantendo a larga vantagem na competi\u00e7\u00e3o, mais uma vez a <strong>Zona Norte<\/strong> derrotou a <strong>Zona Sul<\/strong> pelo escore de 5 a 2 no tradicional\u00edssimo \u201cbaba de praia\u201d de fim de ano da Associa\u00e7\u00e3o dos Funcion\u00e1rios da Ceplac \u2013 de Ilh\u00e9us<\/p>\n<p>Dia: 20\/12\/2014. Local: Praia onde fica localizada a sede desta associa\u00e7\u00e3o \u2013 km 0 da rodovia Ilh\u00e9us\/Oliven\u00e7a<\/p>\n<p>Obs. Considera-se integrante da Zona Norte moradores associados depois da cabeceira da ponte, lado Ilh\u00e9us. Da Zona Sul, lado Pontal.<\/p>\n<p>\u00d3bvio, falamos da <strong><em>Ponte Lomanto Junior<\/em><\/strong>, mesmo porque outra esperada, embora os servi\u00e7os tenham come\u00e7ado, as obras neste momento encontram-se paralisadas, supostamente por irregularidade da firma construtora.<\/p>\n","protected":false},"excerpt":{"rendered":"<p>PELUDO E SILVIO REIS GANHAM NA FINAL Em raz\u00e3o dos festejos natalinos atrasamos um pouco este Not\u00edcias da Avep, motivo de reclama\u00e7\u00f5es de interessados. Lamentamos tamb\u00e9m, mas as fotos novamente sa\u00edram desfocadas. Sem nenhum defeito aparente na c\u00e2mara, ent\u00e3o a escarafunchando mais ami\u00fade, notamos que a lente do obturador estava suja em raz\u00e3o da maresia. [&hellip;]<\/p>\n","protected":false},"author":2,"featured_media":0,"comment_status":"open","ping_status":"open","sticky":false,"template":"","format":"standard","meta":{"_links_to":"","_links_to_target":""},"categories":[11],"tags":[],"_links":{"self":[{"href":"https:\/\/www.r2cpress.com.br\/v1\/wp-json\/wp\/v2\/posts\/89987"}],"collection":[{"href":"https:\/\/www.r2cpress.com.br\/v1\/wp-json\/wp\/v2\/posts"}],"about":[{"href":"https:\/\/www.r2cpress.com.br\/v1\/wp-json\/wp\/v2\/types\/post"}],"author":[{"embeddable":true,"href":"https:\/\/www.r2cpress.com.br\/v1\/wp-json\/wp\/v2\/users\/2"}],"replies":[{"embeddable":true,"href":"https:\/\/www.r2cpress.com.br\/v1\/wp-json\/wp\/v2\/comments?post=89987"}],"version-history":[{"count":2,"href":"https:\/\/www.r2cpress.com.br\/v1\/wp-json\/wp\/v2\/posts\/89987\/revisions"}],"predecessor-version":[{"id":89989,"href":"https:\/\/www.r2cpress.com.br\/v1\/wp-json\/wp\/v2\/posts\/89987\/revisions\/89989"}],"wp:attachment":[{"href":"https:\/\/www.r2cpress.com.br\/v1\/wp-json\/wp\/v2\/media?parent=89987"}],"wp:term":[{"taxonomy":"category","embeddable":true,"href":"https:\/\/www.r2cpress.com.br\/v1\/wp-json\/wp\/v2\/categories?post=89987"},{"taxonomy":"post_tag","embeddable":true,"href":"https:\/\/www.r2cpress.com.br\/v1\/wp-json\/wp\/v2\/tags?post=89987"}],"curies":[{"name":"wp","href":"https:\/\/api.w.org\/{rel}","templated":true}]}}