{"id":89993,"date":"2014-12-27T21:31:14","date_gmt":"2014-12-28T00:31:14","guid":{"rendered":"http:\/\/www.r2cpress.com.br\/v1\/?p=89993"},"modified":"2014-12-27T21:31:14","modified_gmt":"2014-12-28T00:31:14","slug":"incendio-no-lixao-do-caic","status":"publish","type":"post","link":"https:\/\/www.r2cpress.com.br\/v1\/2014\/12\/27\/incendio-no-lixao-do-caic\/","title":{"rendered":"INC\u00caNDIO NO LIX\u00c3O DO CAIC"},"content":{"rendered":"<h2 style=\"text-align: center;\"><span style=\"color: #000000;\"><strong>ATEN\u00c7\u00c3O: SOS &#8211; LIX\u00c3O PEGANDO FOGO!<\/strong><\/span><\/h2>\n<p>Neste momento o lix\u00e3o do CAIC em chamas, moradores e visitantes do caminho 20 e da 2\u00aa etapa do bairro, est\u00e3o sofrendo com a fuma\u00e7a e resid\u00eancias ao lado do lix\u00e3o podem ser atingidas pelo fogo.<\/p>\n<div id=\"attachment_89994\" style=\"width: 560px\" class=\"wp-caption aligncenter\"><a href=\"http:\/\/www.r2cpress.com.br\/v1\/wp-content\/uploads\/2014\/12\/LIX\u00c3O-CAIC.jpg\"><img aria-describedby=\"caption-attachment-89994\" loading=\"lazy\" class=\"size-full wp-image-89994\" src=\"http:\/\/www.r2cpress.com.br\/v1\/wp-content\/uploads\/2014\/12\/LIX\u00c3O-CAIC.jpg\" alt=\"LIX\u00c3O CAIC\" width=\"550\" height=\"413\" srcset=\"https:\/\/www.r2cpress.com.br\/v1\/wp-content\/uploads\/2014\/12\/LIX\u00c3O-CAIC.jpg 550w, https:\/\/www.r2cpress.com.br\/v1\/wp-content\/uploads\/2014\/12\/LIX\u00c3O-CAIC-300x225.jpg 300w\" sizes=\"(max-width: 550px) 100vw, 550px\" \/><\/a><p id=\"caption-attachment-89994\" class=\"wp-caption-text\">LIX\u00c3O CAIC<\/p><\/div>\n<p>A Prefeitura Municipal n\u00e3o recolhe os res\u00edduos h\u00e1 mais de 60 dias, Essa a\u00e7\u00e3o era realizada semanalmente.<\/p>\n<p>&#8212;<\/p>\n<p>Odailson Lelis Aranha<\/p>\n<p>&nbsp;<\/p>\n","protected":false},"excerpt":{"rendered":"<p>ATEN\u00c7\u00c3O: SOS &#8211; LIX\u00c3O PEGANDO FOGO! Neste momento o lix\u00e3o do CAIC em chamas, moradores e visitantes do caminho 20 e da 2\u00aa etapa do bairro, est\u00e3o sofrendo com a fuma\u00e7a e resid\u00eancias ao lado do lix\u00e3o podem ser atingidas pelo fogo. A Prefeitura Municipal n\u00e3o recolhe os res\u00edduos h\u00e1 mais de 60 dias, Essa [&hellip;]<\/p>\n","protected":false},"author":2,"featured_media":0,"comment_status":"open","ping_status":"open","sticky":false,"template":"","format":"standard","meta":{"_links_to":"","_links_to_target":""},"categories":[10],"tags":[],"_links":{"self":[{"href":"https:\/\/www.r2cpress.com.br\/v1\/wp-json\/wp\/v2\/posts\/89993"}],"collection":[{"href":"https:\/\/www.r2cpress.com.br\/v1\/wp-json\/wp\/v2\/posts"}],"about":[{"href":"https:\/\/www.r2cpress.com.br\/v1\/wp-json\/wp\/v2\/types\/post"}],"author":[{"embeddable":true,"href":"https:\/\/www.r2cpress.com.br\/v1\/wp-json\/wp\/v2\/users\/2"}],"replies":[{"embeddable":true,"href":"https:\/\/www.r2cpress.com.br\/v1\/wp-json\/wp\/v2\/comments?post=89993"}],"version-history":[{"count":1,"href":"https:\/\/www.r2cpress.com.br\/v1\/wp-json\/wp\/v2\/posts\/89993\/revisions"}],"predecessor-version":[{"id":89995,"href":"https:\/\/www.r2cpress.com.br\/v1\/wp-json\/wp\/v2\/posts\/89993\/revisions\/89995"}],"wp:attachment":[{"href":"https:\/\/www.r2cpress.com.br\/v1\/wp-json\/wp\/v2\/media?parent=89993"}],"wp:term":[{"taxonomy":"category","embeddable":true,"href":"https:\/\/www.r2cpress.com.br\/v1\/wp-json\/wp\/v2\/categories?post=89993"},{"taxonomy":"post_tag","embeddable":true,"href":"https:\/\/www.r2cpress.com.br\/v1\/wp-json\/wp\/v2\/tags?post=89993"}],"curies":[{"name":"wp","href":"https:\/\/api.w.org\/{rel}","templated":true}]}}